{"id":1034,"date":"2016-05-30T09:40:27","date_gmt":"2016-05-30T12:40:27","guid":{"rendered":"http:\/\/www.secpf.com.br\/site\/?p=1034"},"modified":"2026-04-10T08:41:25","modified_gmt":"2026-04-10T11:41:25","slug":"franca-sem-jornal-por-um-dia","status":"publish","type":"post","link":"https:\/\/www.secpf.com.br\/site\/franca-sem-jornal-por-um-dia\/","title":{"rendered":"Fran\u00e7a sem jornal por um dia"},"content":{"rendered":"<p>Os conservadores acham que os movimentos sociais exageram no Brasil.<\/p>\n<p>Os mais reacion\u00e1rios querem manifestantes apenas em cima da cal\u00e7ada e fora de hor\u00e1rio de trabalho.<\/p>\n<p>Nada deve parar a ordem e o progresso.<\/p>\n<p>Na Fran\u00e7a, que se revolta contra modifica\u00e7\u00f5es na legisla\u00e7\u00e3o trabalhista jamais apresentadas em programa eleitoral, a CGT impediu todos os jornais de Paris de circular na \u00faltima quinta-feira.<\/p>\n<p>Apenas o velho jornal comunista L\u2019Humanit\u00e9 saiu.<\/p>\n<p>Por qu\u00ea?<\/p>\n<p>A CGT queria publicar um artigo em todos os jornais contra as mudan\u00e7as nas leis trabalhistas.<\/p>\n<p>Os jornais n\u00e3o aceitaram a imposi\u00e7\u00e3o.<\/p>\n<p>As gr\u00e1ficas foram bloqueadas. Nenhum jornal circulou.<\/p>\n<p>Uau!<\/p>\n<p>&nbsp;<\/p>\n<p><span style=\"font-size: 10pt;\"><em><span style=\"font-family: georgia, palatino, serif;\">Por <strong>Juremir Machado da Silva<\/strong><\/span><\/em><\/span><br \/>\n<span style=\"font-size: 10pt;\"><em><span style=\"font-family: georgia, palatino, serif;\">Postado em 29 de maio de 2016<\/span><\/em><\/span><br \/>\n<span style=\"font-size: 10pt;\"><em><span style=\"font-family: georgia, palatino, serif;\"><a href=\"http:\/\/www.correiodopovo.com.br\/blogs\/juremirmachado\/\" target=\"_blank\">Site do Jornal Correio do Povo<\/a><\/span><\/em><\/span><\/p>\n","protected":false},"excerpt":{"rendered":"<p>Os conservadores acham que os movimentos sociais exageram no Brasil. Os mais reacion\u00e1rios querem manifestantes apenas em cima da cal\u00e7ada<\/p>\n","protected":false},"author":1,"featured_media":1035,"comment_status":"closed","ping_status":"open","sticky":false,"template":"","format":"standard","meta":{"colormag_page_container_layout":"default_layout","colormag_page_sidebar_layout":"default_layout","footnotes":""},"categories":[5],"tags":[187,188,189],"class_list":["post-1034","post","type-post","status-publish","format-standard","has-post-thumbnail","hentry","category-noticias","tag-franca","tag-jornal","tag-trabalho"],"_links":{"self":[{"href":"https:\/\/www.secpf.com.br\/site\/wp-json\/wp\/v2\/posts\/1034","targetHints":{"allow":["GET"]}}],"collection":[{"href":"https:\/\/www.secpf.com.br\/site\/wp-json\/wp\/v2\/posts"}],"about":[{"href":"https:\/\/www.secpf.com.br\/site\/wp-json\/wp\/v2\/types\/post"}],"author":[{"embeddable":true,"href":"https:\/\/www.secpf.com.br\/site\/wp-json\/wp\/v2\/users\/1"}],"replies":[{"embeddable":true,"href":"https:\/\/www.secpf.com.br\/site\/wp-json\/wp\/v2\/comments?post=1034"}],"version-history":[{"count":1,"href":"https:\/\/www.secpf.com.br\/site\/wp-json\/wp\/v2\/posts\/1034\/revisions"}],"predecessor-version":[{"id":1036,"href":"https:\/\/www.secpf.com.br\/site\/wp-json\/wp\/v2\/posts\/1034\/revisions\/1036"}],"wp:featuredmedia":[{"embeddable":true,"href":"https:\/\/www.secpf.com.br\/site\/wp-json\/wp\/v2\/media\/1035"}],"wp:attachment":[{"href":"https:\/\/www.secpf.com.br\/site\/wp-json\/wp\/v2\/media?parent=1034"}],"wp:term":[{"taxonomy":"category","embeddable":true,"href":"https:\/\/www.secpf.com.br\/site\/wp-json\/wp\/v2\/categories?post=1034"},{"taxonomy":"post_tag","embeddable":true,"href":"https:\/\/www.secpf.com.br\/site\/wp-json\/wp\/v2\/tags?post=1034"}],"curies":[{"name":"wp","href":"https:\/\/api.w.org\/{rel}","templated":true}]}}