{"id":1056,"date":"2016-06-18T11:50:54","date_gmt":"2016-06-18T14:50:54","guid":{"rendered":"http:\/\/www.secpf.com.br\/site\/?p=1056"},"modified":"2026-04-10T08:41:24","modified_gmt":"2026-04-10T11:41:24","slug":"a-astuciosa-logica-dos-que-condenam-manifestacoes-fazendo-se-de-democratas","status":"publish","type":"post","link":"https:\/\/www.secpf.com.br\/site\/a-astuciosa-logica-dos-que-condenam-manifestacoes-fazendo-se-de-democratas\/","title":{"rendered":"A astuciosa l\u00f3gica dos que condenam manifesta\u00e7\u00f5es fazendo-se de democratas"},"content":{"rendered":"<p style=\"text-align: right;\"><span style=\"font-family: georgia, palatino, serif; color: #ff0000;\"><em>Por Juremir Machado da Silva<\/em><\/span><\/p>\n<p>H\u00e1 um discurso ardiloso contra manifestantes. Esse discurso nunca se op\u00f5e diretamente \u00e0 liberdade de manifesta\u00e7\u00e3o. Mas contra a forma de se manifestar. Jamais se ocupa da causa das manifesta\u00e7\u00f5es. Sempre dos efeitos. N\u00e3o se interessa em fazer perguntas simples:<\/p>\n<ul>\n<li>Por que estudantes foram obrigados a ocupar escolas?<\/li>\n<li>Por que professores foram obrigados a ocupar o CAFF?<\/li>\n<li>Por que estudantes ocuparam o pr\u00e9dio da Fazenda?<\/li>\n<li>Quem criou a m\u00e1 qualidades das escolas (chove dentro, faltam professores, as instala\u00e7\u00f5es s\u00e3o prec\u00e1rias\u2026)?<\/li>\n<\/ul>\n<p>O antimanifestante s\u00f3 pensa em si.<\/p>\n<p>Pratica um ego\u00edsmo repressivo Discurso extremista, denuncia o suposto extremismo dos manifestantes.<\/p>\n<ul>\n<li>Por que eles precisam atrapalhar o tr\u00e2nsito?<\/li>\n<li>Por que n\u00e3o andam pelas cal\u00e7adas?<\/li>\n<li>Por que invadem pr\u00e9dios p\u00fablicos?<\/li>\n<\/ul>\n<p>Uma manifesta\u00e7\u00e3o s\u00f3 surte efeito se provocar algum inc\u00f4modo. O resto \u00e9 utopia ou enrola\u00e7\u00e3o de quem pretende manipular os insatisfeito. Desatendido, ignorado, sem negocia\u00e7\u00e3o, o manifestante \u00e9 obrigado a adotar a\u00e7\u00f5es que despertem a sociedade do seu marasmo. Na Europa, que os antimanifestantes adoram citar como exemplo de tudo, manifesta\u00e7\u00f5es bloqueiam estradas, ocupam pr\u00e9dios e queimam carros. A pol\u00edcia negocia e reprime. Parte da grande m\u00eddia, condena. Outra parte, busca compreender as causas. Aqui, a m\u00eddia sempre condena. Salvo exce\u00e7\u00f5es. O ideal \u00e9 o manifestante humilde, chamado de sensato.<\/p>\n<p>\u00c9 um discurso do poder. Mostra uma vis\u00e3o autorit\u00e1ria. Vereadores, deputados, secret\u00e1rios de Estado, prefeitos e governadores t\u00eam seus sal\u00e1rios corrigidos em parcela \u00fanica. Funcion\u00e1rios s\u00e3o \u201cconvidados\u201d a aceitar parcelamento. A justi\u00e7a cuida primeiro do seu pir\u00e3o. Paga-se polpudos aux\u00edlios. \u00c9 lenta. Salvo para julgar interesses de antimanifestantes e determinar reintegra\u00e7\u00f5es de posse de pr\u00e9dios p\u00fablicos. A m\u00eddia conservadora reverbera solene:<\/p>\n<ul>\n<li>\u00c9 crime invadir pr\u00e9dio p\u00fablico.<\/li>\n<\/ul>\n<p>Crime como estrat\u00e9gia de dissuas\u00e3o. Na hora, precisa negociar. \u00c9 acontecimento pol\u00edtico derivado de a\u00e7\u00f5es ou ina\u00e7\u00f5es pol\u00edticas. Transformar justas reivindica\u00e7\u00f5es sociais em casos de pol\u00edcia \u00e9 uma velha ideologia conservadora. Mandar para o Pres\u00eddio Central quem entrou num pr\u00e9dio p\u00fablico para se fazer ouvir por uma burocracia indiferente \u00e9 aplicar pena de morte por infra\u00e7\u00e3o de tr\u00e2nsito. Outra ast\u00facia \u00e9 transformar funcion\u00e1rio p\u00fablico em \u201ccorpora\u00e7\u00e3o\u201d. Tem membro de \u201ccorpora\u00e7\u00e3o\u201d ganhando menos do que sal\u00e1rio m\u00ednimo. Corpora\u00e7\u00e3o \u00e9 a dos magistrados. Coisa assim. A lei \u00e9 a lei, dizem os \u201csensatos\u201d. A lei do piso do magist\u00e9rio n\u00e3o \u00e9 cumprida. Quem se lembra disso?<\/p>\n<p>N\u00e3o h\u00e1 democracia sem entropia.<br \/>\nA ordem perfeita \u00e9 a dos cemit\u00e9rios.<\/p>\n<p>&nbsp;<\/p>\n<p><span style=\"font-family: georgia, palatino, serif; font-size: 10pt;\">Fonte: <a href=\"http:\/\/www.correiodopovo.com.br\/blogs\/juremirmachado\/\" target=\"_blank\" rel=\"noopener\">Blog do Juremir Machado da Silva \/ Jornal Correio do Povo<\/a><\/span><\/p>\n","protected":false},"excerpt":{"rendered":"<p>H\u00e1 um discurso ardiloso contra manifestantes. Esse discurso nunca se op\u00f5e diretamente \u00e0 liberdade de manifesta\u00e7\u00e3o. Mas contra a forma de se manifestar. Jamais se ocupa da causa das manifesta\u00e7\u00f5es. Sempre dos efeitos. N\u00e3o se interessa em fazer perguntas simples: Por que estudantes foram obrigados a ocupar escolas? Por que professores foram obrigados a ocupar o CAFF? Por que estudantes ocuparam o pr\u00e9dio da Fazenda? Quem criou a m\u00e1 qualidades das escolas (chove dentro, faltam professores, as instala\u00e7\u00f5es s\u00e3o prec\u00e1rias\u2026)? O antimanifestante s\u00f3 pensa em si.<\/p>\n","protected":false},"author":1,"featured_media":1057,"comment_status":"closed","ping_status":"open","sticky":false,"template":"","format":"standard","meta":{"colormag_page_container_layout":"default_layout","colormag_page_sidebar_layout":"default_layout","footnotes":""},"categories":[5],"tags":[194,70,195],"class_list":["post-1056","post","type-post","status-publish","format-standard","has-post-thumbnail","hentry","category-noticias","tag-liberdade","tag-manifestacao","tag-repressao"],"_links":{"self":[{"href":"https:\/\/www.secpf.com.br\/site\/wp-json\/wp\/v2\/posts\/1056","targetHints":{"allow":["GET"]}}],"collection":[{"href":"https:\/\/www.secpf.com.br\/site\/wp-json\/wp\/v2\/posts"}],"about":[{"href":"https:\/\/www.secpf.com.br\/site\/wp-json\/wp\/v2\/types\/post"}],"author":[{"embeddable":true,"href":"https:\/\/www.secpf.com.br\/site\/wp-json\/wp\/v2\/users\/1"}],"replies":[{"embeddable":true,"href":"https:\/\/www.secpf.com.br\/site\/wp-json\/wp\/v2\/comments?post=1056"}],"version-history":[{"count":3,"href":"https:\/\/www.secpf.com.br\/site\/wp-json\/wp\/v2\/posts\/1056\/revisions"}],"predecessor-version":[{"id":3653,"href":"https:\/\/www.secpf.com.br\/site\/wp-json\/wp\/v2\/posts\/1056\/revisions\/3653"}],"wp:featuredmedia":[{"embeddable":true,"href":"https:\/\/www.secpf.com.br\/site\/wp-json\/wp\/v2\/media\/1057"}],"wp:attachment":[{"href":"https:\/\/www.secpf.com.br\/site\/wp-json\/wp\/v2\/media?parent=1056"}],"wp:term":[{"taxonomy":"category","embeddable":true,"href":"https:\/\/www.secpf.com.br\/site\/wp-json\/wp\/v2\/categories?post=1056"},{"taxonomy":"post_tag","embeddable":true,"href":"https:\/\/www.secpf.com.br\/site\/wp-json\/wp\/v2\/tags?post=1056"}],"curies":[{"name":"wp","href":"https:\/\/api.w.org\/{rel}","templated":true}]}}