{"id":1060,"date":"2016-06-18T12:04:48","date_gmt":"2016-06-18T15:04:48","guid":{"rendered":"http:\/\/www.secpf.com.br\/site\/?p=1060"},"modified":"2026-04-10T08:41:24","modified_gmt":"2026-04-10T11:41:24","slug":"falo-sem-saudade-falo-por-saber-se-muito-vale-o-ja-feito-mais-vale-o-que-sera","status":"publish","type":"post","link":"https:\/\/www.secpf.com.br\/site\/falo-sem-saudade-falo-por-saber-se-muito-vale-o-ja-feito-mais-vale-o-que-sera\/","title":{"rendered":"Falo sem saudade, falo por saber: se muito vale o j\u00e1 feito, mais vale o que ser\u00e1"},"content":{"rendered":"<p style=\"text-align: right;\"><span style=\"color: #ff0000;\"><em><span style=\"font-family: georgia, palatino, serif;\">Por Helena Silvestre<\/span><\/em><\/span><\/p>\n<p>\u201cFalo assim sem saudade, falo assim por saber: se muito vale o j\u00e1 feito, mais vale o que ser\u00e1\u201d.\u00a0Uma vez me explicaram uma coisa sobre as estrelas: elas est\u00e3o t\u00e3o distantes que, na maioria das vezes, o brilho que enxergamos s\u00e3o de estrelas que j\u00e1 n\u00e3o existem mais.\u00a0Para mim esta tem sido h\u00e1 muito tempo a melhor imagem para descrever o PT.<\/p>\n<p>Muitos de meus amigos est\u00e3o tristes, muitos ativistas se sentem derrotados.\u00a0O processo de impedimento n\u00e3o foi barrado e, ao final, Dilma ser\u00e1 mesmo julgada pela corja de ratos que at\u00e9 ontem davam sustenta\u00e7\u00e3o a seu governo.\u00a0Pareceria, ao olho bobo ou iludido, que a estrela morreu; que a noite ser\u00e1 de profunda escurid\u00e3o.No entanto, quando observamos com mais do que apenas nosso olhar, a realidade se mostra diferente.<\/p>\n<p>O povo pobre, os trabalhadores e trabalhadoras das periferias e quebradas do Brasil inteiro n\u00e3o comemoraram a decis\u00e3o do Senado, mas tamb\u00e9m n\u00e3o derramaram l\u00e1grima alguma de tristeza ou revolta por ela. O povo n\u00e3o quer Temer assim como j\u00e1 n\u00e3o queria Dilma.\u00a0Porque o brilho que ainda chegava aos olhos de alguns era de uma estrela que j\u00e1 havia se apagado h\u00e1 muito tempo e, talvez pela dureza que a vida imp\u00f5e o povo percebeu isso.<\/p>\n<p>Mano Brown disse que a periferia virou as costas para o PT.\u00a0\u00c9 uma terr\u00edvel injusti\u00e7a dizer isso.\u00a0Os governos do PT poderiam ter Desmilitarizado as Pol\u00edcias e evitado o assassinato de milhares de jovens negros que nasceram condenados \u00e0 pena de morte por serem pobres.\u00a0At\u00e9 a ONU \u2013 que n\u00e3o \u00e9 nenhuma organiza\u00e7\u00e3o revolucion\u00e1ria \u2013 sugeria isso ao governo em seus relat\u00f3rios, ano ap\u00f3s ano.<\/p>\n<p><strong>Ent\u00e3o pergunto: quem virou as costas pra quem?<\/strong><\/p>\n<p>Tive a oportunidade de trabalhar na ABRA, quando esta era presidida por Pl\u00ednio de Arruda Sampaio e, todas as revistas que public\u00e1vamos continham n\u00fameros t\u00e3o alarmantes quanto demolidores: os governos do PT assentaram menos fam\u00edlias do que os governos de FHC.<\/p>\n<p>Ent\u00e3o pergunto: quem virou as costas pra quem?<\/p>\n<p>Alguns anos atr\u00e1s, quando tive o privil\u00e9gio de estar por alguns dias no Mato Grosso do Sul, sob a mira dos usineiros (que Lula chamou de her\u00f3is do Brasil) ao lado dos Guaranis Kaiow\u00e1, discut\u00edamos, com tristeza, o fato de que os governos do PT haviam demarcado, naquele momento, menos terras do que os governos da direita.<\/p>\n<p>Ent\u00e3o quem virou as costas pra quem?<\/p>\n<p>N\u00e3o, o povo n\u00e3o virou as costas ao PT.\u00a0O povo seguiu sobrevivendo no inferno e batalhando o p\u00e3o de cada dia, em cada greve, em cada luta, e foi deixando a estrela apagada para tr\u00e1s.\u00a0\u00c9 preciso ter a coragem de enxergar e dizer precisamente quando \u00e9 que fomos derrotados.<\/p>\n<p>N\u00f3s n\u00e3o fomos derrotados agora, pelo Senado.\u00a0N\u00f3s fomos derrotados quando Lula, talvez o s\u00edmbolo mais importante da classe trabalhadora brasileira disse que Sarney era um homem respeit\u00e1vel.\u00a0Fomos derrotados quando o Kit antihomofobia voltou pra gaveta porque o PT priorizou a alian\u00e7a com a bancada evang\u00e9lica. \u00a0Fomos derrotados quando o PT colocou o ex\u00e9rcito para reprimir o nosso povo, preto, pobre, trabalhador, favelado no complexo do Alem\u00e3o.<\/p>\n<p><strong>N\u00f3s n\u00e3o fomos derrotados agora.<\/strong><\/p>\n<p>A derrota aconteceu quando o PT abandonou a nossa classe em nome de um projeto burgu\u00eas, branco, heterossexual, machista e liberal.\u00a0Sequer direito ao aborto, nos deram.\u00a0Sequer a descriminaliza\u00e7\u00e3o das drogas nos deram.\u00a0Sequer o fim da sa\u00fade e educa\u00e7\u00e3o privada nos deram.<\/p>\n<p>Sequer nos deram a VALE de volta.\u00a0Sequer nos devolveram a metade vendida da petrobr\u00e1s.\u00a0Sequer reduziram a jornada de trabalho pra gerar empregos e qualidade de vida.\u00a0Sequer\u2026 tanta coisa, meu deus!<\/p>\n<p>\u00c9 por isso que, de costas um pro outro, h\u00e1 muito tempo, o PT vai pra um lado e o povo caminhar\u00e1 para outro.<\/p>\n<p>N\u00e3o \u00e9 certo que o caminho que o povo escolher\u00e1 ser\u00e1 melhor; isso \u00e9 parte da disputa que devemos fazer aqueles que acreditam no futuro.\u00a0\u00c9 preciso n\u00e3o ter medo de ser feliz, mas \u00e9 preciso n\u00e3o ter medo de verdade.<\/p>\n<p><strong>\u00c9 preciso n\u00e3o ter medo de seguir sem a refer\u00eancia que tivemos por d\u00e9cadas de PTismo.\u00a0<\/strong><\/p>\n<p>\u00c9 preciso n\u00e3o ter medo de ser feliz, \u00e9 preciso n\u00e3o ter medo de encarar que o PT ficou pra tr\u00e1s e que a hist\u00f3ria das lutas ser\u00e1 escrita por quem realmente n\u00e3o se deixar amedrontar.\u00a0\u00c9 preciso derrubar Michel Temer; \u00e9 preciso derrubar Eduardo Cunha, S\u00e9rgio Moro, A\u00e9cio Neves, Marina Silva, Bolsonaro, Feliciano.<\/p>\n<p>\u00c9 preciso n\u00e3o ter medo de n\u00e3o saber o que vir\u00e1.\u00a0Porque o que vir\u00e1 \u00e9 preciso construir, juntos, de m\u00e3os dadas.\u00a0O amanh\u00e3 precisa ser maior!<\/p>\n<p>Se antes, ao sairmos da ditadura militar, a vit\u00f3ria se canalizou para uma democracia burguesa, \u00e9 preciso n\u00e3o ter medo e disputar o futuro com as unhas pra que o abalo que sofre agora a democracia burguesa possa, quem sabe, seguir um rumo mais nosso, um rumo de democracia dos trabalhadores, sem corruptos, sem burgueses, sem coxinhas, sem torturadores, usineiros, latifundi\u00e1rios, racistas, enfim.<\/p>\n<p><strong>\u00c9 preciso n\u00e3o ter medo de ser feliz!<\/strong><\/p>\n<p>Quem produziu o PT e suas vit\u00f3rias eleitorais foi a luta da classe trabalhadora.\u00a0Se a classe hoje n\u00e3o mais se reconhece nele, \u00e9 preciso dar for\u00e7a aos trabalhadores e suas lutas porque \u00e9 no interior delas que poder\u00e1 surgir o novo.\u00a0\u00c9 preciso n\u00e3o ter medo de ser feliz!<\/p>\n<p>H\u00e1 aqueles, eu sei, que me dir\u00e3o:<\/p>\n<p>-\u201cMas Helena, as coisas podem piorar!<\/p>\n<p>\u201cEu sei, mas o medo de dormir precisa ser vencido por quem quer ainda sonhar.<\/p>\n<p><strong>Fora Todos Eles!<\/strong><br \/>\n<strong>Que o Povo Trabalhador Decida!<\/strong><br \/>\n<strong>Que o Povo Trabalhador Governe!<\/strong><br \/>\n<span style=\"font-size: 10pt;\"><em><span style=\"font-family: georgia, palatino, serif;\">Helena Silvestre \u00e9 do Movimento Luta Popular<\/span><\/em><\/span><\/p>\n","protected":false},"excerpt":{"rendered":"<p>Por Helena Silvestre \u201cFalo assim sem saudade, falo assim por saber: se muito vale o j\u00e1 feito, mais vale o<\/p>\n","protected":false},"author":1,"featured_media":1068,"comment_status":"closed","ping_status":"open","sticky":false,"template":"","format":"standard","meta":{"colormag_page_container_layout":"default_layout","colormag_page_sidebar_layout":"default_layout","footnotes":""},"categories":[6],"tags":[199,196,201,132,197,200],"class_list":["post-1060","post","type-post","status-publish","format-standard","has-post-thumbnail","hentry","category-artigos","tag-conjuntura","tag-esperanca","tag-politica","tag-pt","tag-recomeco","tag-trabalhador"],"_links":{"self":[{"href":"https:\/\/www.secpf.com.br\/site\/wp-json\/wp\/v2\/posts\/1060","targetHints":{"allow":["GET"]}}],"collection":[{"href":"https:\/\/www.secpf.com.br\/site\/wp-json\/wp\/v2\/posts"}],"about":[{"href":"https:\/\/www.secpf.com.br\/site\/wp-json\/wp\/v2\/types\/post"}],"author":[{"embeddable":true,"href":"https:\/\/www.secpf.com.br\/site\/wp-json\/wp\/v2\/users\/1"}],"replies":[{"embeddable":true,"href":"https:\/\/www.secpf.com.br\/site\/wp-json\/wp\/v2\/comments?post=1060"}],"version-history":[{"count":2,"href":"https:\/\/www.secpf.com.br\/site\/wp-json\/wp\/v2\/posts\/1060\/revisions"}],"predecessor-version":[{"id":1062,"href":"https:\/\/www.secpf.com.br\/site\/wp-json\/wp\/v2\/posts\/1060\/revisions\/1062"}],"wp:featuredmedia":[{"embeddable":true,"href":"https:\/\/www.secpf.com.br\/site\/wp-json\/wp\/v2\/media\/1068"}],"wp:attachment":[{"href":"https:\/\/www.secpf.com.br\/site\/wp-json\/wp\/v2\/media?parent=1060"}],"wp:term":[{"taxonomy":"category","embeddable":true,"href":"https:\/\/www.secpf.com.br\/site\/wp-json\/wp\/v2\/categories?post=1060"},{"taxonomy":"post_tag","embeddable":true,"href":"https:\/\/www.secpf.com.br\/site\/wp-json\/wp\/v2\/tags?post=1060"}],"curies":[{"name":"wp","href":"https:\/\/api.w.org\/{rel}","templated":true}]}}