{"id":1079,"date":"2016-07-14T14:14:50","date_gmt":"2016-07-14T17:14:50","guid":{"rendered":"http:\/\/www.secpf.com.br\/site\/?p=1079"},"modified":"2026-04-10T08:42:27","modified_gmt":"2026-04-10T11:42:27","slug":"csp-conlutas-faz-parte-da-frente-contra-o-projeto-escola-sem-partido","status":"publish","type":"post","link":"https:\/\/www.secpf.com.br\/site\/csp-conlutas-faz-parte-da-frente-contra-o-projeto-escola-sem-partido\/","title":{"rendered":"CSP-Conlutas faz parte da Frente contra o projeto \u201cEscola Sem Partido\u201d"},"content":{"rendered":"<p>Entre as tantas amea\u00e7as aos direitos sociais que tramitam no Congresso Nacional, est\u00e1 o Projeto de Lei 867\/2015, que prop\u00f5e a inclus\u00e3o nas diretrizes e bases da Educa\u00e7\u00e3o brasileira, o programa \u201cEscola Sem Partido\u201d. Com o objetivo de intensificar a luta contra esse projeto e outros que tenham a mesma finalidade, centenas de entidades sindicais e movimentos sociais se uniram para formar a Frente Nacional contra o projeto \u201cEscola Sem Partido\u201d. A frente ser\u00e1 lan\u00e7ada nesta quarta-feira (13), a partir das 9h30, no Instituto de Filosofia e Ci\u00eancias Sociais (IFCS) da Universidade Federal do Rio de Janeiro (UFRJ).<\/p>\n<p>O manifesto assinado pelas entidades que prop\u00f5em a frente afirma que \u201cdefender a escola sem partido \u00e9 defender a escola com apenas um partido. Partido daqueles que s\u00e3o contra uma educa\u00e7\u00e3o laica e contra o debate sobre g\u00eanero, fortalecendo assim a cultura do estupro e a LGBTTIfobia presente em nosso pa\u00eds. Defendemos a escola cr\u00edtica sim, a educa\u00e7\u00e3o libertadora, a pluralidade de ideias e a liberdade de express\u00e3o e pensamento\u201d.<\/p>\n<p>Baixe o Manifesto: <a href=\"http:\/\/cspconlutas.org.br\/wp-content\/uploads\/2016\/07\/Manifesto-Frente-contra-o-PL-Escola-Sem-Partido.pdf\" target=\"_blank\">Manifesto Frente contra o PL Escola Sem Partido<\/a><\/p>\n<p><a href=\"http:\/\/www.secpf.com.br\/site\/wp-content\/uploads\/2016\/07\/140716_manifesto_escola-sem-partido.jpg\"><img fetchpriority=\"high\" decoding=\"async\" class=\"alignnone size-full wp-image-1081\" src=\"http:\/\/www.secpf.com.br\/site\/wp-content\/uploads\/2016\/07\/140716_manifesto_escola-sem-partido.jpg\" alt=\"140716_manifesto_escola-sem-partido\" width=\"1200\" height=\"1822\" srcset=\"https:\/\/www.secpf.com.br\/site\/wp-content\/uploads\/2016\/07\/140716_manifesto_escola-sem-partido.jpg 1200w, https:\/\/www.secpf.com.br\/site\/wp-content\/uploads\/2016\/07\/140716_manifesto_escola-sem-partido-198x300.jpg 198w, https:\/\/www.secpf.com.br\/site\/wp-content\/uploads\/2016\/07\/140716_manifesto_escola-sem-partido-674x1024.jpg 674w\" sizes=\"(max-width: 1200px) 100vw, 1200px\" \/><\/a><\/p>\n<p>O programa \u201cEscola Sem Partido\u201d prev\u00ea, entre outras medidas que cerceiam a liberdade dos professores, vedar, em sala de aula, \u201ca pr\u00e1tica de doutrina\u00e7\u00e3o pol\u00edtica e ideol\u00f3gica bem como a veicula\u00e7\u00e3o de conte\u00fados ou a realiza\u00e7\u00e3o de atividades que possam estar em conflito com as convic\u00e7\u00f5es religiosas ou morais dos pais ou respons\u00e1veis pelos estudantes\u201d.<\/p>\n<p>Os defensores do projeto denunciam uma suposta \u201cdoutrina\u00e7\u00e3o nas escolas\u201d. A revista Nova Escola, publica\u00e7\u00e3o especializada em educa\u00e7\u00e3o, decidiu investigar essas den\u00fancias e publicou um dossi\u00ea sobre o tema, uma lista de 14 perguntas e respostas abaixo, coletada em livros, pesquisas e conversas com professores e gestores que desmascara os principais argumentos dos entusiastas do projeto.<\/p>\n<p>Acesse a mat\u00e9ria aqui: <a href=\"http:\/\/novaescola.org.br\/dia-a-dia-na-educacao\/perguntas-respostas-escola-sem-partido-doutrinacao-educacao-956440.shtml\" target=\"_blank\">http:\/\/novaescola.org.br\/dia-a-dia-na-educacao\/perguntas-respostas-escola-sem-partido-doutrinacao-educacao-956440.shtml<\/a><\/p>\n<p>II ENE<\/p>\n<p>Durante o II Encontro Nacional de Educa\u00e7\u00e3o, realizado em Bras\u00edlia (DF) em junho, o PL 867\/2015 esteve na pauta do debate. A declara\u00e7\u00e3o final do ENE ressalta que \u201cem tempos de ataques \u00e0s liberdades democr\u00e1ticas, a exemplo da \u201cescola sem partido\u201d, a luta pela democracia e de uma gest\u00e3o democr\u00e1tica nas institui\u00e7\u00f5es p\u00fablicas de educa\u00e7\u00e3o se coloca como central na luta por um projeto classista e democr\u00e1tica de educa\u00e7\u00e3o\u201d.<\/p>\n<p>Afirma ainda que \u201ca aus\u00eancia de uma pol\u00edtica que combata as opress\u00f5es nos espa\u00e7os de educa\u00e7\u00e3o deixa o caminho livre para a propaga\u00e7\u00e3o do \u00f3dio, t\u00e3o presente na m\u00eddia hegem\u00f4nica e outros ve\u00edculos de propaga\u00e7\u00e3o das ideologias opressoras. O Projeto de lei \u201cEscola Sem Partido\u201d \u00e9 um evidente exemplo disso. Derrot\u00e1-lo, assim como qualquer outro projeto e leis aprovavas com esse conte\u00fado, \u00e9 uma tarefa de todo o movimento em defesa da educa\u00e7\u00e3o\u201d.<\/p>\n<p>*com informa\u00e7\u00f5es do Andes-Sindicato Nacional<br \/>\nFonte: site CSP-Conlutas<\/p>\n","protected":false},"excerpt":{"rendered":"<p>Entre as tantas amea\u00e7as aos direitos sociais que tramitam no Congresso Nacional, est\u00e1 o Projeto de Lei 867\/2015, que prop\u00f5e<\/p>\n","protected":false},"author":1,"featured_media":1080,"comment_status":"closed","ping_status":"open","sticky":false,"template":"","format":"standard","meta":{"colormag_page_container_layout":"default_layout","colormag_page_sidebar_layout":"default_layout","footnotes":""},"categories":[5],"tags":[18,209,210,208],"class_list":["post-1079","post","type-post","status-publish","format-standard","has-post-thumbnail","hentry","category-noticias","tag-destaque","tag-escola-sem-partido","tag-ideologia","tag-projeto-de-lei"],"_links":{"self":[{"href":"https:\/\/www.secpf.com.br\/site\/wp-json\/wp\/v2\/posts\/1079","targetHints":{"allow":["GET"]}}],"collection":[{"href":"https:\/\/www.secpf.com.br\/site\/wp-json\/wp\/v2\/posts"}],"about":[{"href":"https:\/\/www.secpf.com.br\/site\/wp-json\/wp\/v2\/types\/post"}],"author":[{"embeddable":true,"href":"https:\/\/www.secpf.com.br\/site\/wp-json\/wp\/v2\/users\/1"}],"replies":[{"embeddable":true,"href":"https:\/\/www.secpf.com.br\/site\/wp-json\/wp\/v2\/comments?post=1079"}],"version-history":[{"count":1,"href":"https:\/\/www.secpf.com.br\/site\/wp-json\/wp\/v2\/posts\/1079\/revisions"}],"predecessor-version":[{"id":1082,"href":"https:\/\/www.secpf.com.br\/site\/wp-json\/wp\/v2\/posts\/1079\/revisions\/1082"}],"wp:featuredmedia":[{"embeddable":true,"href":"https:\/\/www.secpf.com.br\/site\/wp-json\/wp\/v2\/media\/1080"}],"wp:attachment":[{"href":"https:\/\/www.secpf.com.br\/site\/wp-json\/wp\/v2\/media?parent=1079"}],"wp:term":[{"taxonomy":"category","embeddable":true,"href":"https:\/\/www.secpf.com.br\/site\/wp-json\/wp\/v2\/categories?post=1079"},{"taxonomy":"post_tag","embeddable":true,"href":"https:\/\/www.secpf.com.br\/site\/wp-json\/wp\/v2\/tags?post=1079"}],"curies":[{"name":"wp","href":"https:\/\/api.w.org\/{rel}","templated":true}]}}