{"id":1118,"date":"2016-09-08T23:23:17","date_gmt":"2016-09-09T02:23:17","guid":{"rendered":"http:\/\/www.secpf.com.br\/site\/?p=1118"},"modified":"2026-04-10T08:42:26","modified_gmt":"2026-04-10T11:42:26","slug":"para-agradar-empresarios-michel-temer-apoia-terceirizacao-irrestrita","status":"publish","type":"post","link":"https:\/\/www.secpf.com.br\/site\/para-agradar-empresarios-michel-temer-apoia-terceirizacao-irrestrita\/","title":{"rendered":"Para agradar empres\u00e1rios, Michel Temer apoia terceiriza\u00e7\u00e3o irrestrita"},"content":{"rendered":"<h3>Governo pretende dar seguimento no Senado \u00e0 proposta j\u00e1 aprovada na C\u00e2mara<\/h3>\n<p>O governo do presidente Michel Temer (PMDB) anunciou apoio \u00e0 terceiriza\u00e7\u00e3o irrestrita, para qualquer atividade econ\u00f4mica, nos moldes da proposta j\u00e1 aprovada na C\u00e2mara, no in\u00edcio de 2015, e que aguarda vota\u00e7\u00e3o no Senado.<\/p>\n<p>Pressionado por empres\u00e1rios, a ideia n\u00e3o \u00e9 encaminhar um novo projeto de lei ao Congresso Nacional, como havia afirmado o ministro do Trabalho, Ronaldo Nogueira, mas aproveitar o j\u00e1 existente e apressar a vota\u00e7\u00e3o entre os senadores.<\/p>\n<p>O governo pretende aprovar o projeto ainda este ano, juntamente com a reforma da Previd\u00eancia.<\/p>\n<p>Se for aprovado como est\u00e1, qualquer atividade dentro de uma empresa privada poder\u00e1 ser terceirizada. Ap\u00f3s um ano da aprova\u00e7\u00e3o da lei, as empresas poder\u00e3o demitir funcion\u00e1rios e contrat\u00e1-los como terceirizados.<\/p>\n<p>A aprova\u00e7\u00e3o do projeto vai precarizar ainda mais as rela\u00e7\u00f5es de trabalho no pa\u00eds. Pesquisas comprovam que os terceirizados recebem sal\u00e1rios at\u00e9 um ter\u00e7o inferior aos dos trabalhadores diretos.<\/p>\n<p>Conhecidas pelos calotes trabalhistas, as empresas terceirizadas ser\u00e3o as respons\u00e1veis exclusivas pelos encargos, eximindo as contratantes de qualquer obriga\u00e7\u00e3o.<\/p>\n<p><strong>Aposentadoria<\/strong><\/p>\n<p>O esbo\u00e7o da proposta de reforma da Previd\u00eancia tamb\u00e9m est\u00e1 pronto e aguarda decis\u00e3o do governo para ser enviado ao Congresso. Apesar da pressa em aprovar a medida, \u00e9 prov\u00e1vel que a vota\u00e7\u00e3o ocorra apenas depois do segundo turno das elei\u00e7\u00f5es municipais (30 de novembro), para evitar \u201cqueimar o filme\u201d de candidatos aliados ao presidente.<\/p>\n<p>A proposta estabelece idade m\u00ednima de 65 anos para ter direito \u00e0 aposentadoria de homens e mulheres. Pela proposta, a nova regra valer\u00e1 para trabalhadores de at\u00e9 50 anos.<\/p>\n<p>\u201cPara aprovar esses ataques aos trabalhadores, Temer tem ao seu lado os deputados e senadores. Temos que nos unir e ir \u00e0 luta contra as reformas e colocar todos eles pra fora\u201d, afirma o diretor do Sindicato Jos\u00e9 Dantas Sobrinho.<\/p>\n<p>&nbsp;<\/p>\n<p><span style=\"font-size: 10pt;\"><em>Fonte: <a href=\"http:\/\/www.sindmetalsjc.org.br\/imprensa\/ultimas-noticias\/3156\/para+agradar+empresarios+michel+temer+apoia+terceirizacao+irrestrita.htm\" target=\"_blank\">www.sindmetalsjc.org.br<\/a><\/em><\/span><\/p>\n","protected":false},"excerpt":{"rendered":"<p>Governo pretende dar seguimento no Senado \u00e0 proposta j\u00e1 aprovada na C\u00e2mara O governo do presidente Michel Temer (PMDB) anunciou<\/p>\n","protected":false},"author":1,"featured_media":1119,"comment_status":"closed","ping_status":"open","sticky":false,"template":"","format":"standard","meta":{"colormag_page_container_layout":"default_layout","colormag_page_sidebar_layout":"default_layout","footnotes":""},"categories":[5],"tags":[228,18,190,98],"class_list":["post-1118","post","type-post","status-publish","format-standard","has-post-thumbnail","hentry","category-noticias","tag-aposentadoria","tag-destaque","tag-temer","tag-terceirizacao"],"_links":{"self":[{"href":"https:\/\/www.secpf.com.br\/site\/wp-json\/wp\/v2\/posts\/1118","targetHints":{"allow":["GET"]}}],"collection":[{"href":"https:\/\/www.secpf.com.br\/site\/wp-json\/wp\/v2\/posts"}],"about":[{"href":"https:\/\/www.secpf.com.br\/site\/wp-json\/wp\/v2\/types\/post"}],"author":[{"embeddable":true,"href":"https:\/\/www.secpf.com.br\/site\/wp-json\/wp\/v2\/users\/1"}],"replies":[{"embeddable":true,"href":"https:\/\/www.secpf.com.br\/site\/wp-json\/wp\/v2\/comments?post=1118"}],"version-history":[{"count":1,"href":"https:\/\/www.secpf.com.br\/site\/wp-json\/wp\/v2\/posts\/1118\/revisions"}],"predecessor-version":[{"id":1120,"href":"https:\/\/www.secpf.com.br\/site\/wp-json\/wp\/v2\/posts\/1118\/revisions\/1120"}],"wp:featuredmedia":[{"embeddable":true,"href":"https:\/\/www.secpf.com.br\/site\/wp-json\/wp\/v2\/media\/1119"}],"wp:attachment":[{"href":"https:\/\/www.secpf.com.br\/site\/wp-json\/wp\/v2\/media?parent=1118"}],"wp:term":[{"taxonomy":"category","embeddable":true,"href":"https:\/\/www.secpf.com.br\/site\/wp-json\/wp\/v2\/categories?post=1118"},{"taxonomy":"post_tag","embeddable":true,"href":"https:\/\/www.secpf.com.br\/site\/wp-json\/wp\/v2\/tags?post=1118"}],"curies":[{"name":"wp","href":"https:\/\/api.w.org\/{rel}","templated":true}]}}