{"id":1206,"date":"2016-12-09T03:44:41","date_gmt":"2016-12-09T05:44:41","guid":{"rendered":"http:\/\/www.secpf.com.br\/site\/?p=1206"},"modified":"2026-04-10T08:43:10","modified_gmt":"2026-04-10T11:43:10","slug":"pinheirinho-dos-palmares-a-conquista-de-uma-luta","status":"publish","type":"post","link":"https:\/\/www.secpf.com.br\/site\/pinheirinho-dos-palmares-a-conquista-de-uma-luta\/","title":{"rendered":"Pinheirinho dos Palmares: a conquista de uma luta"},"content":{"rendered":"<p>H\u00e1 pouco mais de 12 anos come\u00e7ava a luta por um sonho, a luta por um direito. Em fevereiro de 2004, fam\u00edlias sem-teto ocuparam uma \u00e1rea conhecida como Pinheirinho, na regi\u00e3o sul de S\u00e3o Jos\u00e9 dos Campos, e deram in\u00edcio a uma hist\u00f3ria, marcada por muita mobiliza\u00e7\u00e3o, resist\u00eancia, sacrif\u00edcios e esperan\u00e7a.<\/p>\n<p>Hoje, essa hist\u00f3ria est\u00e1 prestes a ter mais um cap\u00edtulo. As fam\u00edlias brutalmente despejadas de suas casas em 2012 v\u00e3o ter um teto para morar. O conjunto Pinheirinho dos Palmares, na regi\u00e3o do Putim, tem previs\u00e3o para ser entregue ainda no m\u00eas de dezembro. Esperamos que efetivamente seja entregue, pois j\u00e1 foi adiado v\u00e1rias vezes.<\/p>\n<p>Sem d\u00favida, essa \u00e9 uma vit\u00f3ria. Uma grande conquista, que s\u00f3 foi poss\u00edvel em raz\u00e3o da forte luta e organiza\u00e7\u00e3o protagonizadas pelas fam\u00edlias do Pinheirinho desde o in\u00edcio da ocupa\u00e7\u00e3o e que nunca parou, mesmo ap\u00f3s a tr\u00e1gica desocupa\u00e7\u00e3o, patrocinada pelos governos do PSDB, de Geraldo Alckmin e Eduardo Cury, em 2012.<\/p>\n<p>A luta do Pinheirinho ganhou repercuss\u00e3o internacional e n\u00e3o foi \u00e0 toa. Quem viveu e acompanhou o Pinheirinho tem gravado na mem\u00f3ria do que \u00e9 capaz a luta do povo.<\/p>\n<p>Reuni\u00f5es e assembleias discutiam toda a organiza\u00e7\u00e3o da ocupa\u00e7\u00e3o; os acessos \u00e0 \u00e1gua e \u00e0 energia el\u00e9trica s\u00f3 vieram ap\u00f3s muitas manifesta\u00e7\u00f5es; uma \u201cnorma\u201d na ocupa\u00e7\u00e3o n\u00e3o permitia qualquer viol\u00eancia contra as mulheres; por v\u00e1rios anos, mobiliza\u00e7\u00f5es impediram ordens de despejo; houve manifesta\u00e7\u00f5es, inclusive, contra o aumento de sal\u00e1rios de vereadores e no pre\u00e7o das passagens de \u00f4nibus. Desde a organiza\u00e7\u00e3o, que permitiu a constru\u00e7\u00e3o de um bairro consolidado com cerca de 8.000 pessoas durante os oitos anos em que a ocupa\u00e7\u00e3o existiu, passando pelas grandes mobiliza\u00e7\u00f5es realizadas, as batalhas jur\u00eddicas travadas e a resist\u00eancia ap\u00f3s a desocupa\u00e7\u00e3o, o Pinheirinho tornou-se um s\u00edmbolo da luta por moradia.<\/p>\n<p>A entrega do conjunto Pinheirinho dos Palmares \u00e9 a concretiza\u00e7\u00e3o dessa luta. O PSTU e o movimento sindical, com destaque para o Sindicato dos Metal\u00fargicos, fazem parte dessa hist\u00f3ria e temos orgulho disso. Mas \u00e9 preciso saber que ela n\u00e3o acaba aqui.<\/p>\n<p>Quatro anos depois da desocupa\u00e7\u00e3o, o conjunto habitacional, ser\u00e1 entregue incompleto. Uma demonstra\u00e7\u00e3o do desleixo dos governantes tanto do PT como do PSDB, quando se trata de ter pol\u00edtica para o povo pobre. Depois de v\u00e1rios adiamentos desde a previs\u00e3o inicial de entrega ainda em 2015, parte fundamental da infraestrutura, como creches, escolas, posto de sa\u00fade, \u00e1reas de lazer e comercial, n\u00e3o foi constru\u00edda, o que vai causar muitas dificuldades \u00e0s fam\u00edlias, tanto do Pinheirinho, como dos bairros do entorno.<\/p>\n<p><em><strong>Os governantes n\u00e3o cumpriram o combinado e que n\u00e3o venham colocar a culpa no povo depois.<\/strong><\/em><\/p>\n<p>Ironicamente, ser\u00e1 o governo de Fel\u00edcio Ramuth que ter\u00e1 de resolver os problemas sociais que essa falta de infraestrutura ir\u00e1 causar. Esperamos que o PSDB, que sempre se portou como inimigo das fam\u00edlias do Pinheirinho, n\u00e3o haja com a mesma insensibilidade social, descaso e trucul\u00eancia como ocorreu no governo Cury.<\/p>\n<p>As fam\u00edlias do Pinheirinho ousaram desafiar os poderosos ao ocupar uma \u00e1rea improdutiva, do megaespeculador Naji Nahas, que continua abandonada at\u00e9 hoje, mostrando que o direito \u00e0 vida vem antes do direito \u00e0 propriedade. Essa li\u00e7\u00e3o nunca ser\u00e1 esquecida.<\/p>\n<p>Moradia e viver em condi\u00e7\u00f5es dignas s\u00e3o direitos garantidos como preceitos fundamentais na Constitui\u00e7\u00e3o brasileira e, enquanto os governos n\u00e3o respeitarem isso, nossa luta continua.<\/p>\n<p>&nbsp;<\/p>\n<p><em><span style=\"font-family: georgia, palatino, serif; font-size: 10pt;\">Por\u00a0Toninho Ferreira, presidente do PSTU SJCampos, suplente de deputado federal<\/span><\/em><br \/>\n<em><span style=\"font-family: georgia, palatino, serif; font-size: 10pt;\">Fonte:\u00a0<a href=\"http:\/\/www.sindmetalsjc.org.br\/imprensa\/ultimas-noticias\/3274\/pinheirinho+dos+palmares+a+conquista+de+uma+luta.htm\" target=\"_blank\">sindmetalsjc.org.br<\/a><\/span><\/em><\/p>\n","protected":false},"excerpt":{"rendered":"<p>H\u00e1 pouco mais de 12 anos come\u00e7ava a luta por um sonho, a luta por um direito. Em fevereiro de<\/p>\n","protected":false},"author":1,"featured_media":1207,"comment_status":"closed","ping_status":"open","sticky":false,"template":"","format":"standard","meta":{"colormag_page_container_layout":"default_layout","colormag_page_sidebar_layout":"default_layout","footnotes":""},"categories":[5],"tags":[242,241],"class_list":["post-1206","post","type-post","status-publish","format-standard","has-post-thumbnail","hentry","category-noticias","tag-moradia","tag-pinheirinho"],"_links":{"self":[{"href":"https:\/\/www.secpf.com.br\/site\/wp-json\/wp\/v2\/posts\/1206","targetHints":{"allow":["GET"]}}],"collection":[{"href":"https:\/\/www.secpf.com.br\/site\/wp-json\/wp\/v2\/posts"}],"about":[{"href":"https:\/\/www.secpf.com.br\/site\/wp-json\/wp\/v2\/types\/post"}],"author":[{"embeddable":true,"href":"https:\/\/www.secpf.com.br\/site\/wp-json\/wp\/v2\/users\/1"}],"replies":[{"embeddable":true,"href":"https:\/\/www.secpf.com.br\/site\/wp-json\/wp\/v2\/comments?post=1206"}],"version-history":[{"count":1,"href":"https:\/\/www.secpf.com.br\/site\/wp-json\/wp\/v2\/posts\/1206\/revisions"}],"predecessor-version":[{"id":1208,"href":"https:\/\/www.secpf.com.br\/site\/wp-json\/wp\/v2\/posts\/1206\/revisions\/1208"}],"wp:featuredmedia":[{"embeddable":true,"href":"https:\/\/www.secpf.com.br\/site\/wp-json\/wp\/v2\/media\/1207"}],"wp:attachment":[{"href":"https:\/\/www.secpf.com.br\/site\/wp-json\/wp\/v2\/media?parent=1206"}],"wp:term":[{"taxonomy":"category","embeddable":true,"href":"https:\/\/www.secpf.com.br\/site\/wp-json\/wp\/v2\/categories?post=1206"},{"taxonomy":"post_tag","embeddable":true,"href":"https:\/\/www.secpf.com.br\/site\/wp-json\/wp\/v2\/tags?post=1206"}],"curies":[{"name":"wp","href":"https:\/\/api.w.org\/{rel}","templated":true}]}}