{"id":1209,"date":"2016-12-13T22:18:39","date_gmt":"2016-12-14T00:18:39","guid":{"rendered":"http:\/\/www.secpf.com.br\/site\/?p=1209"},"modified":"2026-04-10T08:43:10","modified_gmt":"2026-04-10T11:43:10","slug":"acordao-entre-stf-psdb-pt-e-temer-mantem-renan-no-comando-do-senado","status":"publish","type":"post","link":"https:\/\/www.secpf.com.br\/site\/acordao-entre-stf-psdb-pt-e-temer-mantem-renan-no-comando-do-senado\/","title":{"rendered":"Acord\u00e3o entre STF, PSDB, PT e Temer mant\u00e9m Renan no comando do Senado"},"content":{"rendered":"<h3>Para o governo e ministros da Justi\u00e7a, o importante \u00e9 preservar a &#8220;ordem&#8221; para aprova\u00e7\u00e3o da PEC 55<\/h3>\n<p>J\u00e1 estava tudo acertado. A vota\u00e7\u00e3o dos ministros do STF (Supremo Tribunal Federal) que manteve Renan Calheiros (PMDB) na Presid\u00eancia do Senado, nesta quarta-feira (7), sela o acord\u00e3o entre os ju\u00edzes da corte, o PSDB, o PT e o pr\u00f3prio presidente Michel Temer (PMDB) para manter a ordem necess\u00e1ria para garantir a vota\u00e7\u00e3o da PEC 55, marcada para a pr\u00f3xima semana.<\/p>\n<p>Por seis votos a tr\u00eas, os ministros do STF apenas retiraram Calheiros da linha sucess\u00f3ria da Presid\u00eancia da Rep\u00fablica, mas mantiveram o r\u00e9u no comando do Senado.<\/p>\n<p>O julgamento aconteceu porque, em novembro, a maioria dos ministros do Supremo decidiu que um r\u00e9u n\u00e3o pode suceder \u00e0 Presid\u00eancia da Rep\u00fablica. Esse caso, por\u00e9m, n\u00e3o foi finalizado porque um ministro pediu &#8220;vistas&#8221; do processo mesmo com o placar definido.<\/p>\n<p>Diante da decis\u00e3o e do indiciamento de Calheiros pelo crime de peculato, o ministro Marco Aur\u00e9lio Melo decidiu afastar o peemedebista provisoriamente do comando da Casa.<\/p>\n<p>Por motivo semelhante, em maio, a pr\u00f3pria suprema corte j\u00e1 havia afastado o ent\u00e3o deputado Eduardo Cunha da Presid\u00eancia da C\u00e2mara.<\/p>\n<p>Ciente de que a determina\u00e7\u00e3o n\u00e3o daria em nada, Calheiros resolveu simplesmente desobedecer a ordem judicial, uma decis\u00e3o que levaria qualquer cidad\u00e3o comum para a cadeia. Em seguida, mandou avisar que n\u00e3o sairia do cargo e iniciou a negocia\u00e7\u00e3o com o Temer e o STF, por meio do ministro Gilmar Mendes, homem forte do PSDB no Supremo.<\/p>\n<p><strong>STF mostra a cara<\/strong><br \/>\nA decis\u00e3o de manter Calheiros na Presid\u00eancia do Senado, apesar do fato de responder a uma a\u00e7\u00e3o penal por se apropriar de verbas p\u00fablicas em benef\u00edcio pr\u00f3prio, faz cair a m\u00e1scara do STF, que de imparcial n\u00e3o tem nada.<\/p>\n<p>Na verdade, os ju\u00edzes tamb\u00e9m fizeram seu papel lament\u00e1vel de garantir a &#8220;ordem&#8221; para a aprova\u00e7\u00e3o da PEC da morte, que vai congelar por 20 anos os investimentos em sa\u00fade e educa\u00e7\u00e3o, um grave ataque ao povo brasileiro.<\/p>\n<p><strong>PT tamb\u00e9m ajudou<\/strong><br \/>\nO PT tamb\u00e9m entrou na dan\u00e7a para salvar a pele de Renan. Diante da ordem de afastamento provis\u00f3rio, o vice-presidente do Senado, o senador Jorge Viana (PT), se recusou a assumir o comando da Casa.<\/p>\n<p>O PT teve nas m\u00e3os a oportunidade de barrar a tramita\u00e7\u00e3o da PEC 55, mas se recusou a faz\u00ea-lo, o que demonstra, mais uma vez, que tamb\u00e9m est\u00e1 fechado com os empres\u00e1rios para atacar os trabalhadores.<\/p>\n<p><strong>Fora todos!<\/strong><br \/>\nEsse epis\u00f3dio \u00e9 mais uma comprova\u00e7\u00e3o de que a Justi\u00e7a tem lado e, certamente, n\u00e3o \u00e9 o lado dos trabalhadores. Precisamos construir uma Greve Geral, que paralise o pa\u00eds inteiro, coloque pra fora todos eles e derrube a PEC 55 e as reformas trabalhista e da Previd\u00eancia.<\/p>\n","protected":false},"excerpt":{"rendered":"<p>Para o governo e ministros da Justi\u00e7a, o importante \u00e9 preservar a &#8220;ordem&#8221; para aprova\u00e7\u00e3o da PEC 55 J\u00e1 estava<\/p>\n","protected":false},"author":1,"featured_media":1210,"comment_status":"closed","ping_status":"open","sticky":false,"template":"","format":"standard","meta":{"colormag_page_container_layout":"default_layout","colormag_page_sidebar_layout":"default_layout","footnotes":""},"categories":[5],"tags":[244,132,243,186],"class_list":["post-1209","post","type-post","status-publish","format-standard","has-post-thumbnail","hentry","category-noticias","tag-psdb","tag-pt","tag-renan-calheiros","tag-stf"],"_links":{"self":[{"href":"https:\/\/www.secpf.com.br\/site\/wp-json\/wp\/v2\/posts\/1209","targetHints":{"allow":["GET"]}}],"collection":[{"href":"https:\/\/www.secpf.com.br\/site\/wp-json\/wp\/v2\/posts"}],"about":[{"href":"https:\/\/www.secpf.com.br\/site\/wp-json\/wp\/v2\/types\/post"}],"author":[{"embeddable":true,"href":"https:\/\/www.secpf.com.br\/site\/wp-json\/wp\/v2\/users\/1"}],"replies":[{"embeddable":true,"href":"https:\/\/www.secpf.com.br\/site\/wp-json\/wp\/v2\/comments?post=1209"}],"version-history":[{"count":1,"href":"https:\/\/www.secpf.com.br\/site\/wp-json\/wp\/v2\/posts\/1209\/revisions"}],"predecessor-version":[{"id":1211,"href":"https:\/\/www.secpf.com.br\/site\/wp-json\/wp\/v2\/posts\/1209\/revisions\/1211"}],"wp:featuredmedia":[{"embeddable":true,"href":"https:\/\/www.secpf.com.br\/site\/wp-json\/wp\/v2\/media\/1210"}],"wp:attachment":[{"href":"https:\/\/www.secpf.com.br\/site\/wp-json\/wp\/v2\/media?parent=1209"}],"wp:term":[{"taxonomy":"category","embeddable":true,"href":"https:\/\/www.secpf.com.br\/site\/wp-json\/wp\/v2\/categories?post=1209"},{"taxonomy":"post_tag","embeddable":true,"href":"https:\/\/www.secpf.com.br\/site\/wp-json\/wp\/v2\/tags?post=1209"}],"curies":[{"name":"wp","href":"https:\/\/api.w.org\/{rel}","templated":true}]}}