{"id":1224,"date":"2016-12-20T23:24:53","date_gmt":"2016-12-21T01:24:53","guid":{"rendered":"http:\/\/www.secpf.com.br\/site\/?p=1224"},"modified":"2026-04-10T08:43:09","modified_gmt":"2026-04-10T11:43:09","slug":"crise-de-quem-e-a-culpa","status":"publish","type":"post","link":"https:\/\/www.secpf.com.br\/site\/crise-de-quem-e-a-culpa\/","title":{"rendered":"Crise, de quem \u00e9 a culpa?"},"content":{"rendered":"<p>Os Estados brasileiros est\u00e3o em crise.<br \/>\nDe quem \u00e9 a culpa?<br \/>\nDos pol\u00edticos corruptos e dos empres\u00e1rios que n\u00e3o querem pagar impostos.<br \/>\nA Odebrecht comprou medidas provis\u00f3rias que resultaram em ren\u00fancia fiscal.<br \/>\nO Rio Grande do Sul tem um d\u00e9ficit estimado para 2017 de tr\u00eas bilh\u00f5es ( o governo fala em cinco bilh\u00f5es para assustar, pois essa \u00e9 a sua t\u00e9cnica, semear o p\u00e2nico para ferrar a plebe).<br \/>\nAs isen\u00e7\u00f5es fiscais chegam a nove bilh\u00f5es.<br \/>\nPor que n\u00e3o reduzi-las pela metade?<br \/>\nPorque os empres\u00e1rios v\u00e3o embora.<br \/>\nA guerra fiscal \u00e9 o mal que assola o pa\u00eds.<br \/>\nSem contar a sonega\u00e7\u00e3o.<br \/>\nA guerra fiscal \u00e9 a m\u00e1gica que faz encolher Estado.<br \/>\nSem impostos n\u00e3o h\u00e1 receita.<br \/>\nSem receita n\u00e3o h\u00e1 Estado.<br \/>\nSem Estado n\u00e3o h\u00e1 servi\u00e7os.<br \/>\nTudo \u00e9 privatizado.<br \/>\nPaga quem tem recursos.<br \/>\nA guerra fiscal \u00e9 o golpe total.<br \/>\nAtende a dois mitos da m\u00eddia: menos impostos e menos Estado.<br \/>\nO governo Temer, o pior que o Brasil j\u00e1 teve, quer obrigar cada um a trabalhar at\u00e9 morrer e que implantar jornadas de trabalho intermitentes, com hor\u00e1rios e dias flex\u00edveis.<br \/>\nO trabalhador ficar\u00e1 sempre \u00e0 disposi\u00e7\u00e3o do patr\u00e3o.<br \/>\nS\u00f3 um governo n\u00e3o eleito pode propor algo assim.<br \/>\nKakfa n\u00e3o teria imaginado um cen\u00e1rio t\u00e3o sem sa\u00edda.<br \/>\nDepois do kafkiano, o temeriano.<br \/>\nOs especialistas do absurdo dizem que essa \u00e9 a tend\u00eancia.<br \/>\nS\u00f3 n\u00e3o explicam o sucesso de pa\u00edses como a Su\u00e9cia.<br \/>\nA Su\u00e9cia \u00e9 um p\u00e9ssimo exemplo para o mundo.<br \/>\nCobra muito imposto, d\u00e1 muita prote\u00e7\u00e3o aos trabalhadores e oferece muito resultado.<br \/>\nQual \u00e9 a m\u00e1gica: pol\u00edticos honestos, popula\u00e7\u00e3o consciente e elite n\u00e3o canibal.<br \/>\nF\u00e1cil!<\/p>\n<p><em><span style=\"font-family: georgia, palatino, serif; font-size: 10pt;\">Fonte: <a href=\"http:\/\/www.correiodopovo.com.br\/blogs\/juremirmachado\/2016\/12\/9384\/crise-de-quem-e-a-culpa\/\" target=\"_blank\">Jornal Correio do Povo<\/a><\/span><\/em><\/p>\n","protected":false},"excerpt":{"rendered":"<p>Os Estados brasileiros est\u00e3o em crise. De quem \u00e9 a culpa? Dos pol\u00edticos corruptos e dos empres\u00e1rios que n\u00e3o querem<\/p>\n","protected":false},"author":1,"featured_media":1233,"comment_status":"closed","ping_status":"open","sticky":false,"template":"","format":"standard","meta":{"colormag_page_container_layout":"default_layout","colormag_page_sidebar_layout":"default_layout","footnotes":""},"categories":[6],"tags":[148,235,190],"class_list":["post-1224","post","type-post","status-publish","format-standard","has-post-thumbnail","hentry","category-artigos","tag-crise","tag-reforma-trabalhista","tag-temer"],"_links":{"self":[{"href":"https:\/\/www.secpf.com.br\/site\/wp-json\/wp\/v2\/posts\/1224","targetHints":{"allow":["GET"]}}],"collection":[{"href":"https:\/\/www.secpf.com.br\/site\/wp-json\/wp\/v2\/posts"}],"about":[{"href":"https:\/\/www.secpf.com.br\/site\/wp-json\/wp\/v2\/types\/post"}],"author":[{"embeddable":true,"href":"https:\/\/www.secpf.com.br\/site\/wp-json\/wp\/v2\/users\/1"}],"replies":[{"embeddable":true,"href":"https:\/\/www.secpf.com.br\/site\/wp-json\/wp\/v2\/comments?post=1224"}],"version-history":[{"count":3,"href":"https:\/\/www.secpf.com.br\/site\/wp-json\/wp\/v2\/posts\/1224\/revisions"}],"predecessor-version":[{"id":1228,"href":"https:\/\/www.secpf.com.br\/site\/wp-json\/wp\/v2\/posts\/1224\/revisions\/1228"}],"wp:featuredmedia":[{"embeddable":true,"href":"https:\/\/www.secpf.com.br\/site\/wp-json\/wp\/v2\/media\/1233"}],"wp:attachment":[{"href":"https:\/\/www.secpf.com.br\/site\/wp-json\/wp\/v2\/media?parent=1224"}],"wp:term":[{"taxonomy":"category","embeddable":true,"href":"https:\/\/www.secpf.com.br\/site\/wp-json\/wp\/v2\/categories?post=1224"},{"taxonomy":"post_tag","embeddable":true,"href":"https:\/\/www.secpf.com.br\/site\/wp-json\/wp\/v2\/tags?post=1224"}],"curies":[{"name":"wp","href":"https:\/\/api.w.org\/{rel}","templated":true}]}}