{"id":1251,"date":"2017-01-12T18:44:55","date_gmt":"2017-01-12T20:44:55","guid":{"rendered":"http:\/\/www.secpf.com.br\/site\/?p=1251"},"modified":"2026-04-10T08:43:09","modified_gmt":"2026-04-10T11:43:09","slug":"chacinas-evidenciam-conluio-do-estado-com-faccoes","status":"publish","type":"post","link":"https:\/\/www.secpf.com.br\/site\/chacinas-evidenciam-conluio-do-estado-com-faccoes\/","title":{"rendered":"&#8220;Chacinas evidenciam conluio do Estado com fac\u00e7\u00f5es&#8221;"},"content":{"rendered":"<p class=\"intro\">Em entrevista \u00e0 DW Brasil, diplomata Paulo S\u00e9rgio Pinheiro comenta massacres em pres\u00eddios no Amazonas e em Roraima e rea\u00e7\u00e3o das autoridades. &#8220;H\u00e1 uma impunidade generalizada em rela\u00e7\u00e3o \u00e0s organiza\u00e7\u00f5es criminosas&#8221;, diz.<\/p>\n<div class=\"picBox full\"><a class=\"overlayLink init\" href=\"http:\/\/www.dw.com\/pt-br\/chacinas-evidenciam-conluio-do-estado-com-fac%C3%A7%C3%B5es\/a-37050516#\" rel=\"nofollow\"><img decoding=\"async\" title=\"Paulo S\u00e9rgio Pinheiro \u00e9 chefe da Comiss\u00e3o Internacional Independente de Inqu\u00e9rito sobre a S\u00edria\" src=\"http:\/\/www.dw.com\/image\/18417951_303.jpg\" alt=\"Paulo S\u00e9rgio Pinheiro \u00e9 chefe da Comiss\u00e3o Internacional Independente de Inqu\u00e9rito sobre a S\u00edria\" \/><br \/>\n<\/a><span style=\"font-family: 'andale mono', monospace; font-size: 8pt;\">Paulo S\u00e9rgio Pinheiro \u00e9 chefe da Comiss\u00e3o Internacional Independente de Inqu\u00e9rito sobre a S\u00edria<\/span><a class=\"overlayLink init\" href=\"http:\/\/www.dw.com\/pt-br\/chacinas-evidenciam-conluio-do-estado-com-fac%C3%A7%C3%B5es\/a-37050516#\" rel=\"nofollow\"><br \/>\n<\/a><\/div>\n<div class=\"group\">\n<div class=\"longText\">\n<p>A rea\u00e7\u00e3o das autoridades brasileiras \u00e0s chacinas nos pres\u00eddios do Amazonas e de Roraima, que deixaram um total de\u00a089 mortos, evidenciam o &#8220;conluio do Estado brasileiro com as organiza\u00e7\u00f5es criminosas&#8221;, considera o diplomata e especialista em direitos humanos Paulo S\u00e9rgio Pinheiro.<\/p>\n<p>A rea\u00e7\u00e3o inclui a\u00a0avalia\u00e7\u00e3o do massacre em Manaus como &#8220;acidente&#8221; pelo presidente Michel Temer;\u00a0as contradi\u00e7\u00f5es do ministro da Justi\u00e7a, Alexandre de Moraes, ao negar a responsabilidade do governo federal nas chacinas; e declara\u00e7\u00f5es do governador do Amazonas, Jos\u00e9 Melo, e do Secret\u00e1rio Nacional da Juventude, Bruno J\u00falio, que tentaram justificar a morte de presos. Para Pinheiro, tais posturas revelam um &#8220;Estado carcomido e contaminado&#8221; pela corrup\u00e7\u00e3o e por &#8220;acordos n\u00e3o escritos&#8221; com as fac\u00e7\u00f5es criminosas que comandam os pres\u00eddios brasileiros.<\/p>\n<p>&#8220;N\u00e3o interessa ao atual governo, aos empres\u00e1rios e parlamentares comprados por organiza\u00e7\u00f5es criminosas mudar essa situa\u00e7\u00e3o&#8221;, disse o diplomata em entrevista \u00e0 DW Brasil. &#8220;O que acontece nas pris\u00f5es \u00e9 s\u00f3 a ponta do iceberg do tr\u00e1fico de drogas, da lavagem de dinheiro e da impunidade generalizada em rela\u00e7\u00e3o \u00e0s organiza\u00e7\u00f5es criminosas.&#8221;<\/p>\n<p>Pinheiro, que \u00e9 chefe da comiss\u00e3o independente da ONU respons\u00e1vel por investigar viola\u00e7\u00f5es dos direitos humanos na guerra da S\u00edria, disse se surpreender com a rea\u00e7\u00e3o do Brasil ao fato de que boa parte dos presos mortos foi decapitada. &#8220;Ora, por cinco decapita\u00e7\u00f5es em Palmira, na S\u00edria, todo mundo fica horrorizado.&#8221;<\/p>\n<p><strong>DW Brasil: Como o senhor avalia a posi\u00e7\u00e3o do governo brasileiro de se eximir da responsabilidade sobre os massacres em Roraima e Amazonas e tamb\u00e9m de legitimar a morte de presos?<\/strong><\/p>\n<p><strong>Paulo S\u00e9rgio Pinheiro: <\/strong>A posi\u00e7\u00e3o n\u00e3o poderia ser pior. Esse sil\u00eancio do chefe de governo, que esperou v\u00e1rios dias para falar \u2013 e para falar bobagem \u2013 ocorre porque o governo federal est\u00e1 acuado pelas organiza\u00e7\u00f5es criminosas. Em muitos estados, as fac\u00e7\u00f5es fizeram acordos com o governo nas elei\u00e7\u00f5es e, depois, para imp\u00f4r a paz dentro dos pres\u00eddios. Houve um acordo n\u00e3o\u00a0escrito com esse circuito criminoso. Hoje, o temor do governo \u00e9 que, como j\u00e1 est\u00e1 acontecendo, apare\u00e7am mais revoltas em outros estados.<\/p>\n<p>No caso de Manaus, o esc\u00e2ndalo maior \u00e9 que, al\u00e9m das execu\u00e7\u00f5es, houve 30 decapita\u00e7\u00f5es. Ora, por cinco decapita\u00e7\u00f5es em Palmira na S\u00edria todo mundo fica horrorizado. Aqui, como no Iraque, jogaram futebol com as cabe\u00e7as dos presos. E o governador do Amazonas ainda justificou que eles &#8220;n\u00e3o s\u00e3o santos&#8221;. Que hist\u00f3ria \u00e9 essa? Eles n\u00e3o s\u00e3o santos e ent\u00e3o mereciam ter sido executados?<\/p>\n<p>Como pode num pres\u00eddio ter uma placa na cela indicando que ali \u00e9 a sede do PCC? Quer dizer, quem hoje manda no sistema penitenci\u00e1rio brasileiro s\u00e3o as organiza\u00e7\u00f5es criminosas. H\u00e1 um conluio entre o Estado brasileiro e as fac\u00e7\u00f5es. O que acontece nas pris\u00f5es \u00e9 s\u00f3 a ponta do iceberg do tr\u00e1fico de drogas, lavagem de dinheiro nos bancos e empresas de fachada que n\u00e3o s\u00e3o investigadas. H\u00e1 uma impunidade generalizada em rela\u00e7\u00e3o \u00e0s organiza\u00e7\u00f5es criminosas. Esse \u00e9 um dos piores legados da ditadura que permanecem no Brasil, mas que a democracia consolida e aprofunda.<\/p>\n<p><strong>Os governo federal e estaduais est\u00e3o acuados pelas organiza\u00e7\u00f5es criminosas e fazendo acordos com interlocutores criminosos. Como as autoridades podem combater essas fac\u00e7\u00f5es e tomar de fato o controle sobre o sistema carcer\u00e1rio?<\/strong><\/p>\n<p>A quest\u00e3o primeira \u00e9 fazer uma investiga\u00e7\u00e3o sobre os neg\u00f3cios. A coisa mais simples \u00e9 adquirir bloqueadores de celular nos pres\u00eddios e impedir a comunica\u00e7\u00e3o dos presos com o mundo externo. Em Manaus n\u00e3o tinha isso, os presos t\u00eam celulares \u00e0 vontade. Em segundo lugar, \u00e9 preciso investigar o que ocorre fora da pris\u00e3o. As organiza\u00e7\u00f5es criminosas financiam mandatos de vereadores, deputados estaduais e federais e senadores, e o Estado brasileiro sabe de tudo isso, como j\u00e1 mostraram relat\u00f3rios da Pol\u00edcia Federal e a CPI do Crime Organizado. Sem contar a poss\u00edvel inger\u00eancia das fac\u00e7\u00f5es no sistema judici\u00e1rio, influenciando senten\u00e7as, absolvi\u00e7\u00f5es e liminares em favor desses grupos.<\/p>\n<p>N\u00e3o tem solu\u00e7\u00e3o m\u00e1gica. Isso \u00e9 algo que j\u00e1 est\u00e1 consolidado desde a volta \u00e0 democracia. N\u00e3o interessa ao atual governo, aos empres\u00e1rios e parlamentares comprados por organiza\u00e7\u00f5es criminosas mudar essa situa\u00e7\u00e3o. O Congresso n\u00e3o tem interesse em denunciar seus apoiares. Boa parte dos mandatos dos pol\u00edticos s\u00e3o comprados pelas organiza\u00e7\u00f5es criminosas. Todo o Estado brasileiro est\u00e1 carcomido e contaminado. E essa contamina\u00e7\u00e3o \u00e9 ainda maior devido \u00e0 ilegimitimidade do atual governo.<\/p>\n<p><strong>Ent\u00e3o, n\u00e3o \u00e9 poss\u00edvel no momento imaginar um sistema carcer\u00e1rio livre de acordos obscuros?<\/strong><\/p>\n<p>Temos a terceira maior popula\u00e7\u00e3o carcer\u00e1ria\u00a0do mundo, com quase metade dos presos ainda sem senten\u00e7a. \u00c9 algo inadministr\u00e1vel. \u00c9 preciso esvaziar o sistema carcer\u00e1rio. Agora o ministro incompetente da Justi\u00e7a\u00a0est\u00e1 propondo um plano de emerg\u00eancia, que \u00e9 s\u00f3 para enganar. Uma reforma depende de v\u00e1rias frentes \u2013 o Judici\u00e1rio, a pol\u00edcia, a administra\u00e7\u00e3o penitenci\u00e1ria e investiga\u00e7\u00f5es, principalmente\u00a0sobre lavagem de dinheiro. E o atual governo n\u00e3o tem nenhuma legitimidade ou autoridade moral para fazer isso. \u00c9 um governo de r\u00e9us. N\u00e3o d\u00e1 para resolver a quest\u00e3o com um novo plano para o sistema penitenci\u00e1rio quando se delega \u00e0s organiza\u00e7\u00f5es criminosas o controle da administra\u00e7\u00e3o das pris\u00f5es.<\/p>\n<div class=\"picBox\tfull\n\nrechts\n\"><a class=\"overlayLink init\" href=\"http:\/\/www.dw.com\/pt-br\/chacinas-evidenciam-conluio-do-estado-com-fac%C3%A7%C3%B5es\/a-37050516#\" rel=\"nofollow\"><img fetchpriority=\"high\" decoding=\"async\" title=\"Os presos 'n\u00e3o s\u00e3o santos' e ent\u00e3o mereciam ter sido executados, como diz o governador do Amazonas?, critica Pinheiro\" src=\"http:\/\/www.dw.com\/image\/37011827_401.jpg\" alt=\"Enterro de mortos em chacina em Manaus\" width=\"700\" height=\"394\" border=\"0\" \/><br \/>\n<\/a><span style=\"font-family: 'andale mono', monospace; font-size: 8pt;\">&#8220;Os presos &#8216;n\u00e3o s\u00e3o santos&#8217; e ent\u00e3o mereciam ter sido executados, como diz o governador do Amazonas?&#8221;, critica Pinheiro<\/span><\/div>\n<p><strong>E os efeitos das parcerias p\u00fablico-privadas para a administra\u00e7\u00e3o dos pres\u00eddios?<\/strong><\/p>\n<p>Isso j\u00e1 foi um desastre completo nos EUA e est\u00e1 sendo feito em surdina no Brasil. S\u00f3 o fato de em Manaus a empresa que administra o pres\u00eddio receber\u00a04.100 reais por preso, um valor superfaturado, mostra que o objetivo principal dessas empresas \u00e9 o lucro. \u00c9 perigos\u00edssimo o Estado delegar sua responsabilidade para empresas que visam ao lucro.<\/p>\n<p><strong>O senhor acha poss\u00edvel a implementa\u00e7\u00e3o de uma pol\u00edtica de desencarceramento no Brasil?<\/strong><\/p>\n<p>N\u00e3o d\u00e1 para pensar num modelo, mas medidas urgentes s\u00e3o necess\u00e1rias, como reduzir o n\u00famero de presos sem senten\u00e7a, que hoje s\u00e3o 250 mil. O sistema punitivo n\u00e3o pode ser baseado apenas na reclus\u00e3o. Nosso Judici\u00e1rio \u00e9 racista e baseado na ideologia da elite conservadora dominante, que acha que pode mandar os pobres, negros e miser\u00e1veis \u00e0 vontade para a pris\u00e3o. Eles n\u00e3o t\u00eam acesso ao Judici\u00e1rio. A Defensoria P\u00fablica est\u00e1 presente em poucos Estados, ou seja, eles nem t\u00eam advogado para se defender. Para mim, nada vai acontecer sem que regularizem a situa\u00e7\u00e3o desses mais de 200 mil presos.<\/p>\n<p><strong>E o papel da comunidade internacional? Diversos\u00a0casos de viola\u00e7\u00f5es nos pres\u00eddios, incluindo as chacinas no Amazonas e Roraima, j\u00e1 foram apresentados \u00e0 Corte Interamericana de Direitos Humanos.<\/strong><\/p>\n<p>Mesmo que senten\u00e7as n\u00e3o sejam proferidas, responsabilizar o Estado brasileiro por essa situa\u00e7\u00e3o \u00e9 muito salutar. A a\u00e7\u00e3o da sociedade civil deve ser no sentido de denunciar o governo brasileiro como respons\u00e1vel pelo atual cen\u00e1rio. Mesmo que n\u00e3o resulte em condena\u00e7\u00e3o, esse exerc\u00edcio \u00e9 muito pedag\u00f3gico para a sociedade brasileira. \u00c9 importante para as v\u00edtimas tamb\u00e9m. As ONGs t\u00eam que ajudar essas fam\u00edlias a processarem o governo do Amazonas e serem ressarcidas pela perda dos seus familiares. Quando se tem corrup\u00e7\u00e3o deslavada em todos os n\u00edveis do governo brasileiro, a luta \u00e9 dif\u00edcil.<\/p>\n<\/div>\n<p><span style=\"font-family: 'andale mono', monospace; font-size: 10pt;\">Fonte: <a href=\"http:\/\/www.dw.com\/pt-br\/chacinas-evidenciam-conluio-do-estado-com-fac%C3%A7%C3%B5es\/a-37050516#\" target=\"_blank\">dw.com<\/a><\/span><\/p>\n<\/div>\n","protected":false},"excerpt":{"rendered":"<p>Em entrevista \u00e0 DW Brasil, diplomata Paulo S\u00e9rgio Pinheiro comenta massacres em pres\u00eddios no Amazonas e em Roraima e rea\u00e7\u00e3o<\/p>\n","protected":false},"author":1,"featured_media":1252,"comment_status":"closed","ping_status":"open","sticky":false,"template":"","format":"standard","meta":{"colormag_page_container_layout":"default_layout","colormag_page_sidebar_layout":"default_layout","footnotes":""},"categories":[5],"tags":[255,259,251,258],"class_list":["post-1251","post","type-post","status-publish","format-standard","has-post-thumbnail","hentry","category-noticias","tag-justica","tag-massacre","tag-presidio","tag-violencia"],"_links":{"self":[{"href":"https:\/\/www.secpf.com.br\/site\/wp-json\/wp\/v2\/posts\/1251","targetHints":{"allow":["GET"]}}],"collection":[{"href":"https:\/\/www.secpf.com.br\/site\/wp-json\/wp\/v2\/posts"}],"about":[{"href":"https:\/\/www.secpf.com.br\/site\/wp-json\/wp\/v2\/types\/post"}],"author":[{"embeddable":true,"href":"https:\/\/www.secpf.com.br\/site\/wp-json\/wp\/v2\/users\/1"}],"replies":[{"embeddable":true,"href":"https:\/\/www.secpf.com.br\/site\/wp-json\/wp\/v2\/comments?post=1251"}],"version-history":[{"count":1,"href":"https:\/\/www.secpf.com.br\/site\/wp-json\/wp\/v2\/posts\/1251\/revisions"}],"predecessor-version":[{"id":1253,"href":"https:\/\/www.secpf.com.br\/site\/wp-json\/wp\/v2\/posts\/1251\/revisions\/1253"}],"wp:featuredmedia":[{"embeddable":true,"href":"https:\/\/www.secpf.com.br\/site\/wp-json\/wp\/v2\/media\/1252"}],"wp:attachment":[{"href":"https:\/\/www.secpf.com.br\/site\/wp-json\/wp\/v2\/media?parent=1251"}],"wp:term":[{"taxonomy":"category","embeddable":true,"href":"https:\/\/www.secpf.com.br\/site\/wp-json\/wp\/v2\/categories?post=1251"},{"taxonomy":"post_tag","embeddable":true,"href":"https:\/\/www.secpf.com.br\/site\/wp-json\/wp\/v2\/tags?post=1251"}],"curies":[{"name":"wp","href":"https:\/\/api.w.org\/{rel}","templated":true}]}}