{"id":1265,"date":"2017-01-19T07:44:12","date_gmt":"2017-01-19T09:44:12","guid":{"rendered":"http:\/\/www.secpf.com.br\/site\/?p=1265"},"modified":"2026-04-10T08:43:49","modified_gmt":"2026-04-10T11:43:49","slug":"donos-da-globo-estao-entre-as-oito-pessoas-que-tem-mais-de-metade-da-riqueza-do-pais","status":"publish","type":"post","link":"https:\/\/www.secpf.com.br\/site\/donos-da-globo-estao-entre-as-oito-pessoas-que-tem-mais-de-metade-da-riqueza-do-pais\/","title":{"rendered":"Donos da Globo est\u00e3o entre as oito pessoas que t\u00eam mais de metade da riqueza do pa\u00eds"},"content":{"rendered":"<p>Apenas os tr\u00eas irm\u00e3os Marinho, herdeiros do grupo Globo, e mais cinco homens possuem juntos a mesma riqueza que mais de 100 milh\u00f5es de brasileiros, que representam mais da metade da popula\u00e7\u00e3o do pa\u00eds. A fortuna acumulada pelos oito brasileiros mais ricos em 2016 \u00e9 estimada em R$ 285,8 bilh\u00f5es, segundo a revista Forbes. A conclus\u00e3o foi divulgada ontem (16), no F\u00f3rum Econ\u00f4mico Mundial, na Su\u00ed\u00e7a, pela ONG Oxfam, no estudo Uma economia humana para os 99%.<\/p>\n<p>Completam a lista dos mais ricos do Brasil, pela ordem: Jorge Paulo Lemann (s\u00f3cio da Ambev e dono da Budweiser, Burger King e Heinz); Joseph Safra (dono do banco Safra); Marcel Herrmann Telles (s\u00f3cio da Ambev e tamb\u00e9m dono da Budweiser, Burger King e Heinz); Carlos Alberto Sicupira (outro s\u00f3cio da Ambev e dono da Budweiser, Burger King e Heinz); Eduardo Saverin (cofundador do Facebook); e Jo\u00e3o Roberto Marinho (herdeiro do grupo Globo).<\/p>\n<p>Na sexta posi\u00e7\u00e3o da lista, Jo\u00e3o Roberto est\u00e1 empatado com seus irm\u00e3os Jos\u00e9 Roberto e Roberto Irineu Marinho, cada um dono de um patrim\u00f4nio avaliado em R$ 13,92 bilh\u00f5es. Se inclu\u00edsse os tr\u00eas \u2013 patrim\u00f4nio de quase R$ 42 bilh\u00f5es \u2013, a lista teria oito bilion\u00e1rios com ainda mais riqueza concentrada.<\/p>\n<p>A profunda desigualdade brasileira \u00e9 similar ao que acontece em \u00e2mbito mundial. De acordo com o estudo apresentado pela Oxfam, apenas oito homens possuem a mesma riqueza que os 3,6 bilh\u00f5es de pessoas da metade mais pobre da humanidade.<\/p>\n<p>Para Katia Maia, diretora-executiva da Oxfam, os grandes neg\u00f3cios e os indiv\u00edduos mais ricos do mundo est\u00e3o se aproveitando da crise econ\u00f4mica, pagando menos impostos, reduzindo sal\u00e1rios dos trabalhadores e influenciando a pol\u00edtica de seus pa\u00edses em benef\u00edcio pr\u00f3prio.<\/p>\n<p>Embora as fortunas de alguns bilion\u00e1rios possam ser atribu\u00eddas ao seu trabalho duro e talento, a an\u00e1lise da Oxfam para esse grupo indica que um ter\u00e7o do patrim\u00f4nio dos bilion\u00e1rios do mundo tem origem em riqueza herdada, enquanto 43% podem ser atribu\u00eddos ao favorecimento ou nepotismo\u201d, diz o documento.<\/p>\n<p>O documento associa ainda a concentra\u00e7\u00e3o de riqueza \u00e0 remessa de fortunas a para\u00edsos fiscais, associada a sonega\u00e7\u00e3o de impostos, e ao aumento do lucro de acionistas de empresas. Segundo a ONG, ocorre no mundo um aumento vertiginoso de ganhos dos altos executivos, enquanto sal\u00e1rios de trabalhadores n\u00e3o mudaram ou at\u00e9 diminu\u00edram.<\/p>\n<p>\u201cEm todo o mundo, empresas est\u00e3o implacavelmente empenhadas em reduzir seus custos com m\u00e3o de obra \u2013 e em garantir que os trabalhadores e fornecedores da sua cadeia de abastecimento fiquem com uma fatia cada vez menor do bolo econ\u00f4mico\u201d, afirma a ONG.<br \/>\nA constata\u00e7\u00e3o coincide com um fen\u00f4meno em curso no Brasil p\u00f3s-impeachment. Enquanto os controladores da Globo ostentam posi\u00e7\u00e3o bilion\u00e1ria no ranking, os ve\u00edculos da empresa dedicam seu notici\u00e1rio a defender projetos que reduzem direitos dos trabalhadores. A reforma da Previd\u00eancia tem sido alvo de s\u00e9ries de mat\u00e9rias especial nos telejornais e s\u00e3o frequentes editorias em defesa da \u201cflexibiliza\u00e7\u00e3o\u201d de leis trabalhistas e condenando a pol\u00edtica de valoriza\u00e7\u00e3o do sal\u00e1rio m\u00ednimo.<\/p>\n<p>&nbsp;<\/p>\n<p><span style=\"font-family: 'andale mono', monospace; font-size: 10pt;\">Fonte: <a href=\"http:\/\/www.diariodocentrodomundo.com.br\/essencial\/donos-da-globo-estao-entre-as-oito-pessoas-que-tem-mais-de-metade-da-riqueza-do-pais\/\" target=\"_blank\">Di\u00e1rio do Centro do Mundo<\/a><\/span><\/p>\n","protected":false},"excerpt":{"rendered":"<p>Apenas os tr\u00eas irm\u00e3os Marinho, herdeiros do grupo Globo, e mais cinco homens possuem juntos a mesma riqueza que mais<\/p>\n","protected":false},"author":1,"featured_media":1266,"comment_status":"closed","ping_status":"open","sticky":false,"template":"","format":"standard","meta":{"colormag_page_container_layout":"default_layout","colormag_page_sidebar_layout":"default_layout","footnotes":""},"categories":[5],"tags":[207,53,52],"class_list":["post-1265","post","type-post","status-publish","format-standard","has-post-thumbnail","hentry","category-noticias","tag-concentracao-de-renda","tag-desigualdade","tag-riqueza"],"_links":{"self":[{"href":"https:\/\/www.secpf.com.br\/site\/wp-json\/wp\/v2\/posts\/1265","targetHints":{"allow":["GET"]}}],"collection":[{"href":"https:\/\/www.secpf.com.br\/site\/wp-json\/wp\/v2\/posts"}],"about":[{"href":"https:\/\/www.secpf.com.br\/site\/wp-json\/wp\/v2\/types\/post"}],"author":[{"embeddable":true,"href":"https:\/\/www.secpf.com.br\/site\/wp-json\/wp\/v2\/users\/1"}],"replies":[{"embeddable":true,"href":"https:\/\/www.secpf.com.br\/site\/wp-json\/wp\/v2\/comments?post=1265"}],"version-history":[{"count":1,"href":"https:\/\/www.secpf.com.br\/site\/wp-json\/wp\/v2\/posts\/1265\/revisions"}],"predecessor-version":[{"id":1267,"href":"https:\/\/www.secpf.com.br\/site\/wp-json\/wp\/v2\/posts\/1265\/revisions\/1267"}],"wp:featuredmedia":[{"embeddable":true,"href":"https:\/\/www.secpf.com.br\/site\/wp-json\/wp\/v2\/media\/1266"}],"wp:attachment":[{"href":"https:\/\/www.secpf.com.br\/site\/wp-json\/wp\/v2\/media?parent=1265"}],"wp:term":[{"taxonomy":"category","embeddable":true,"href":"https:\/\/www.secpf.com.br\/site\/wp-json\/wp\/v2\/categories?post=1265"},{"taxonomy":"post_tag","embeddable":true,"href":"https:\/\/www.secpf.com.br\/site\/wp-json\/wp\/v2\/tags?post=1265"}],"curies":[{"name":"wp","href":"https:\/\/api.w.org\/{rel}","templated":true}]}}