{"id":1279,"date":"2017-01-27T19:44:46","date_gmt":"2017-01-27T21:44:46","guid":{"rendered":"http:\/\/www.secpf.com.br\/site\/?p=1279"},"modified":"2026-04-10T08:43:48","modified_gmt":"2026-04-10T11:43:48","slug":"estudo-do-mpt-considera-reforma-trabalhista-inconstitucional","status":"publish","type":"post","link":"https:\/\/www.secpf.com.br\/site\/estudo-do-mpt-considera-reforma-trabalhista-inconstitucional\/","title":{"rendered":"Estudo do MPT considera reforma trabalhista inconstitucional"},"content":{"rendered":"<p><strong><em>Material \u00e9 refor\u00e7o de peso na luta contra a tentativa do governo Temer para flexibilizar direitos dos trabalhadores<\/em><\/strong><\/p>\n<p>O Minist\u00e9rio P\u00fablico do Trabalho (MPT) divulgou, na ter\u00e7a-feira (24), um estudo que considera inconstitucional a proposta do governo Temer para a reforma trabalhista. Os procuradores tamb\u00e9m entenderam que a proposta traz impactos negativos na gera\u00e7\u00e3o de empregos.<\/p>\n<p><a href=\"http:\/\/cspconlutas.org.br\/wp-content\/uploads\/2017\/01\/n%C3%A3o-%C3%A0-reforma-trabalhista.jpg\"><img fetchpriority=\"high\" decoding=\"async\" class=\"size-full wp-image-136885 alignright\" src=\"http:\/\/cspconlutas.org.br\/wp-content\/uploads\/2017\/01\/n%C3%A3o-%C3%A0-reforma-trabalhista.jpg\" sizes=\"(max-width: 362px) 100vw, 362px\" srcset=\"http:\/\/cspconlutas.org.br\/wp-content\/uploads\/2017\/01\/n\u00e3o-\u00e0-reforma-trabalhista.jpg 362w, http:\/\/cspconlutas.org.br\/wp-content\/uploads\/2017\/01\/n\u00e3o-\u00e0-reforma-trabalhista-300x247.jpg 300w\" alt=\"\" width=\"362\" height=\"298\" \/><\/a><\/p>\n<p>O estudo foi apresentado numa reuni\u00e3o convocada pela Procuradoria-Geral do Trabalho, em Bras\u00edlia, com a participa\u00e7\u00e3o de ju\u00edzes e entidades sindicais. O presidente do Sindicato dos Metal\u00fargicos de S\u00e3o Jos\u00e9 dos Campos, Ant\u00f4nio Ferreira de Barros, o Macap\u00e1, foi convidado a participar do encontro e falou em nome do Sindicato e da CSP-Conlutas.<\/p>\n<p>Macap\u00e1 defendeu a realiza\u00e7\u00e3o de uma ampla campanha contra a reforma trabalhista e uma Greve Geral para colocar para fora o presidente Temer e o Congresso Nacional corrupto.<\/p>\n<p>Tamb\u00e9m estiveram presentes dirigentes da CUT, For\u00e7a Sindical, Intersindical, UGT e Nova Central, al\u00e9m de outros sindicatos.\u00a0Participaram ainda representantes da Anamatra (Associa\u00e7\u00e3o Nacional dos Magistrados da Justi\u00e7a do Trabalho) e da Organiza\u00e7\u00e3o Internacional do Trabalho (OIT).<\/p>\n<p><strong>Estudo condena reforma<\/strong><\/p>\n<p>O MPT apresentou quatro notas t\u00e9cnicas condenando os projetos de lei que comp\u00f5em a reforma trabalhista. Os procuradores recomendaram ao Congresso Nacional a total rejei\u00e7\u00e3o de dois projetos que trazem graves ataques aos trabalhadores.<\/p>\n<p>Um deles, o Projeto de Lei do Senado 6787\/2016, prev\u00ea a preval\u00eancia do negociado sobre o legislado, ou seja, acordos negociados entre patr\u00f5es e sindicatos passam a ter for\u00e7a superior \u00e0 lei. Entre os direitos amea\u00e7ados est\u00e3o a jornada m\u00ednima de trabalho, f\u00e9rias, intervalo para descanso e remunera\u00e7\u00e3o por produ\u00e7\u00e3o.<\/p>\n<p>Outro projeto (PLS 218) estabelece a jornada de trabalho intermitente, em que o trabalhador recebe por hora trabalhada, sem jornada m\u00ednima. Segundo o MPT, esse projeto viola frontalmente a Constitui\u00e7\u00e3o Federal e representa a precariza\u00e7\u00e3o das rela\u00e7\u00f5es de trabalho.<\/p>\n<p>\u201cEsse contrato n\u00e3o \u00e9 com jornada flex\u00edvel, como foi posto. \u00c9 um contrato com remunera\u00e7\u00e3o flex\u00edvel. Se eu fa\u00e7o um contrato em que eu vou pagar por hora e em determinado m\u00eas eu n\u00e3o tiver necessidade dele, eu n\u00e3o vou cham\u00e1-lo e ele n\u00e3o vai ganhar nada. N\u00e3o tem garantia de trabalho e de remunera\u00e7\u00e3o\u201d, disso disse o procurador-geral do Trabalho, Ronaldo Fleury.<\/p>\n<p>O MPT pede ainda altera\u00e7\u00f5es no projeto relativo \u00e0 regulamenta\u00e7\u00e3o da terceiriza\u00e7\u00e3o de atividades-fim, apontado como inconstitucional e prejudicial aos trabalhadores.<\/p>\n<p><strong>Debate com a sociedade<\/strong><\/p>\n<p>Vinte e oito entidades presentes na reuni\u00e3o assinaram uma \u201cCarta em defesa dos Direitos Sociais\u201d (acesse aqui a \u00edntegra da carta), pedindo a suspens\u00e3o da tramita\u00e7\u00e3o da reforma trabalhista e a organiza\u00e7\u00e3o de um amplo debate com toda a sociedade.<\/p>\n<p>Foi criado tamb\u00e9m um F\u00f3rum de Defesa do Direito do Trabalho e da Previd\u00eancia para promover a articula\u00e7\u00e3o social em torno da reforma trabalhista. Segundo o procurador-geral, a partir desse f\u00f3rum ser\u00e1 aberta uma discuss\u00e3o com o governo, Congresso Nacional e Judici\u00e1rio. Uma nova reuni\u00e3o entre as entidades j\u00e1 foi marcada para o dia 2 de fevereiro.<\/p>\n<p>&nbsp;<\/p>\n<p><span style=\"font-family: 'andale mono', monospace; font-size: 10pt;\"><em>Fonte: Sindicato dos Metal\u00fargicos de S\u00e3o Jos\u00e9 dos Campos<\/em><\/span><\/p>\n","protected":false},"excerpt":{"rendered":"<p>Material \u00e9 refor\u00e7o de peso na luta contra a tentativa do governo Temer para flexibilizar direitos dos trabalhadores O Minist\u00e9rio<\/p>\n","protected":false},"author":1,"featured_media":1280,"comment_status":"closed","ping_status":"open","sticky":false,"template":"","format":"standard","meta":{"colormag_page_container_layout":"default_layout","colormag_page_sidebar_layout":"default_layout","footnotes":""},"categories":[5],"tags":[179,235],"class_list":["post-1279","post","type-post","status-publish","format-standard","has-post-thumbnail","hentry","category-noticias","tag-direito-trabalhista","tag-reforma-trabalhista"],"_links":{"self":[{"href":"https:\/\/www.secpf.com.br\/site\/wp-json\/wp\/v2\/posts\/1279","targetHints":{"allow":["GET"]}}],"collection":[{"href":"https:\/\/www.secpf.com.br\/site\/wp-json\/wp\/v2\/posts"}],"about":[{"href":"https:\/\/www.secpf.com.br\/site\/wp-json\/wp\/v2\/types\/post"}],"author":[{"embeddable":true,"href":"https:\/\/www.secpf.com.br\/site\/wp-json\/wp\/v2\/users\/1"}],"replies":[{"embeddable":true,"href":"https:\/\/www.secpf.com.br\/site\/wp-json\/wp\/v2\/comments?post=1279"}],"version-history":[{"count":1,"href":"https:\/\/www.secpf.com.br\/site\/wp-json\/wp\/v2\/posts\/1279\/revisions"}],"predecessor-version":[{"id":1281,"href":"https:\/\/www.secpf.com.br\/site\/wp-json\/wp\/v2\/posts\/1279\/revisions\/1281"}],"wp:featuredmedia":[{"embeddable":true,"href":"https:\/\/www.secpf.com.br\/site\/wp-json\/wp\/v2\/media\/1280"}],"wp:attachment":[{"href":"https:\/\/www.secpf.com.br\/site\/wp-json\/wp\/v2\/media?parent=1279"}],"wp:term":[{"taxonomy":"category","embeddable":true,"href":"https:\/\/www.secpf.com.br\/site\/wp-json\/wp\/v2\/categories?post=1279"},{"taxonomy":"post_tag","embeddable":true,"href":"https:\/\/www.secpf.com.br\/site\/wp-json\/wp\/v2\/tags?post=1279"}],"curies":[{"name":"wp","href":"https:\/\/api.w.org\/{rel}","templated":true}]}}