{"id":1324,"date":"2017-03-09T17:20:26","date_gmt":"2017-03-09T20:20:26","guid":{"rendered":"http:\/\/www.secpf.com.br\/site\/?p=1324"},"modified":"2026-04-10T08:43:48","modified_gmt":"2026-04-10T11:43:48","slug":"sindicato-dos-metalurgicos-de-sao-jose-lanca-serie-de-videos-contra-a-reforma-da-previdencia","status":"publish","type":"post","link":"https:\/\/www.secpf.com.br\/site\/sindicato-dos-metalurgicos-de-sao-jose-lanca-serie-de-videos-contra-a-reforma-da-previdencia\/","title":{"rendered":"Sindicato dos Metal\u00fargicos de S\u00e3o Jos\u00e9 lan\u00e7a s\u00e9rie de v\u00eddeos contra a reforma da Previd\u00eancia"},"content":{"rendered":"<p>Como parte da campanha de conscientiza\u00e7\u00e3o contra a reforma da Previd\u00eancia, o Sindicato dos Metal\u00fargicos de S\u00e3o Jos\u00e9 dos Campos\/SP est\u00e1 lan\u00e7ando uma s\u00e9rie de v\u00eddeos que explicam os ataques contidos nesse projeto.<\/p>\n<p>O primeiro informa sobre o objetivo do governo que \u00e9 acabar com a aposentadoria e fazer o trabalhador morrer sem se aposentar.<\/p>\n<p><iframe src=\"https:\/\/www.youtube.com\/embed\/spC2kp4AJN4?rel=0&amp;showinfo=0\" width=\"640\" height=\"360\" frameborder=\"0\" allowfullscreen=\"allowfullscreen\"><\/iframe><\/p>\n<p>&nbsp;<\/p>\n<p>O segundo v\u00eddeo alerta para o suposto d\u00e9ficit da Previd\u00eancia t\u00e3o divulgado pelo governo e meios de comunica\u00e7\u00e3o.<\/p>\n<p><iframe src=\"https:\/\/www.youtube.com\/embed\/0XHhiOIrfLE?rel=0&amp;showinfo=0\" width=\"640\" height=\"360\" frameborder=\"0\" allowfullscreen=\"allowfullscreen\"><\/iframe><\/p>\n<p>&nbsp;<\/p>\n<p>O terceiro v\u00eddeo chama a aten\u00e7\u00e3o para\u00a0os impactos da reforma na vida das mulheres.<\/p>\n<p><iframe src=\"https:\/\/www.youtube.com\/embed\/pqFUtZRu0os?rel=0&amp;showinfo=0\" width=\"640\" height=\"360\" frameborder=\"0\" allowfullscreen=\"allowfullscreen\"><\/iframe><\/p>\n<p>&nbsp;<\/p>\n<p>&nbsp;<\/p>\n<p><em><span style=\"font-family: 'andale mono', monospace; font-size: 10pt;\">Fonte: <a href=\"http:\/\/cspconlutas.org.br\/2017\/03\/sindicato-dos-metalurgicos-de-sao-jose-dos-campos-lanca-serie-de-videos-contra-a-reforma-da-previdencia\/\" target=\"_blank\">cspconlutas.org.br<\/a><\/span><\/em><\/p>\n<p>&nbsp;<\/p>\n","protected":false},"excerpt":{"rendered":"<p>Como parte da campanha de conscientiza\u00e7\u00e3o contra a reforma da Previd\u00eancia, o Sindicato dos Metal\u00fargicos de S\u00e3o Jos\u00e9 dos Campos\/SP<\/p>\n","protected":false},"author":1,"featured_media":1325,"comment_status":"closed","ping_status":"open","sticky":false,"template":"","format":"video","meta":{"colormag_page_container_layout":"default_layout","colormag_page_sidebar_layout":"default_layout","footnotes":""},"categories":[5,26],"tags":[228,18,178,202,190],"class_list":["post-1324","post","type-post","status-publish","format-video","has-post-thumbnail","hentry","category-noticias","category-videos","tag-aposentadoria","tag-destaque","tag-previdencia","tag-reforma","tag-temer","post_format-post-format-video"],"_links":{"self":[{"href":"https:\/\/www.secpf.com.br\/site\/wp-json\/wp\/v2\/posts\/1324","targetHints":{"allow":["GET"]}}],"collection":[{"href":"https:\/\/www.secpf.com.br\/site\/wp-json\/wp\/v2\/posts"}],"about":[{"href":"https:\/\/www.secpf.com.br\/site\/wp-json\/wp\/v2\/types\/post"}],"author":[{"embeddable":true,"href":"https:\/\/www.secpf.com.br\/site\/wp-json\/wp\/v2\/users\/1"}],"replies":[{"embeddable":true,"href":"https:\/\/www.secpf.com.br\/site\/wp-json\/wp\/v2\/comments?post=1324"}],"version-history":[{"count":1,"href":"https:\/\/www.secpf.com.br\/site\/wp-json\/wp\/v2\/posts\/1324\/revisions"}],"predecessor-version":[{"id":1326,"href":"https:\/\/www.secpf.com.br\/site\/wp-json\/wp\/v2\/posts\/1324\/revisions\/1326"}],"wp:featuredmedia":[{"embeddable":true,"href":"https:\/\/www.secpf.com.br\/site\/wp-json\/wp\/v2\/media\/1325"}],"wp:attachment":[{"href":"https:\/\/www.secpf.com.br\/site\/wp-json\/wp\/v2\/media?parent=1324"}],"wp:term":[{"taxonomy":"category","embeddable":true,"href":"https:\/\/www.secpf.com.br\/site\/wp-json\/wp\/v2\/categories?post=1324"},{"taxonomy":"post_tag","embeddable":true,"href":"https:\/\/www.secpf.com.br\/site\/wp-json\/wp\/v2\/tags?post=1324"}],"curies":[{"name":"wp","href":"https:\/\/api.w.org\/{rel}","templated":true}]}}