{"id":1389,"date":"2017-05-15T18:07:43","date_gmt":"2017-05-15T21:07:43","guid":{"rendered":"http:\/\/www.secpf.com.br\/site\/?p=1389"},"modified":"2026-04-10T08:44:09","modified_gmt":"2026-04-10T11:44:09","slug":"temer-compra-ruralistas-com-perdao-de-divida-de-r-10-bi","status":"publish","type":"post","link":"https:\/\/www.secpf.com.br\/site\/temer-compra-ruralistas-com-perdao-de-divida-de-r-10-bi\/","title":{"rendered":"Temer compra ruralistas com perd\u00e3o de d\u00edvida de R$ 10 bi"},"content":{"rendered":"<p>Em mais um exemplo do toma-l\u00e1 d\u00e1-c\u00e1 de seu governo, em que esfola os pobres para dar aos ricos, Michel Temer agora vai usar um perd\u00e3o fiscal para comprar o apoio da bancada ruralista para a reforma da Previd\u00eancia; a equipe econ\u00f4mica decidiu perdoar os juros da d\u00edvida da contribui\u00e7\u00e3o social do empregador rural, um ponto bastante reivindicado pela bancada do agroneg\u00f3cio; passivo pode superar R$ 10 bilh\u00f5es.<\/p>\n<p>Michel Temer barganha com recursos p\u00fablicos, mais uma vez, o apoio do Congresso para suas reformas.<\/p>\n<p>Agora, para comprar o voto dos ruralistas para as altera\u00e7\u00f5es na Previd\u00eancia, que praticamente acabam com a aposentadoria do brasileiro, o peemedebista acena com um generoso perd\u00e3o de d\u00edvida.<\/p>\n<p>As informa\u00e7\u00f5es s\u00e3o da Coluna do Estad\u00e3o.<\/p>\n<p>&#8220;A equipe econ\u00f4mica decidiu perdoar os juros da d\u00edvida da contribui\u00e7\u00e3o social do empregador rural. O ministro da Fazenda, Henrique Meirelles, bateu o martelo nesse ponto reivindicado pela bancada ruralista do Congresso. O governo vai editar uma medida provis\u00f3ria para tratar do passivo do Funrural, o equivalente \u00e0 contribui\u00e7\u00e3o para a Previd\u00eancia do setor, cujo passivo pode superar R$ 10 bilh\u00f5es. Michel Temer se re\u00fane com a bancada hoje e deve anunciar a medida como moeda de troca para o apoio \u00e0 reforma previdenci\u00e1ria.&#8221;<\/p>\n<p>&nbsp;<\/p>\n<p><span style=\"font-family: 'andale mono', monospace; font-size: 10pt;\">Fonte: <a href=\"http:\/\/www.brasil247.com\/pt\/247\/economia\/295511\/Temer-compra-ruralistas-com-perd%C3%A3o-em-d%C3%ADvida-de-R$-10-bi.htm\" target=\"_blank\">brasil247.com<\/a><\/span><\/p>\n","protected":false},"excerpt":{"rendered":"<p>Em mais um exemplo do toma-l\u00e1 d\u00e1-c\u00e1 de seu governo, em que esfola os pobres para dar aos ricos, Michel<\/p>\n","protected":false},"author":1,"featured_media":1390,"comment_status":"closed","ping_status":"open","sticky":false,"template":"","format":"standard","meta":{"colormag_page_container_layout":"default_layout","colormag_page_sidebar_layout":"default_layout","footnotes":""},"categories":[5],"tags":[223,178,190],"class_list":["post-1389","post","type-post","status-publish","format-standard","has-post-thumbnail","hentry","category-noticias","tag-agronegocio","tag-previdencia","tag-temer"],"_links":{"self":[{"href":"https:\/\/www.secpf.com.br\/site\/wp-json\/wp\/v2\/posts\/1389","targetHints":{"allow":["GET"]}}],"collection":[{"href":"https:\/\/www.secpf.com.br\/site\/wp-json\/wp\/v2\/posts"}],"about":[{"href":"https:\/\/www.secpf.com.br\/site\/wp-json\/wp\/v2\/types\/post"}],"author":[{"embeddable":true,"href":"https:\/\/www.secpf.com.br\/site\/wp-json\/wp\/v2\/users\/1"}],"replies":[{"embeddable":true,"href":"https:\/\/www.secpf.com.br\/site\/wp-json\/wp\/v2\/comments?post=1389"}],"version-history":[{"count":1,"href":"https:\/\/www.secpf.com.br\/site\/wp-json\/wp\/v2\/posts\/1389\/revisions"}],"predecessor-version":[{"id":1391,"href":"https:\/\/www.secpf.com.br\/site\/wp-json\/wp\/v2\/posts\/1389\/revisions\/1391"}],"wp:featuredmedia":[{"embeddable":true,"href":"https:\/\/www.secpf.com.br\/site\/wp-json\/wp\/v2\/media\/1390"}],"wp:attachment":[{"href":"https:\/\/www.secpf.com.br\/site\/wp-json\/wp\/v2\/media?parent=1389"}],"wp:term":[{"taxonomy":"category","embeddable":true,"href":"https:\/\/www.secpf.com.br\/site\/wp-json\/wp\/v2\/categories?post=1389"},{"taxonomy":"post_tag","embeddable":true,"href":"https:\/\/www.secpf.com.br\/site\/wp-json\/wp\/v2\/tags?post=1389"}],"curies":[{"name":"wp","href":"https:\/\/api.w.org\/{rel}","templated":true}]}}