{"id":1448,"date":"2017-07-09T22:26:30","date_gmt":"2017-07-10T01:26:30","guid":{"rendered":"http:\/\/www.secpf.com.br\/site\/?p=1448"},"modified":"2026-04-10T08:44:09","modified_gmt":"2026-04-10T11:44:09","slug":"trabalhadores-foram-a-luta-em-todo-pais-apesar-do-recuo-de-centrais","status":"publish","type":"post","link":"https:\/\/www.secpf.com.br\/site\/trabalhadores-foram-a-luta-em-todo-pais-apesar-do-recuo-de-centrais\/","title":{"rendered":"Trabalhadores foram \u00e0 luta em todo pa\u00eds, apesar do recuo de centrais"},"content":{"rendered":"<p><a href=\"http:\/\/www.secpf.com.br\/site\/wp-content\/uploads\/2017\/07\/100717-mobilizacao-ruas.jpg\"><img fetchpriority=\"high\" decoding=\"async\" class=\"alignnone size-full wp-image-1449\" src=\"http:\/\/www.secpf.com.br\/site\/wp-content\/uploads\/2017\/07\/100717-mobilizacao-ruas.jpg\" alt=\"100717-mobilizacao-ruas\" width=\"700\" height=\"418\" srcset=\"https:\/\/www.secpf.com.br\/site\/wp-content\/uploads\/2017\/07\/100717-mobilizacao-ruas.jpg 700w, https:\/\/www.secpf.com.br\/site\/wp-content\/uploads\/2017\/07\/100717-mobilizacao-ruas-300x179.jpg 300w, https:\/\/www.secpf.com.br\/site\/wp-content\/uploads\/2017\/07\/100717-mobilizacao-ruas-247x146.jpg 247w\" sizes=\"(max-width: 700px) 100vw, 700px\" \/><br \/>\n<\/a><strong>Mobiliza\u00e7\u00f5es demonstraram disposi\u00e7\u00e3o de luta contra as reformas e o governo Temer<\/strong><\/p>\n<p>Com greves, paralisa\u00e7\u00f5es e protestos em todo pa\u00eds, trabalhadores de diversas categorias se mobilizaram na segunda Greve Geral contra Temer e suas reformas, nesta sexta-feira (30), apesar do recuo de algumas centrais sindicais. A mobiliza\u00e7\u00e3o mostrou que \u00e9 grande a insatisfa\u00e7\u00e3o com o governo e que, com luta, \u00e9 poss\u00edvel derrotar a retirada de direitos.<\/p>\n<p>Foram registrados protestos em todos os estados e no Distrito Federal, com piquetes, manifesta\u00e7\u00f5es em locais p\u00fablicos e bloqueios de estradas e rodovias. De norte a sul do Brasil, diversas categorias foram \u00e0 luta, como metal\u00fargicos, petroleiros, banc\u00e1rios, servidores p\u00fablicos, trabalhadores da constru\u00e7\u00e3o civil, dos Correios etc.<\/p>\n<p>Apesar da disposi\u00e7\u00e3o de luta demonstrada pelos trabalhadores, \u00e9 importante destacar que a greve poderia ter sido maior e mais forte, n\u00e3o fosse pelo recuo de algumas centrais sindicais.<\/p>\n<p>Em importantes cidades como S\u00e3o Jos\u00e9 dos Campos, Porto Alegre, Fortaleza e Recife, por exemplo, a greve foi forte, com a paralisa\u00e7\u00f5es nas f\u00e1bricas, canteiros de obras e transporte p\u00fablico.<\/p>\n<p>Em Bras\u00edlia, Goi\u00e2nia, Salvador, Bel\u00e9m e Recife, a circula\u00e7\u00e3o dos \u00f4nibus parou totalmente. Em Belo Horizonte e no Distrito Federal, o metr\u00f4 parou 100%. J\u00e1 em Porto Alegre, o governo recorreu ao aparato policial para colocar os \u00f4nibus nas ruas.<\/p>\n<p>\u201cA greve demonstrou que h\u00e1 sim disposi\u00e7\u00e3o de luta na classe trabalhadora contra as reformas. Por isso, consideramos um grave erro a atitude da For\u00e7a Sindical, UGT e da pr\u00f3pria CUT em tirarem o p\u00e9 do acelerador na reta final da convoca\u00e7\u00e3o. Em algumas cidades, as dire\u00e7\u00f5es chegaram a afirmar que n\u00e3o se tratava de uma Greve Geral, uma iniciativa clara de desmobiliza\u00e7\u00e3o\u201d, avalia Luiz Carlos Prates, o Mancha, da Executiva Nacional da CSP-Conlutas.<\/p>\n<p>\u201cA CSP-Conlutas colocou todos os seus esfor\u00e7os a favor da constru\u00e7\u00e3o da greve e reafirma que este continua sendo o caminho para derrotar os ataques do governo. Repudiamos a iniciativa das centrais em buscar negociar as reformas com Temer e esse Congresso de corruptos. \u00c9 preciso derrotar as reformas por completo\u201d, completa Mancha.<\/p>\n<p>Os trabalhadores tamb\u00e9m enfrentaram a forte repress\u00e3o da Pol\u00edcia Militar, que a servi\u00e7o dos empres\u00e1rios agiu com trucul\u00eancia para tentar impedir paralisa\u00e7\u00f5es e reprimir manifesta\u00e7\u00f5es. Somente em S\u00e3o Jos\u00e9 dos Campos, 22 manifestantes foram detidos.<\/p>\n<p>A disposi\u00e7\u00e3o de luta demonstrada no dia 30 deu o recado para o governo e para as centrais sindicais. \u00c9 preciso manter a unidade e a mobiliza\u00e7\u00e3o para derrotar por completo esse governo corrupto e o ataque aos direitos.<\/p>\n<p>&nbsp;<\/p>\n<p><span style=\"font-size: 10pt;\"><em><span style=\"font-family: 'trebuchet ms', geneva, sans-serif;\">Fonte: <a href=\"http:\/\/www.sindmetalsjc.org.br\/imprensa\/ultimas-noticias\/3549\/trabalhadores+foram+a+luta+em+todo+pais+apesar+do+recuo+de+centrais.htm\" target=\"_blank\">sindmetalsjc.org.br<\/a><\/span><\/em><\/span><\/p>\n","protected":false},"excerpt":{"rendered":"<p>Mobiliza\u00e7\u00f5es demonstraram disposi\u00e7\u00e3o de luta contra as reformas e o governo Temer Com greves, paralisa\u00e7\u00f5es e protestos em todo pa\u00eds,<\/p>\n","protected":false},"author":1,"featured_media":1449,"comment_status":"closed","ping_status":"open","sticky":false,"template":"","format":"standard","meta":{"colormag_page_container_layout":"default_layout","colormag_page_sidebar_layout":"default_layout","footnotes":""},"categories":[5],"tags":[180,235,190],"class_list":["post-1448","post","type-post","status-publish","format-standard","has-post-thumbnail","hentry","category-noticias","tag-mobilizacao","tag-reforma-trabalhista","tag-temer"],"_links":{"self":[{"href":"https:\/\/www.secpf.com.br\/site\/wp-json\/wp\/v2\/posts\/1448","targetHints":{"allow":["GET"]}}],"collection":[{"href":"https:\/\/www.secpf.com.br\/site\/wp-json\/wp\/v2\/posts"}],"about":[{"href":"https:\/\/www.secpf.com.br\/site\/wp-json\/wp\/v2\/types\/post"}],"author":[{"embeddable":true,"href":"https:\/\/www.secpf.com.br\/site\/wp-json\/wp\/v2\/users\/1"}],"replies":[{"embeddable":true,"href":"https:\/\/www.secpf.com.br\/site\/wp-json\/wp\/v2\/comments?post=1448"}],"version-history":[{"count":3,"href":"https:\/\/www.secpf.com.br\/site\/wp-json\/wp\/v2\/posts\/1448\/revisions"}],"predecessor-version":[{"id":1452,"href":"https:\/\/www.secpf.com.br\/site\/wp-json\/wp\/v2\/posts\/1448\/revisions\/1452"}],"wp:featuredmedia":[{"embeddable":true,"href":"https:\/\/www.secpf.com.br\/site\/wp-json\/wp\/v2\/media\/1449"}],"wp:attachment":[{"href":"https:\/\/www.secpf.com.br\/site\/wp-json\/wp\/v2\/media?parent=1448"}],"wp:term":[{"taxonomy":"category","embeddable":true,"href":"https:\/\/www.secpf.com.br\/site\/wp-json\/wp\/v2\/categories?post=1448"},{"taxonomy":"post_tag","embeddable":true,"href":"https:\/\/www.secpf.com.br\/site\/wp-json\/wp\/v2\/tags?post=1448"}],"curies":[{"name":"wp","href":"https:\/\/api.w.org\/{rel}","templated":true}]}}