{"id":1457,"date":"2017-07-10T23:11:56","date_gmt":"2017-07-11T02:11:56","guid":{"rendered":"http:\/\/www.secpf.com.br\/site\/?p=1457"},"modified":"2026-04-10T08:44:33","modified_gmt":"2026-04-10T11:44:33","slug":"manifesto-vem-ai-o-3o-congresso-nacional-da-csp-conlutas-de-12-a-15-de-outubro","status":"publish","type":"post","link":"https:\/\/www.secpf.com.br\/site\/manifesto-vem-ai-o-3o-congresso-nacional-da-csp-conlutas-de-12-a-15-de-outubro\/","title":{"rendered":"Manifesto: Vem a\u00ed o 3\u00ba Congresso Nacional da CSP-Conlutas, de 12 a 15 de outubro"},"content":{"rendered":"<p><a href=\"http:\/\/www.secpf.com.br\/site\/wp-content\/uploads\/2017\/07\/100717-3Congresso-CSPConlutas.png\"><img fetchpriority=\"high\" decoding=\"async\" class=\"alignnone size-full wp-image-1458\" src=\"http:\/\/www.secpf.com.br\/site\/wp-content\/uploads\/2017\/07\/100717-3Congresso-CSPConlutas.png\" alt=\"100717-3Congresso-CSPConlutas\" width=\"680\" height=\"296\" srcset=\"https:\/\/www.secpf.com.br\/site\/wp-content\/uploads\/2017\/07\/100717-3Congresso-CSPConlutas.png 680w, https:\/\/www.secpf.com.br\/site\/wp-content\/uploads\/2017\/07\/100717-3Congresso-CSPConlutas-300x131.png 300w\" sizes=\"(max-width: 680px) 100vw, 680px\" \/><\/a><\/p>\n<p>O 3\u00ba Congresso Nacional da CSP-Conlutas tem data marcada: de 12 a 15 de outubro deste ano. Um momento privilegiado para que os trabalhadores, jovens, movimentos populares, os que lutam contra as opress\u00f5es se re\u00fanam para pensar pol\u00edticas para o per\u00edodo seguinte para a Central e para avaliar a condu\u00e7\u00e3o desde o congresso anterior.<\/p>\n<p>A Coordena\u00e7\u00e3o Nacional da Central j\u00e1 aprovou o regimento interno, a programa\u00e7\u00e3o e os crit\u00e9rios de participa\u00e7\u00e3o. Em breve, divulgaremos mais informa\u00e7\u00f5es e lan\u00e7aremos o hotsite do congresso. Aguarde!<\/p>\n<p><strong>Manifesto de lan\u00e7amento do Congresso Nacional<\/strong><\/p>\n<p><strong>Vem ai o 3\u00ba Congresso Nacional da CSP-Conlutas.<\/strong><br \/>\n<strong>11 anos fortalecendo a unidade sindical e popular, classista e independente.<\/strong><\/p>\n<p>A CSP-Conlutas (Central Sindical e Popular) realiza de 12 a 15 de outubro de 2017 o seu 3\u00ba Congresso Nacional. S\u00e3o mais de 10 anos desde o in\u00edcio do que chamamos de novo processo de reorganiza\u00e7\u00e3o do movimento sindical e popular brasileiro e encaramos esse Congresso como sendo o 7\u00ba na constru\u00e7\u00e3o e afirma\u00e7\u00e3o de uma alternativa de dire\u00e7\u00e3o para o movimento de massas em nosso pa\u00eds. Para al\u00e9m de nos armar para as lutas imediatas, este congresso estar\u00e1 envolvido pela energia das comemora\u00e7\u00f5es dos 100 anos da Revolu\u00e7\u00e3o Russa, um dos maiores e mais importantes fatos da hist\u00f3ria da humanidade, que levou a que oper\u00e1rios e oper\u00e1rias, junto com o povo pobre, tomassem o poder daquele pa\u00eds.<\/p>\n<p>H\u00e1 quinhentos anos a injusti\u00e7a, a desigualdade, a opress\u00e3o e a explora\u00e7\u00e3o determinam a impossibilidade de uma vida digna para a maioria da popula\u00e7\u00e3o em nosso pa\u00eds. Quem \u00e9 pobre e trabalhador sempre precisou construir respostas, com muita teimosia, para seguir sobrevivendo em meio a tantas dificuldades e precariedade das condi\u00e7\u00f5es de vida. Temos de lutar pelo direito ao trabalho, que muitas vezes \u00e9 informal ou terceirizado, e ainda temos de lutar contra os baix\u00edssimos sal\u00e1rios, o alt\u00edssimo pre\u00e7o dos alugueis e do custo de vida. Al\u00e9m disso, todos os dias, temos de enfrentar as mais variadas formas de viol\u00eancia, como o genoc\u00eddio da juventude negra da periferia, e uma imensid\u00e3o de mazelas paridas pelo sistema e essa dita \u201cdemocracia\u201d que s\u00f3 protege os ricos. Mas na nossa hist\u00f3ria, nosso povo sempre lutou, nas resist\u00eancias ind\u00edgenas, nas senzalas e nos quilombos; nas greves com os nossos imigrantes, passando pelas revoltas regionais \u00e0 luta contra as ditaduras; nas lutas contra a retirada de direitos impostas pelos \u00faltimos governantes e na revolta de Jirau e Santo Ant\u00f4nio, no norte do pa\u00eds. E, agora, desde 2013 vimos que esse combate come\u00e7ou a tomar as ruas explodindo uma frustra\u00e7\u00e3o acumulada como h\u00e1 tempos n\u00e3o se via.<\/p>\n<p>De l\u00e1 pra c\u00e1 temos visto que as ruas, as f\u00e1bricas, as escolas, as ocupa\u00e7\u00f5es, os bairros n\u00e3o se aquietaram mais!<\/p>\n<p>Atualmente, nosso pa\u00eds est\u00e1 frente a uma conjuntura de profunda crise pol\u00edtica e econ\u00f4mica. Diante dela, o capitalismo lan\u00e7a milh\u00f5es de trabalhadores no desemprego e desfere violento ataque aos j\u00e1 parcos direitos de nossa classe. Consequentemente, nosso povo, resiste e luta protagonizando um dos maiores ascensos de nossa hist\u00f3ria. Para que nossa classe ven\u00e7a essa batalha, \u00e9 vital que nossa central, a CSP-Conlutas, siga se orientando pelo crit\u00e9rio da organiza\u00e7\u00e3o da mobiliza\u00e7\u00e3o como seu m\u00e9todo principal de luta e pela defesa intransigente do princ\u00edpio da INDEPEND\u00caNCIA DE CLASSE. Essa \u00e9 uma condi\u00e7\u00e3o imprescind\u00edvel para que possamos alcan\u00e7ar an\u00e1lises e delibera\u00e7\u00f5es pol\u00edticas de nosso 3\u00ba Congresso que permitam um audacioso plano de lutas que enfrente essa realidade e, pelas m\u00e3os de nossa classe, possamos por fim a esse hist\u00f3rico de explora\u00e7\u00e3o.<\/p>\n<p>Estamos vendo que a classe oper\u00e1ria retomou seu papel hist\u00f3rico, colocando-se \u00e0 frente e sendo parte ativa das greves gerais, paralisando a produ\u00e7\u00e3o em todo o pa\u00eds e demonstrando sua for\u00e7a. O movimento popular tamb\u00e9m se somou organizando a luta no territ\u00f3rio, trancando rodovias e avenidas, refor\u00e7ando os piquetes nas f\u00e1bricas, mobilizando nos bairros, nos \u00f4nibus e nas esta\u00e7\u00f5es de trem e metr\u00f4. Tamb\u00e9m tem se destacado a for\u00e7a da mulher trabalhadora que, pela explos\u00e3o ativa das manifesta\u00e7\u00f5es mundiais do \u00faltimo 8 de mar\u00e7o, tem demonstrado sua determina\u00e7\u00e3o e a\u00e7\u00e3o decisiva em cada a\u00e7\u00e3o de nossa classe. Esse processo \u00e9 uma demonstra\u00e7\u00e3o de que, n\u00f3s, o conjunto da classe trabalhadora, com o setor oper\u00e1rio \u00e0 frente, podemos tomar em nossas pr\u00f3prias m\u00e3os os destinos e o controle de nosso pa\u00eds. O caminho para alcan\u00e7armos esse objetivo \u00e9, sem sombra de d\u00favida, o da mobiliza\u00e7\u00e3o e da a\u00e7\u00e3o direta. Ser\u00e1 ocupando as ruas e lan\u00e7ando m\u00e3o do mecanismo da Greve Geral que poderemos preparar as condi\u00e7\u00f5es para que nos libertemos dessa situa\u00e7\u00e3o que j\u00e1 dura mais de cinco s\u00e9culos e, at\u00e9 agora, n\u00e3o mudou a nossa condi\u00e7\u00e3o de explorado e oprimido nessa sociedade. Nossa vit\u00f3ria \u00e9 t\u00e3o poss\u00edvel, quanto necess\u00e1ria. \u00c9 a servi\u00e7o do fortalecimento dessa estrat\u00e9gia transformadora que realizaremos o nosso 3\u00ba Congresso.<\/p>\n<p>Na CSP-Conlutas est\u00e3o os que se movem na defesa do Socialismo em substitui\u00e7\u00e3o ao Capitalismo. Este sistema que s\u00f3 favorece os ricos e tem levado a que milh\u00f5es de seres da nossa classe agonizem na imigra\u00e7\u00e3o, no flagelo, na fome e na morte em todas as partes do planeta. \u00c9 preciso ousar na compreens\u00e3o de que nossa classe, suas lutas, seus sonhos e suas conquistas t\u00eam, portanto, uma dimens\u00e3o Internacional. Est\u00e1 comprovado que n\u00e3o h\u00e1 sa\u00edda para as nossas vidas em unidade com os nossos inimigos de classe, sejam eles banqueiros, latifundi\u00e1rios, multinacionais ou grandes grupos empresariais, sempre se movem pela gan\u00e2ncia de seus lucros em detrimento da vida de quem trabalha. A hist\u00f3ria de nosso pa\u00eds est\u00e1 marcada pela submiss\u00e3o aos interesses imperialistas. Para nos libertarmos desse julgo, havemos de condenar o caminho da concilia\u00e7\u00e3o de classes, das ilus\u00f5es nos regimes eleitorais deles e apostarmos tudo em nossa a\u00e7\u00e3o direta e independente.<\/p>\n<p>Foi com essa compreens\u00e3o e voca\u00e7\u00e3o estrat\u00e9gica que, ao longo desses mais de 10 anos, nos enfrentamos com os governos petistas e \u00e9 com a mesma convic\u00e7\u00e3o que lutamos em defesa de nossos direitos trabalhistas, previdenci\u00e1rios e em franca oposi\u00e7\u00e3o a todas as medidas de ataques do governo Temer, assim como nos empenhamos por sua derrubada. Em nosso 3\u00ba Congresso, devemos afirmar e erguer todas as nossas bandeiras em defesa dos interesses da classe trabalhadora brasileira e intensificar a nossa busca pela mais ampla unidade de a\u00e7\u00e3o para que possamos derrotar o capitalismo e seus agentes. Desta forma, podermos, finalmente, governar esse pa\u00eds. S\u00f3 com essa estrat\u00e9gia poderemos responder \u00e0s necessidades da vida de quem produz e inverter o caos a que eles nos imp\u00f5em todos os dias.<\/p>\n<p>Para combater o desemprego, exigimos um imediato plano Emergencial de Obras P\u00fablicas, redu\u00e7\u00e3o da jornada de trabalho para 36h, sem redu\u00e7\u00e3o de sal\u00e1rio, estabilidade no emprego para todos, e a descriminaliza\u00e7\u00e3o dos trabalhadores informais, como os ambulantes, contra a corrup\u00e7\u00e3o, defendemos a pris\u00e3o e confisco dos bens de todos os corruptos e corruptores, bem como a estatiza\u00e7\u00e3o de todas as empresas envolvidas nesses esc\u00e2ndalos.<\/p>\n<p>Somos contra as propostas de reformas da Previd\u00eancia e Trabalhista, assim como defendemos a anula\u00e7\u00e3o das reformas efetuadas pelos governos anteriores, tanto do PSDB, como do PT, bem como da \u201clei da terceiriza\u00e7\u00e3o\u201d; tamb\u00e9m defendemos o fim do Fator Previdenci\u00e1rio e da DRU (Desvincula\u00e7\u00e3o de Receitas da Uni\u00e3o), que sangra at\u00e9 30% dos recursos da Previd\u00eancia para dar aos banqueiros nacionais e internacionais; defendemos o respeito, a valoriza\u00e7\u00e3o e amplia\u00e7\u00e3o dos servi\u00e7os e servidores p\u00fablicos como forma de melhorar as condi\u00e7\u00f5es de vida do nosso povo, por isso ser\u00e1 necess\u00e1rio mais concursos p\u00fablicos e contrata\u00e7\u00f5es nas tr\u00eas esferas da administra\u00e7\u00e3o p\u00fablica; para que se tenha dinheiro para investir em sa\u00fade, educa\u00e7\u00e3o, transporte e moradia, n\u00f3s defendemos a suspens\u00e3o imediata do pagamento da d\u00edvida p\u00fablica que leva, todo ano, metade do or\u00e7amento do pa\u00eds s\u00f3 para pagar juros e servi\u00e7os da d\u00edvida aos mesmos agiotas e bancos!<\/p>\n<p>Para que possamos ver essas medidas mais imediatas aplicadas em nosso pa\u00eds, depender\u00e1 de que tenhamos um governo de outro tipo. Um governo somente de trabalhadores e apoiado em seus organismos permanentes de base, nos bairros, nos locais de estudo e trabalho. N\u00f3s lutamos e podemos conquistar bandeiras hist\u00f3ricas do movimento e de nossa classe. Podemos e devemos reparar as perdas, as dores e as mortes de nosso povo negro, subjugado por mais de 300 anos de escravid\u00e3o e preconceito. Podemos e devemos defender e reparar a dor e sofrimento de nossos povos origin\u00e1rios, ind\u00edgena e quilombola, que at\u00e9 hoje seguem sendo exterminados pelas balas do latif\u00fandio. Podemos e devemos por fim a viol\u00eancia machista, aos estupros, espancamentos, explora\u00e7\u00e3o sexual e assassinatos de mulheres e de LGBT\u2019s. Podemos garantir uma verdadeira reforma urbana que garanta moradia, conv\u00edvio e reconquista do territ\u00f3rio ao povo pobre e trabalhador. Na nossa terra, t\u00e3o extensa e f\u00e9rtil, podemos impor a t\u00e3o sonhada e poss\u00edvel reforma agr\u00e1ria para que, sem indeniza\u00e7\u00e3o aos ricos latifundi\u00e1rios e donos da agroind\u00fastria, garantamos terra a quem nela trabalha. Defenderemos de maneira intransigente nossas florestas e nossa biodiversidade. \u00c9 poss\u00edvel conquistarmos o direito ao trabalho, igualdade de condi\u00e7\u00f5es de sal\u00e1rio, moradia e cultura e uma vida digna para todos e todas.<\/p>\n<p>O 3\u00ba Congresso Nacional da CSP-Conlutas deve dar ainda mais corpo ao car\u00e1ter sindical e popular de nossa Central. \u00c9 isso que permite juntar em uma s\u00f3 organiza\u00e7\u00e3o todos os segmentos da classe trabalhadora, da juventude e do povo pobre de nosso pa\u00eds. Essa unidade nos permite dar a nossas lutas objetivas o sentido pol\u00edtico comum e estrat\u00e9gico de nossa liberta\u00e7\u00e3o e pormos fim \u00e0 explora\u00e7\u00e3o e todas as formas de opress\u00e3o e intoler\u00e2ncia. N\u00e3o h\u00e1 hip\u00f3tese de acabar com o machismo, a xenofobia, o racismo ou a LGBTfobia, sem sepultarmos o capitalismo. Ao mesmo tempo, n\u00e3o \u00e9 poss\u00edvel conquistar nosso projeto sem combater desde j\u00e1 esses preconceitos que dividem nossa classe, porque o futuro que queremos n\u00e3o pode ser constru\u00eddo em base \u00e0 opress\u00e3o de nenhuma parte de nossa classe. \u00c9 preciso que incorporemos a arte no cotidiano da nossa Central, como ferramenta importante na disputa que queremos fazer, de modo a criarmos n\u00f3s os nossos s\u00edmbolos e sermos n\u00f3s a contar e representar nossa hist\u00f3ria e nossa luta. Junto a essas demandas agregam-se ainda a defesa de uma infinidade de bandeiras e conquistas democr\u00e1ticas, como o direito \u00e0 liberdade de lutar; o direito \u00e0 sa\u00fade e seguran\u00e7a no trabalho (cujas maiores v\u00edtimas s\u00e3o os terceirizados); o fim da criminaliza\u00e7\u00e3o dos movimentos e das luta; o fim da guerra \u00e0s drogas \u2013 esse instrumento de genoc\u00eddio nas quebradas do nosso pa\u00eds; o fim da PM e sua viol\u00eancia contra o povo pobre negro da periferia; a demarca\u00e7\u00e3o das terras ind\u00edgenas e titula\u00e7\u00e3o das terras quilombolas; o resgate e manuten\u00e7\u00e3o da cultura dos povos origin\u00e1rios; o fim do controle do uso e ocupa\u00e7\u00e3o do solo e controle do pre\u00e7o dos alugu\u00e9is, por especuladores e pelo mercado imobili\u00e1rio; a defesa e a preserva\u00e7\u00e3o das florestas; o direito de autodefesa do povo; entre outros.<\/p>\n<p>S\u00e3o com esses objetivos e compreens\u00e3o que devemos fortalecer a nossa central, a CSP-Conlutas, e buscar aprofundar a independ\u00eancia de classe como nosso pilar de nossa organiza\u00e7\u00e3o; a mobiliza\u00e7\u00e3o como forma predileta de nossa luta; o car\u00e1ter sindical e popular como forma de expressar a realidade da classe e, nesse sentido, como forma ordenadora capaz de unificar amplamente a nossa classe, sendo capaz de abarcar as mais variadas formas de luta que s\u00e3o desenvolvidas; o apoio m\u00fatuo e solidariedade ativa entre os trabalhadores empregados e desempregados e com todos os membros da nossa classe; a solidariedade internacional ativa como necessidade estrat\u00e9gica de nossa vit\u00f3ria. Finalmente, devemos garantir autonomia de nossa central frente aos partidos e organiza\u00e7\u00f5es pol\u00edticas e seguir repousando nossa confian\u00e7a no futuro da Central via o m\u00e9todo da democracia oper\u00e1ria como o princ\u00edpio para exerc\u00edcio de nossas lutas, demandas e desafios.<\/p>\n<p>Acreditamos que no Brasil h\u00e3o de tremular, de maneira generalizada, as bandeiras vermelhas da liberdade. Elas estar\u00e3o empunhadas por homens, mulheres e jovens da nossa classe que, em todos os recantos de nosso continente, as sentir\u00e3o dan\u00e7ar pela for\u00e7a e ensinamentos da Revolu\u00e7\u00e3o de Outubro. Em pouco mais de 10 anos, construindo a CSP-Conlutas, esse sopro centen\u00e1rio norteou os nossos sonhos, moveu as nossas a\u00e7\u00f5es e nos mantiveram audazes nas trincheiras da luta de classes. Que assim sigamos, at\u00e9 a nossa vit\u00f3ria.<\/p>\n<p>&nbsp;<\/p>\n<p><strong>Viva o 3\u00ba Congresso da CSP-Conlutas!<\/strong><br \/>\n<strong>Viva os 100 anos da Revolu\u00e7\u00e3o Russa!<\/strong><\/p>\n<p><strong>11 ANOS DA CSP-CONLUTAS<\/strong><br \/>\n<strong>FORTALECENDO A UNIDADE SINDICAL E POPULAR, CLASSISTA E INDEPENDENTE!<\/strong><\/p>\n<p>&nbsp;<\/p>\n<p><em><span style=\"font-family: verdana, geneva, sans-serif; font-size: 10pt;\">Fonte: <a href=\"http:\/\/cspconlutas.org.br\/2017\/06\/manifesto-vem-ai-o-3o-congresso-nacional-da-csp-conlutas\/\" target=\"_blank\">CSPConlutas.org.br<\/a><\/span><\/em><\/p>\n","protected":false},"excerpt":{"rendered":"<p>O 3\u00ba Congresso Nacional da CSP-Conlutas tem data marcada: de 12 a 15 de outubro deste ano. Um momento privilegiado<\/p>\n","protected":false},"author":1,"featured_media":1458,"comment_status":"closed","ping_status":"open","sticky":false,"template":"","format":"standard","meta":{"colormag_page_container_layout":"default_layout","colormag_page_sidebar_layout":"default_layout","footnotes":""},"categories":[5],"tags":[278,167,18,279],"class_list":["post-1457","post","type-post","status-publish","format-standard","has-post-thumbnail","hentry","category-noticias","tag-congresso","tag-csp-conlutas","tag-destaque","tag-manifesto"],"_links":{"self":[{"href":"https:\/\/www.secpf.com.br\/site\/wp-json\/wp\/v2\/posts\/1457","targetHints":{"allow":["GET"]}}],"collection":[{"href":"https:\/\/www.secpf.com.br\/site\/wp-json\/wp\/v2\/posts"}],"about":[{"href":"https:\/\/www.secpf.com.br\/site\/wp-json\/wp\/v2\/types\/post"}],"author":[{"embeddable":true,"href":"https:\/\/www.secpf.com.br\/site\/wp-json\/wp\/v2\/users\/1"}],"replies":[{"embeddable":true,"href":"https:\/\/www.secpf.com.br\/site\/wp-json\/wp\/v2\/comments?post=1457"}],"version-history":[{"count":1,"href":"https:\/\/www.secpf.com.br\/site\/wp-json\/wp\/v2\/posts\/1457\/revisions"}],"predecessor-version":[{"id":1459,"href":"https:\/\/www.secpf.com.br\/site\/wp-json\/wp\/v2\/posts\/1457\/revisions\/1459"}],"wp:featuredmedia":[{"embeddable":true,"href":"https:\/\/www.secpf.com.br\/site\/wp-json\/wp\/v2\/media\/1458"}],"wp:attachment":[{"href":"https:\/\/www.secpf.com.br\/site\/wp-json\/wp\/v2\/media?parent=1457"}],"wp:term":[{"taxonomy":"category","embeddable":true,"href":"https:\/\/www.secpf.com.br\/site\/wp-json\/wp\/v2\/categories?post=1457"},{"taxonomy":"post_tag","embeddable":true,"href":"https:\/\/www.secpf.com.br\/site\/wp-json\/wp\/v2\/tags?post=1457"}],"curies":[{"name":"wp","href":"https:\/\/api.w.org\/{rel}","templated":true}]}}