{"id":1465,"date":"2017-07-13T16:04:31","date_gmt":"2017-07-13T19:04:31","guid":{"rendered":"http:\/\/www.secpf.com.br\/site\/?p=1465"},"modified":"2026-04-10T08:44:33","modified_gmt":"2026-04-10T11:44:33","slug":"senado-corrupto-aprova-reforma-trabalhista-vamos-as-ruas","status":"publish","type":"post","link":"https:\/\/www.secpf.com.br\/site\/senado-corrupto-aprova-reforma-trabalhista-vamos-as-ruas\/","title":{"rendered":"Senado corrupto aprova reforma trabalhista. Vamos \u00e0s ruas!"},"content":{"rendered":"<h3>Medida rasga CLT e acaba com direitos hist\u00f3ricos dos trabalhadores<\/h3>\n<figure id=\"attachment_1466\" aria-describedby=\"caption-attachment-1466\" style=\"width: 800px\" class=\"wp-caption alignnone\"><a href=\"http:\/\/www.secpf.com.br\/site\/wp-content\/uploads\/2017\/07\/130717-reforma-trabalhista-senadores.jpg\"><img fetchpriority=\"high\" decoding=\"async\" class=\"size-full wp-image-1466\" src=\"http:\/\/www.secpf.com.br\/site\/wp-content\/uploads\/2017\/07\/130717-reforma-trabalhista-senadores.jpg\" alt=\"Bras\u00edlia - Senadores A\u00e9cio Neves e Romero Juc\u00e1 durante sess\u00e3o para vota\u00e7\u00e3o da Reforma Trabalhista (Marcelo Camargo\/Ag\u00eancia Brasil)\" width=\"800\" height=\"533\" srcset=\"https:\/\/www.secpf.com.br\/site\/wp-content\/uploads\/2017\/07\/130717-reforma-trabalhista-senadores.jpg 800w, https:\/\/www.secpf.com.br\/site\/wp-content\/uploads\/2017\/07\/130717-reforma-trabalhista-senadores-300x200.jpg 300w\" sizes=\"(max-width: 800px) 100vw, 800px\" \/><\/a><figcaption id=\"caption-attachment-1466\" class=\"wp-caption-text\">Bras\u00edlia &#8211; Senadores A\u00e9cio Neves e Romero Juc\u00e1 durante sess\u00e3o para vota\u00e7\u00e3o da Reforma Trabalhista (Marcelo Camargo\/Ag\u00eancia Brasil)<\/figcaption><\/figure>\n<p>Essa ter\u00e7a-feira (11) ficar\u00e1 marcada como o dia em que aconteceu o maior ataque aos direitos trabalhistas no pa\u00eds. Com 50 votos favor\u00e1veis, a reforma trabalhista de Michel Temer (PMDB) foi aprovada pelo Senado e vai precarizar ainda mais a situa\u00e7\u00e3o dos trabalhadores.<\/p>\n<p>Em um momento de descr\u00e9dito, em que mais de 65% da popula\u00e7\u00e3o diz n\u00e3o confiar no Congresso Nacional, apenas 26 senadores votaram contra a reforma. Agora o projeto segue para san\u00e7\u00e3o do presidente Temer.<\/p>\n<p><b>Ataque a direitos hist\u00f3ricos<\/b><br \/>\nA reforma altera mais de cem pontos da CLT e permite que 15 sejam negociados, dentre eles, a redu\u00e7\u00e3o da pausa para alimenta\u00e7\u00e3o para meia hora, parcelamento das f\u00e9rias em tr\u00eas vezes, aumento da jornada de trabalho, dentre outros.<\/p>\n<p>Um dos mais graves pontos da reforma \u00e9 a preval\u00eancia do negociado sobre o legislado, ou seja, os patr\u00f5es poder\u00e3o negociar com os trabalhadores termos abaixo do que hoje \u00e9 previsto na legisla\u00e7\u00e3o. Na pr\u00e1tica, os patr\u00f5es poder\u00e3o retirar direitos que hoje s\u00e3o garantidos.<\/p>\n<p>A reforma tamb\u00e9m prev\u00ea a cria\u00e7\u00e3o do trabalho intermitente. Nessa modalidade o trabalhador recebe apenas pelas horas trabalhadas, ficando \u00e0 disposi\u00e7\u00e3o da empresa. Em outras palavras, recebe apenas \u201cquando tem servi\u00e7o\u201d.<\/p>\n<p><b>Reforma \u00e9 inconstitucional e viola conven\u00e7\u00f5es internacionais<\/b><br \/>\nEnquanto os empres\u00e1rios est\u00e3o rindo \u00e0 toa, \u00f3rg\u00e3os como o Minist\u00e9rio P\u00fablico do Trabalho (MPT) e a Organiza\u00e7\u00e3o Internacional do Trabalho (OIT) demonstram preocupa\u00e7\u00e3o.<\/p>\n<p>Segundo relat\u00f3rio do MPT, ao menos 12 pontos da reforma ferem direitos constitucionais. O relat\u00f3rio afirma ainda que esses pontos violam princ\u00edpios da dignidade humana e da prote\u00e7\u00e3o social do trabalho. A entidade estuda entrar com uma a\u00e7\u00e3o direta de inconstitucionalidade no STF ou com a\u00e7\u00f5es civis p\u00fablicas nas inst\u00e2ncias inferiores.<\/p>\n<p>Uma carta da OIT refor\u00e7a as cr\u00edticas e aponta viola\u00e7\u00f5es a conven\u00e7\u00f5es internacionais assinadas pelo Brasil. Al\u00e9m da conven\u00e7\u00e3o 144, que exige audi\u00eancias entre trabalhadores, empregadores e governo, teriam sido violadas as conven\u00e7\u00f5es 98, 115 e 154, que tratam, respectivamente, do direito \u00e0 sindicaliza\u00e7\u00e3o, da negocia\u00e7\u00e3o coletiva e da prote\u00e7\u00e3o dos funcion\u00e1rios p\u00fablicos no exerc\u00edcio sindical.<br \/>\n<b><br \/>\nCaminho \u00e9 a luta<\/b><br \/>\nApesar de ser um duro golpe contra os trabalhadores, a aprova\u00e7\u00e3o da reforma n\u00e3o pode significar o fim da luta. Somente a mobiliza\u00e7\u00e3o pode pressionar o governo e o Congresso Nacional a recuarem na reforma trabalhista e barrar a reforma da Previd\u00eancia, que ainda segue para vota\u00e7\u00e3o.<\/p>\n<p>\u201cA aprova\u00e7\u00e3o da reforma n\u00e3o significa que a luta acabou. Os trabalhadores j\u00e1 mostraram sua disposi\u00e7\u00e3o de luta na Greve Geral. \u00c9 hora de intensificar a luta para derrotar essa reforma e botar pra fora Temer e esse Congresso de corruptos\u201d, afirma o diretor do Sindicato Emerson de Lima, o Binho.<\/p>\n<p><b>Confira a lista dos senadores que aprovaram a reforma trabalhista:<\/b><br \/>\nA\u00e9cio Neves (PSDB-MG)<br \/>\nAirton Sandoval (PMDB-SP)<br \/>\nAna Am\u00e9lia (PP-RS)<br \/>\nAntonio Anastasia (PSDB-MG)<br \/>\nArmando Monteiro (PTB-PE)<br \/>\nAta\u00eddes Oliveira (PSDB-TO)<br \/>\nBenedito de Lira (PP-AL)<br \/>\nC\u00e1ssio Cunha Lima (PSDB-PB)<br \/>\nCidinho Santos (PR-MT)<br \/>\nCiro Nogueira (PP-PI)<br \/>\nCristovam Buarque (PPS-DF)<br \/>\nDalirio Beber (PSDB-SC)<br \/>\nD\u00e1rio Berger (PMDB-SC)<br \/>\nDavi Alcolumbre (DEM-AP)<br \/>\nEdison Lob\u00e3o (PMDB-MA)<br \/>\nEduardo Lopes (PRB-RJ)<br \/>\nElmano F\u00e9rrer (PMDB-PI)<br \/>\nFernando Bezerra Coelho (PSB-PE)<br \/>\nFlexa Ribeiro (PSDB-PA)<br \/>\nGaribaldi Alves Filho (PMDB-RN)<br \/>\nGladson Cameli (PP-AC)<br \/>\nIvo Cassol (PP-RO)<br \/>\nJader Barbalho (PMDB-PA)<br \/>\nJo\u00e3o Alberto Souza (PMDB-MA)<br \/>\nJos\u00e9 Agripino (DEM-RN)<br \/>\nJos\u00e9 Maranh\u00e3o (PMDB-PB)<br \/>\nJos\u00e9 Medeiros (PSD-MT)<br \/>\nJos\u00e9 Serra (PSDB-SP)<br \/>\nLasier Martins (PSD-RS)<br \/>\nMagno Malta (PR-ES)<br \/>\nMarta Suplicy (PMDB-SP)<br \/>\nOmar Aziz (PSD-AM)<br \/>\nPaulo Bauer (PSDB-SC)<br \/>\nPedro Chaves (PSC-MS)<br \/>\nRaimundo Lira (PMDB-PB)<br \/>\nRicardo Ferra\u00e7o (PSDB-ES)<br \/>\nRoberto Muniz (PP-BA)<br \/>\nRoberto Rocha (PSB-MA)<br \/>\nRomero Juc\u00e1 (PMDB-RR)<br \/>\nRonaldo Caiado (DEM-GO)<br \/>\nRose de Freitas (PMDB-ES)<br \/>\nS\u00e9rgio Petec\u00e3o (PSD-AC)<br \/>\nSimone Tebet (PMDB-MS)<br \/>\nTasso Jereissati (PSDB-CE)<br \/>\nValdir Raupp (PMDB-RO)<br \/>\nVicentinho Alves (PR-TO)<br \/>\nWaldemir Moka (PMDB-MS)<br \/>\nWellington Fagundes (PR-MT)<br \/>\nWilder Morais (PP-GO)<br \/>\nZeze Perrella (PMDB-MG)<\/p>\n<p>&nbsp;<\/p>\n<p><em><span style=\"font-family: 'trebuchet ms', geneva, sans-serif; font-size: 10pt;\">Fonte: <a href=\"http:\/\/www.sindmetalsjc.org.br\/imprensa\/ultimas-noticias\/3564\/senado+corrupto+aprova+reforma+trabalhista+vamos+as+ruas.htm\" target=\"_blank\">sindmetalsjc.org.br<\/a><\/span><\/em><\/p>\n","protected":false},"excerpt":{"rendered":"<p>Medida rasga CLT e acaba com direitos hist\u00f3ricos dos trabalhadores Essa ter\u00e7a-feira (11) ficar\u00e1 marcada como o dia em que<\/p>\n","protected":false},"author":1,"featured_media":1466,"comment_status":"closed","ping_status":"open","sticky":false,"template":"","format":"standard","meta":{"colormag_page_container_layout":"default_layout","colormag_page_sidebar_layout":"default_layout","footnotes":""},"categories":[5],"tags":[271,18,235,123,190],"class_list":["post-1465","post","type-post","status-publish","format-standard","has-post-thumbnail","hentry","category-noticias","tag-clt","tag-destaque","tag-reforma-trabalhista","tag-senado","tag-temer"],"_links":{"self":[{"href":"https:\/\/www.secpf.com.br\/site\/wp-json\/wp\/v2\/posts\/1465","targetHints":{"allow":["GET"]}}],"collection":[{"href":"https:\/\/www.secpf.com.br\/site\/wp-json\/wp\/v2\/posts"}],"about":[{"href":"https:\/\/www.secpf.com.br\/site\/wp-json\/wp\/v2\/types\/post"}],"author":[{"embeddable":true,"href":"https:\/\/www.secpf.com.br\/site\/wp-json\/wp\/v2\/users\/1"}],"replies":[{"embeddable":true,"href":"https:\/\/www.secpf.com.br\/site\/wp-json\/wp\/v2\/comments?post=1465"}],"version-history":[{"count":2,"href":"https:\/\/www.secpf.com.br\/site\/wp-json\/wp\/v2\/posts\/1465\/revisions"}],"predecessor-version":[{"id":1468,"href":"https:\/\/www.secpf.com.br\/site\/wp-json\/wp\/v2\/posts\/1465\/revisions\/1468"}],"wp:featuredmedia":[{"embeddable":true,"href":"https:\/\/www.secpf.com.br\/site\/wp-json\/wp\/v2\/media\/1466"}],"wp:attachment":[{"href":"https:\/\/www.secpf.com.br\/site\/wp-json\/wp\/v2\/media?parent=1465"}],"wp:term":[{"taxonomy":"category","embeddable":true,"href":"https:\/\/www.secpf.com.br\/site\/wp-json\/wp\/v2\/categories?post=1465"},{"taxonomy":"post_tag","embeddable":true,"href":"https:\/\/www.secpf.com.br\/site\/wp-json\/wp\/v2\/tags?post=1465"}],"curies":[{"name":"wp","href":"https:\/\/api.w.org\/{rel}","templated":true}]}}