{"id":1475,"date":"2017-07-17T21:54:06","date_gmt":"2017-07-18T00:54:06","guid":{"rendered":"http:\/\/www.secpf.com.br\/site\/?p=1475"},"modified":"2026-04-10T08:44:32","modified_gmt":"2026-04-10T11:44:32","slug":"a-verdade-por-tras-de-7-mitos-sobre-a-reforma-trabalhista","status":"publish","type":"post","link":"https:\/\/www.secpf.com.br\/site\/a-verdade-por-tras-de-7-mitos-sobre-a-reforma-trabalhista\/","title":{"rendered":"A verdade por tr\u00e1s de 7 mitos sobre a reforma trabalhista"},"content":{"rendered":"<p><a href=\"http:\/\/www.secpf.com.br\/site\/wp-content\/uploads\/2017\/07\/170717-7mitos-da-reforma.jpg\"><img fetchpriority=\"high\" decoding=\"async\" class=\"alignnone size-full wp-image-1477\" src=\"http:\/\/www.secpf.com.br\/site\/wp-content\/uploads\/2017\/07\/170717-7mitos-da-reforma.jpg\" alt=\"170717-7mitos-da-reforma\" width=\"1140\" height=\"483\" srcset=\"https:\/\/www.secpf.com.br\/site\/wp-content\/uploads\/2017\/07\/170717-7mitos-da-reforma.jpg 1140w, https:\/\/www.secpf.com.br\/site\/wp-content\/uploads\/2017\/07\/170717-7mitos-da-reforma-300x127.jpg 300w, https:\/\/www.secpf.com.br\/site\/wp-content\/uploads\/2017\/07\/170717-7mitos-da-reforma-1024x434.jpg 1024w\" sizes=\"(max-width: 1140px) 100vw, 1140px\" \/><\/a><\/p>\n<p>Durante as discuss\u00f5es da\u00a0<strong><a href=\"http:\/\/exame.abril.com.br\/noticias-sobre\/reforma-trabalhista\" target=\"_blank\" data-id=\"113\" data-m=\"{&quot;i&quot;:113,&quot;p&quot;:52,&quot;n&quot;:&quot;partnerLink&quot;,&quot;y&quot;:24,&quot;o&quot;:4}\">reforma trabalhista<\/a><\/strong>\u00a0proposta pelo governo Michel Temer (PMDB), deputados e senadores da base aliada e da oposi\u00e7\u00e3o dispararam uma s\u00e9rie de dados para apoiar ou criticar o projeto.<\/p>\n<p>Nem sempre as informa\u00e7\u00f5es estavam corretas. Ao longo dos \u00faltimos meses, o\u00a0Truco\u00a0\u2013 projeto de fact-checking da\u00a0Ag\u00eancia P\u00fablica\u00a0\u2013 analisou sete argumentos usados pelos parlamentares. Veja quais s\u00e3o os fatos por tr\u00e1s das frases usadas pelos pol\u00edticos.<\/p>\n<h3><\/h3>\n<h3>1. O Brasil n\u00e3o \u00e9 campe\u00e3o mundial em processos trabalhistas.<\/h3>\n<p>O argumento falso de que o Brasil \u00e9 o maior recordista em a\u00e7\u00f5es trabalhistas tem sido repetido insistentemente no Congresso e na imprensa. A afirma\u00e7\u00e3o foi encontrada pelo\u00a0Truco\u00a0no relat\u00f3rio da reforma trabalhista analisado na comiss\u00e3o especial da C\u00e2mara que debateu a proposta, elaborado pelo deputado federal Rog\u00e9rio Marinho (PSDB-RN). Nossa checagem mostrou que n\u00e3o h\u00e1 nenhum levantamento mundial ou pesquisa que comprove isso. Especialistas n\u00e3o recomendam comparar pa\u00edses com legisla\u00e7\u00f5es completamente diferentes nessa \u00e1rea. Al\u00e9m disso, o grande n\u00famero de processos n\u00e3o ocorre por falhas na legisla\u00e7\u00e3o atual.<\/p>\n<p>Saiba mais em\u00a0<a href=\"http:\/\/apublica.org\/2017\/05\/truco-falhas-na-clt-tornam-o-brasil-campeao-de-processos-trabalhistas\/\" target=\"_blank\" data-id=\"114\" data-m=\"{&quot;i&quot;:114,&quot;p&quot;:52,&quot;n&quot;:&quot;partnerLink&quot;,&quot;y&quot;:24,&quot;o&quot;:5}\">Falhas na CLT tornam o Brasil campe\u00e3o de processos trabalhistas?<\/a><\/p>\n<h3><\/h3>\n<h3>2. A Consolida\u00e7\u00e3o das Leis do Trabalho (CLT) \u00e9 alterada constantemente.<\/h3>\n<p>Pelo menos 53 leis, decretos e medidas provis\u00f3rias alteraram a CLT desde que foi criada, h\u00e1 74 anos. As altera\u00e7\u00f5es serviram para complement\u00e1-la, regular alguns dos pontos ou modificar outros. Por isso, \u00e9 falso dizer que se trata de uma legisla\u00e7\u00e3o que ficou parada no tempo, como insinuou o senador Ricardo Ferra\u00e7o (PSDB-ES), em relat\u00f3rio apresentado na Comiss\u00e3o de Assuntos Sociais. O pr\u00f3prio parlamentar entrou em contradi\u00e7\u00e3o no documento, que lista v\u00e1rias das mudan\u00e7as.<\/p>\n<p>Veja em\u00a0<a href=\"http:\/\/apublica.org\/2017\/06\/truco-imprecisoes-cercam-argumentos-a-favor-da-reforma-trabalhista\/\" target=\"_blank\" data-id=\"115\" data-m=\"{&quot;i&quot;:115,&quot;p&quot;:52,&quot;n&quot;:&quot;partnerLink&quot;,&quot;y&quot;:24,&quot;o&quot;:6}\">Imprecis\u00f5es cercam argumentos a favor da reforma trabalhista<\/a>.<\/p>\n<h3><\/h3>\n<h3>3. O desemprego jamais chegou a 4,8% no governo Lula.<\/h3>\n<p>Ao comparar os \u00edndices de desemprego do governo Temer com os registrados nos dois mandatos do ex-presidente Luiz In\u00e1cio Lula da Silva (PT), o deputado Caetano (PT-BA) exagerou e disse que a taxa era de 4,8% na administra\u00e7\u00e3o do seu companheiro de partido.<\/p>\n<p>Embora a quantidade de desempregados tenha diminu\u00eddo ao longo dos oito anos de Lula, a menor m\u00e9dia anual foi de 6,7%, atingida em 2010, segundo o Instituto Brasileiro de Geografia e Estat\u00edstica (IBGE).<\/p>\n<p>Os \u00edndices de desemprego foram mais baixos no governo Dilma Rousseff (PT), com a taxa m\u00e9dia caindo a 4,8% em 2014. Mas logo depois come\u00e7aram a aumentar progressivamente.<\/p>\n<p>Leia mais em\u00a0<a href=\"http:\/\/apublica.org\/2017\/05\/truco-ao-criticar-reforma-trabalhista-deputado-exagera-dados-do-governo-lula\/\" target=\"_blank\" data-id=\"116\" data-m=\"{&quot;i&quot;:116,&quot;p&quot;:52,&quot;n&quot;:&quot;partnerLink&quot;,&quot;y&quot;:24,&quot;o&quot;:7}\">Ao criticar reforma trabalhista, deputado exagera dados do governo Lula<\/a>.<\/p>\n<h3><\/h3>\n<h3>4. A informalidade n\u00e3o prejudica 45% dos trabalhadores.<\/h3>\n<p>A parcela de trabalhadores na informalidade \u00e9 realmente muito alta no Brasil. De acordo com estudo realizado pelo Instituto de Pesquisa Econ\u00f4mica Aplicada (Ipea), com base em dados do IBGE, o porcentual est\u00e1 em 45%.<\/p>\n<p>Mas n\u00e3o est\u00e1 certo dizer que todas essas pessoas sofrem por estarem nessa condi\u00e7\u00e3o, como fez o senador Romero Juc\u00e1 (PMDB-RR) no relat\u00f3rio apresentado \u00e0 Comiss\u00e3o de Constitui\u00e7\u00e3o, Justi\u00e7a e Cidadania (CCJ) do Senado.<\/p>\n<p>Ainda que pequena, uma parte dos informais sem carteira assinada ou que trabalha por conta pr\u00f3pria consegue rendimentos superiores a cinco sal\u00e1rios m\u00ednimos.<\/p>\n<p>Saiba em\u00a0<a href=\"http:\/\/apublica.org\/2017\/06\/truco-imprecisoes-cercam-argumentos-a-favor-da-reforma-trabalhista\/\" target=\"_blank\" data-id=\"117\" data-m=\"{&quot;i&quot;:117,&quot;p&quot;:52,&quot;n&quot;:&quot;partnerLink&quot;,&quot;y&quot;:24,&quot;o&quot;:8}\">Imprecis\u00f5es cercam argumentos a favor da reforma trabalhista<\/a>.<\/p>\n<h3><\/h3>\n<h3>5. A reforma trabalhista n\u00e3o muda a Constitui\u00e7\u00e3o, mas retira direitos.<\/h3>\n<p>Por se tratar de um projeto de lei, a reforma trabalhista n\u00e3o tem o poder de alterar a Constitui\u00e7\u00e3o. H\u00e1, no entanto, direitos que s\u00f3 s\u00e3o garantidos pela CLT e por leis complementares e eles n\u00e3o est\u00e3o protegidos.<\/p>\n<p>Foi o que afirmou corretamente o senador Paulo Paim (PT-RS) no relat\u00f3rio apresentado \u00e0 Comiss\u00e3o de Assuntos Sociais do Senado.<\/p>\n<p>A proposta do governo torna muitos desses direitos negoci\u00e1veis, \u00e0s vezes diretamente entre patr\u00e3o e empregado. Para especialista na \u00e1rea ouvida pelo\u00a0Truco, haver\u00e1 precariza\u00e7\u00e3o se a lei for aprovada.<\/p>\n<p>Leia mais em\u00a0<a href=\"http:\/\/apublica.org\/2017\/06\/truco-imprecisoes-cercam-argumentos-a-favor-da-reforma-trabalhista\/\" target=\"_blank\" data-id=\"118\" data-m=\"{&quot;i&quot;:118,&quot;p&quot;:52,&quot;n&quot;:&quot;partnerLink&quot;,&quot;y&quot;:24,&quot;o&quot;:9}\">Imprecis\u00f5es cercam argumentos a favor da reforma trabalhista<\/a>.<\/p>\n<h3><\/h3>\n<h3>6. O PT n\u00e3o deixou 14 milh\u00f5es de pessoas desempregadas.<\/h3>\n<p>O desemprego come\u00e7ou a crescer no segundo mandato de Dilma, mas \u00e9 distorcido dizer que todos os desempregados que existem hoje v\u00eam do governo petista.<\/p>\n<p>Checado pelo\u00a0Truco, o deputado federal Pauderney Avelino (DEM-AM) fez essa afirma\u00e7\u00e3o no plen\u00e1rio da C\u00e2mara. Diferen\u00e7as na metodologia impedem de comparar os n\u00fameros do final do governo PT com os dados do IBGE de 2003, quando Lula assumiu, ou de 2011, quando Dilma iniciou seu primeiro mandato.<\/p>\n<p>Quando foi aprovado o impeachment, havia 12 milh\u00f5es de desempregados. Ainda assim, todos os governos anteriores sempre tiveram um contingente vari\u00e1vel de pessoas \u00e0 procura de trabalho.<\/p>\n<p>O n\u00famero nunca foi zero \u2013 e isso impede que todo o grupo seja colocado na conta de um presidente ou partido.<\/p>\n<p>Veja em\u00a0<a href=\"http:\/\/apublica.org\/2017\/05\/truco-parlamentar-distorce-informacoes-ao-acusar-pt-de-desempregar-14-milhoes\/\" target=\"_blank\" data-id=\"119\" data-m=\"{&quot;i&quot;:119,&quot;p&quot;:52,&quot;n&quot;:&quot;partnerLink&quot;,&quot;y&quot;:24,&quot;o&quot;:10}\">Parlamentar distorce informa\u00e7\u00f5es ao acusar PT de desempregar 14 milh\u00f5es<\/a>.<\/p>\n<h3><\/h3>\n<h3>7. For\u00e7a de trabalho potencial n\u00e3o pode ser somada ao total de desempregados.<\/h3>\n<p>Para inflar o contingente de pessoas desocupadas, o senador Ricardo Ferra\u00e7o (PSDB-ES) somou o n\u00famero de desempregados com outro dado, o da for\u00e7a de trabalho potencial.<\/p>\n<p>Segundo o IBGE, s\u00e3o \u201cpessoas que gostariam de trabalhar, mas n\u00e3o procuraram trabalho, ou que procuraram, mas n\u00e3o estavam dispon\u00edveis para trabalhar\u201d. Com isso, a conta passou de 14 milh\u00f5es para 21 milh\u00f5es de brasileiros.<\/p>\n<p>O instituto alerta que \u00e9 errado fazer esse tipo de c\u00e1lculo, por se tratarem de grupos diferentes. A medi\u00e7\u00e3o serve para tra\u00e7ar um retrato mais fiel do mercado de trabalho.<\/p>\n<p>&nbsp;<\/p>\n<p>Saiba mais em\u00a0\u00a0<a href=\"http:\/\/apublica.org\/2017\/06\/truco-imprecisoes-cercam-argumentos-a-favor-da-reforma-trabalhista\/\" target=\"_blank\" data-id=\"120\" data-m=\"{&quot;i&quot;:120,&quot;p&quot;:52,&quot;n&quot;:&quot;partnerLink&quot;,&quot;y&quot;:24,&quot;o&quot;:11}\">Imprecis\u00f5es cercam argumentos a favor da reforma trabalhista<\/a>\u00a0.<\/p>\n<p>Este conte\u00fado foi originalmente publicado no site da\u00a0<a href=\"http:\/\/apublica.org\/2017\/07\/truco-7-fatos-sobre-a-reforma-trabalhista\/\" target=\"_blank\" data-id=\"121\" data-m=\"{&quot;i&quot;:121,&quot;p&quot;:52,&quot;n&quot;:&quot;partnerLink&quot;,&quot;y&quot;:24,&quot;o&quot;:12}\">Ag\u00eancia P\u00fablica<\/a>.<\/p>\n","protected":false},"excerpt":{"rendered":"<p>Durante as discuss\u00f5es da\u00a0reforma trabalhista\u00a0proposta pelo governo Michel Temer (PMDB), deputados e senadores da base aliada e da oposi\u00e7\u00e3o dispararam<\/p>\n","protected":false},"author":1,"featured_media":1477,"comment_status":"closed","ping_status":"open","sticky":false,"template":"","format":"standard","meta":{"colormag_page_container_layout":"default_layout","colormag_page_sidebar_layout":"default_layout","footnotes":""},"categories":[5],"tags":[271,113,282,235,190],"class_list":["post-1475","post","type-post","status-publish","format-standard","has-post-thumbnail","hentry","category-noticias","tag-clt","tag-desemprego","tag-lula","tag-reforma-trabalhista","tag-temer"],"_links":{"self":[{"href":"https:\/\/www.secpf.com.br\/site\/wp-json\/wp\/v2\/posts\/1475","targetHints":{"allow":["GET"]}}],"collection":[{"href":"https:\/\/www.secpf.com.br\/site\/wp-json\/wp\/v2\/posts"}],"about":[{"href":"https:\/\/www.secpf.com.br\/site\/wp-json\/wp\/v2\/types\/post"}],"author":[{"embeddable":true,"href":"https:\/\/www.secpf.com.br\/site\/wp-json\/wp\/v2\/users\/1"}],"replies":[{"embeddable":true,"href":"https:\/\/www.secpf.com.br\/site\/wp-json\/wp\/v2\/comments?post=1475"}],"version-history":[{"count":2,"href":"https:\/\/www.secpf.com.br\/site\/wp-json\/wp\/v2\/posts\/1475\/revisions"}],"predecessor-version":[{"id":1484,"href":"https:\/\/www.secpf.com.br\/site\/wp-json\/wp\/v2\/posts\/1475\/revisions\/1484"}],"wp:featuredmedia":[{"embeddable":true,"href":"https:\/\/www.secpf.com.br\/site\/wp-json\/wp\/v2\/media\/1477"}],"wp:attachment":[{"href":"https:\/\/www.secpf.com.br\/site\/wp-json\/wp\/v2\/media?parent=1475"}],"wp:term":[{"taxonomy":"category","embeddable":true,"href":"https:\/\/www.secpf.com.br\/site\/wp-json\/wp\/v2\/categories?post=1475"},{"taxonomy":"post_tag","embeddable":true,"href":"https:\/\/www.secpf.com.br\/site\/wp-json\/wp\/v2\/tags?post=1475"}],"curies":[{"name":"wp","href":"https:\/\/api.w.org\/{rel}","templated":true}]}}