{"id":1492,"date":"2017-07-26T19:19:49","date_gmt":"2017-07-26T22:19:49","guid":{"rendered":"http:\/\/www.secpf.com.br\/site\/?p=1492"},"modified":"2026-04-10T08:44:32","modified_gmt":"2026-04-10T11:44:32","slug":"congresso-prepara-perdao-bilionario-a-empresas-devedoras-a-uniao","status":"publish","type":"post","link":"https:\/\/www.secpf.com.br\/site\/congresso-prepara-perdao-bilionario-a-empresas-devedoras-a-uniao\/","title":{"rendered":"Congresso prepara perd\u00e3o bilion\u00e1rio a empresas devedoras \u00e0 Uni\u00e3o"},"content":{"rendered":"<h3>Deputados e senadores que devem milh\u00f5es ser\u00e3o diretamente beneficiados pelo Refis<\/h3>\n<p><a href=\"http:\/\/www.secpf.com.br\/site\/wp-content\/uploads\/2017\/07\/260717-receita-federal.jpg\"><img fetchpriority=\"high\" decoding=\"async\" class=\"alignleft size-medium wp-image-1493\" src=\"http:\/\/www.secpf.com.br\/site\/wp-content\/uploads\/2017\/07\/260717-receita-federal-300x224.jpg\" alt=\"260717-receita-federal\" width=\"300\" height=\"224\" srcset=\"https:\/\/www.secpf.com.br\/site\/wp-content\/uploads\/2017\/07\/260717-receita-federal-300x224.jpg 300w, https:\/\/www.secpf.com.br\/site\/wp-content\/uploads\/2017\/07\/260717-receita-federal-320x240.jpg 320w, https:\/\/www.secpf.com.br\/site\/wp-content\/uploads\/2017\/07\/260717-receita-federal.jpg 590w\" sizes=\"(max-width: 300px) 100vw, 300px\" \/><\/a><\/p>\n<p>Est\u00e1 em discuss\u00e3o no Congresso Nacional mais um pacote de bondades do governo Temer para os empres\u00e1rios. A medida representa um roubo escancarado aos cofres p\u00fablicos.<\/p>\n<p>Deputados e senadores querem recriar, por meio da Medida Provis\u00f3ria (MP) 783, o chamado Refis (Programa Especial de Regulariza\u00e7\u00e3o Tribut\u00e1ria), que conceder\u00e1 o perd\u00e3o bilion\u00e1rio a empresas devedoras de impostos.<\/p>\n<p>Congressistas que devem \u00e0 Uni\u00e3o R$ 532,9 milh\u00f5es ser\u00e3o os respons\u00e1veis por aprovar o texto, que prev\u00ea benesses como o desconto de at\u00e9 99% dos juros e multas e parcelamento das d\u00edvidas a perder de vista.<\/p>\n<p>A proposta inicial do governo previa arrecada\u00e7\u00e3o de R$ 13,3 bilh\u00f5es este ano, mas a MP foi alterada pelos parlamentares, derrubando a arrecada\u00e7\u00e3o para R$ 420 milh\u00f5es. A nova vers\u00e3o pretende perdoar 73% da d\u00edvida a ser negociada.<\/p>\n<p><b>Presente milion\u00e1rio para parlamentares\u00a0<\/b><\/p>\n<p>Companhias administradas por parlamentares respondem pela maior parte dos calotes \u00e0 Uni\u00e3o. Empresas de 76 deputados federais devem R$ 218,7 milh\u00f5es ao governo, enquanto as geridas por 17 senadores acumulam d\u00e9bitos de R$ 201,2 milh\u00f5es.<\/p>\n<p>\u00c9 nesse grupo que est\u00e1 inclu\u00eddo o deputado Newton Cardoso Junior (PMDB), relator da medida provis\u00f3ria do novo Refis e respons\u00e1vel por modificar totalmente o teor do texto original para ampliar as vantagens aos devedores. Empresas cadastradas no nome do deputado devem R$ 62 milh\u00f5es \u00e0 Uni\u00e3o.<\/p>\n<p>A Receita Federal vai recomendar o veto \u00e0s condi\u00e7\u00f5es propostas pelo relator. Desde o in\u00edcio, a Receita queria que essa vers\u00e3o do parcelamento sa\u00edsse com regras duras para desestimular os \u201cviciados\u201d em parcelar d\u00edvidas tribut\u00e1rias \u2013 empresas que pagam apenas as primeiras presta\u00e7\u00f5es e depois abandonam os pagamentos a espera de novo perd\u00e3o. Desde 2000, j\u00e1 foram lan\u00e7ados 27 parcelamentos especiais de d\u00edvidas empresariais.<\/p>\n<p>\u201cA picaretagem desses deputados e senadores n\u00e3o tem limites. Enquanto jogam a conta da crise nas costas do trabalhador, com retirada de direitos, aprovam medidas em benef\u00edcio pr\u00f3prio que trazem mais preju\u00edzos aos cofres p\u00fablicos. \u00c9 por isso que temos que colocar todos eles pra fora\u201d, afirma o secret\u00e1rio-geral do Sindicato, Renato Almeida.<\/p>\n<p>A MP 783 ainda est\u00e1 em discuss\u00e3o nas comiss\u00f5es do Congresso e n\u00e3o tem data para ir \u00e0 vota\u00e7\u00e3o no plen\u00e1rio.<\/p>\n<p><span style=\"font-family: georgia, palatino, serif; font-size: 10pt;\">Com informa\u00e7\u00f5es de Estado de S\u00e3o Paulo<br \/>\nFonte:\u00a0<a href=\"http:\/\/www.sindmetalsjc.org.br\/imprensa\/ultimas-noticias\/3579\/congresso+prepara+perdao+bilionario+a+empresas+devedoras+a+uniao.htm\" target=\"_blank\">sindmetalsjc.org.br<\/a><\/span><\/p>\n","protected":false},"excerpt":{"rendered":"<p>Deputados e senadores que devem milh\u00f5es ser\u00e3o diretamente beneficiados pelo Refis Est\u00e1 em discuss\u00e3o no Congresso Nacional mais um pacote<\/p>\n","protected":false},"author":1,"featured_media":1493,"comment_status":"closed","ping_status":"open","sticky":false,"template":"","format":"standard","meta":{"colormag_page_container_layout":"default_layout","colormag_page_sidebar_layout":"default_layout","footnotes":""},"categories":[5],"tags":[286,59,285],"class_list":["post-1492","post","type-post","status-publish","format-standard","has-post-thumbnail","hentry","category-noticias","tag-divida","tag-receita-federal","tag-refis"],"_links":{"self":[{"href":"https:\/\/www.secpf.com.br\/site\/wp-json\/wp\/v2\/posts\/1492","targetHints":{"allow":["GET"]}}],"collection":[{"href":"https:\/\/www.secpf.com.br\/site\/wp-json\/wp\/v2\/posts"}],"about":[{"href":"https:\/\/www.secpf.com.br\/site\/wp-json\/wp\/v2\/types\/post"}],"author":[{"embeddable":true,"href":"https:\/\/www.secpf.com.br\/site\/wp-json\/wp\/v2\/users\/1"}],"replies":[{"embeddable":true,"href":"https:\/\/www.secpf.com.br\/site\/wp-json\/wp\/v2\/comments?post=1492"}],"version-history":[{"count":3,"href":"https:\/\/www.secpf.com.br\/site\/wp-json\/wp\/v2\/posts\/1492\/revisions"}],"predecessor-version":[{"id":1496,"href":"https:\/\/www.secpf.com.br\/site\/wp-json\/wp\/v2\/posts\/1492\/revisions\/1496"}],"wp:featuredmedia":[{"embeddable":true,"href":"https:\/\/www.secpf.com.br\/site\/wp-json\/wp\/v2\/media\/1493"}],"wp:attachment":[{"href":"https:\/\/www.secpf.com.br\/site\/wp-json\/wp\/v2\/media?parent=1492"}],"wp:term":[{"taxonomy":"category","embeddable":true,"href":"https:\/\/www.secpf.com.br\/site\/wp-json\/wp\/v2\/categories?post=1492"},{"taxonomy":"post_tag","embeddable":true,"href":"https:\/\/www.secpf.com.br\/site\/wp-json\/wp\/v2\/tags?post=1492"}],"curies":[{"name":"wp","href":"https:\/\/api.w.org\/{rel}","templated":true}]}}