{"id":1580,"date":"2017-08-30T16:31:17","date_gmt":"2017-08-30T19:31:17","guid":{"rendered":"http:\/\/www.secpf.com.br\/site\/?p=1580"},"modified":"2017-08-30T16:31:17","modified_gmt":"2017-08-30T19:31:17","slug":"berkeley-contra-o-fascismo","status":"publish","type":"post","link":"https:\/\/www.secpf.com.br\/site\/berkeley-contra-o-fascismo\/","title":{"rendered":"Berkeley contra o fascismo"},"content":{"rendered":"<figure id=\"attachment_1581\" aria-describedby=\"caption-attachment-1581\" style=\"width: 768px\" class=\"wp-caption alignnone\"><a href=\"http:\/\/www.secpf.com.br\/site\/wp-content\/uploads\/2017\/08\/290817-berkeley.jpg\"><img fetchpriority=\"high\" decoding=\"async\" class=\"size-full wp-image-1581\" src=\"http:\/\/www.secpf.com.br\/site\/wp-content\/uploads\/2017\/08\/290817-berkeley.jpg\" alt=\"Trabalhadores e moradores mostraram hoje sua for\u00e7a contra os neonazistas e os grupos de ultradireita que chamaram uma marcha \u201cN\u00e3o ao marxismo\u201d. Na realidade, os racistas estavam apavorados e derrotados e apenas alguns poucos apareceram. N\u00e3o passar\u00e3o\u2026 e n\u00e3o passaram!\" width=\"768\" height=\"469\" srcset=\"https:\/\/www.secpf.com.br\/site\/wp-content\/uploads\/2017\/08\/290817-berkeley.jpg 768w, https:\/\/www.secpf.com.br\/site\/wp-content\/uploads\/2017\/08\/290817-berkeley-300x183.jpg 300w\" sizes=\"(max-width: 768px) 100vw, 768px\" \/><\/a><figcaption id=\"caption-attachment-1581\" class=\"wp-caption-text\">Trabalhadores e moradores mostraram hoje sua for\u00e7a contra os neonazistas e os grupos de ultradireita que chamaram uma marcha \u201cN\u00e3o ao marxismo\u201d. Na realidade, os racistas estavam apavorados e derrotados e apenas alguns poucos apareceram. N\u00e3o passar\u00e3o\u2026 e n\u00e3o passaram!<\/figcaption><\/figure>\n<p>&nbsp;<\/p>\n<p>Nossa manifesta\u00e7\u00e3o Berkeley Contra o \u00d3dio (Berkeley Against Hate), com a participa\u00e7\u00e3o de mais de 10 sindicatos, a grande maioria dos grupos socialistas e muitas organiza\u00e7\u00f5es comunit\u00e1rias e religiosas, reuniu 3.000 pessoas no cruzamento entre Oxford e Addison, com os mais diversos oradores. Depois, n\u00f3s marchamos para o centro da cidade para mostrar nosso poder e determina\u00e7\u00e3o para combater o racismo, a supremacia branca e o fascismo e nos juntamos ao contingente do SURJ e uma marcha de 500 pessoas da comunidade religiosa com um forte contingente afro-americano juntou-se a n\u00f3s. O dia de luta terminou com a derrota total das for\u00e7as de direita na Pra\u00e7a MLK, no centro de Berkeley.<\/p>\n<p><a class=\"td-modal-image\" title=\"\" href=\"https:\/\/i1.wp.com\/litci.org\/pt\/wp-content\/uploads\/2017\/08\/blanca.jpg?ssl=1\" data-rel=\"lightbox-0\"><img decoding=\"async\" class=\"size-medium wp-image-20425 alignleft td-animation-stack-type0-2\" src=\"https:\/\/i1.wp.com\/litci.org\/pt\/wp-content\/uploads\/2017\/08\/blanca.jpg?resize=267%2C300&amp;ssl=1\" alt=\"\" width=\"267\" height=\"300\" data-attachment-id=\"20425\" data-permalink=\"https:\/\/litci.org\/pt\/mundo\/america-do-norte\/eua\/berkeley-contra-o-fascismo\/attachment\/blanca\/\" data-orig-file=\"https:\/\/i1.wp.com\/litci.org\/pt\/wp-content\/uploads\/2017\/08\/blanca.jpg?fit=267%2C300&amp;ssl=1\" data-orig-size=\"267,300\" data-comments-opened=\"1\" data-image-meta=\"{&quot;aperture&quot;:&quot;0&quot;,&quot;credit&quot;:&quot;&quot;,&quot;camera&quot;:&quot;&quot;,&quot;caption&quot;:&quot;&quot;,&quot;created_timestamp&quot;:&quot;0&quot;,&quot;copyright&quot;:&quot;&quot;,&quot;focal_length&quot;:&quot;0&quot;,&quot;iso&quot;:&quot;0&quot;,&quot;shutter_speed&quot;:&quot;0&quot;,&quot;title&quot;:&quot;&quot;,&quot;orientation&quot;:&quot;0&quot;}\" data-image-title=\"blanca\" data-image-description=\"\" data-medium-file=\"https:\/\/i1.wp.com\/litci.org\/pt\/wp-content\/uploads\/2017\/08\/blanca.jpg?fit=267%2C300&amp;ssl=1\" data-large-file=\"https:\/\/i1.wp.com\/litci.org\/pt\/wp-content\/uploads\/2017\/08\/blanca.jpg?fit=640%2C640&amp;ssl=1\" \/><\/a><\/p>\n<p>N\u00f3s, os socialistas que organizaram a passeata (ISO, Workers\u2019 Voice e DSA), falamos no ato\u00a0<em>Berkeley Rally Against Hate<\/em>, e outros grupos participaram, como o Left Party (Partido de Esquerda), Socialist Action (A\u00e7\u00e3o Socialista), Revolutionary Workers Group (Grupo Revolucion\u00e1rio dos Trabalhadores) e Socialist Alternative (Alternativa Socialista). Constru\u00edmos uma frente \u00fanica principista e fomos vitoriosos em mostrar uma dire\u00e7\u00e3o unida, independente e democr\u00e1tica. Mostramos que s\u00e3o os trabalhadores que dirigem esta cidade, recordamos \u00e0s pessoas os s\u00e9culos de opress\u00e3o colonial que o governo dos EUA apoiou e ainda apoia. Em suma, deixamos claro que n\u00e3o tememos os inimigos da nossa classe em todos os tamanhos e formas.<\/p>\n<p>Hoje, no entanto, a administra\u00e7\u00e3o da Universidade da Calif\u00f3rnia, o reitor Chris e a UCPD mostraram suas verdadeiras cores: eles, que est\u00e3o t\u00e3o preocupados com a liberdade de express\u00e3o de Steve Bannon ou Milo Yiannopoulos, enviaram constantes mensagens assustadoras e infundadas a todos os estudantes e trabalhadores dizendo-lhes para \u201cficarem longe\u201d de nosso ato pac\u00edfico. Al\u00e9m disso, na noite anterior, cercaram com barreiras de concreto todo o gramado onde n\u00f3s ir\u00edamos protestar, e estabeleceram uma entrada com um \u201ccheckpoint de seguran\u00e7a\u201d, proibindo faixas, pirulitos, mochilas, alimentos e \u00e1gua, entre muitas outras coisas. Eles queriam restringir fortemente o car\u00e1ter democr\u00e1tico e pol\u00edtico de nossa manifesta\u00e7\u00e3o, e criaram um enorme risco para a seguran\u00e7a se tiv\u00e9ssemos feito a manifesta\u00e7\u00e3o na sua pequena gaiola, pois as pessoas n\u00e3o podiam se mover livremente.<\/p>\n<p>Recusamo-nos a protestar rodeados e vigiados por policiais, porque nos recusamos a defender nossos direitos democr\u00e1ticos sob a lideran\u00e7a policial de uma universidade que iguala a \u201cliberdade de express\u00e3o\u201d com \u201cSteve Bannon\u201d e o fascismo. \u00c9 por isso que nos reunimos pacificamente na rua ao lado do gramado cercado e garantimos nossa manifesta\u00e7\u00e3o com nossa pr\u00f3pria equipe de seguran\u00e7a, para garantir a paz do nosso povo, expulsar provocadores e permitir que as pessoas se expressassem politicamente e artisticamente como desejavam. E fomos vitoriosos.<\/p>\n<p>Hoje tamb\u00e9m a cidade de Berkeley e seu prefeito Arreguin mostraram suas verdadeiras cores: sua pol\u00edtica oportunista de dois lados e sua capitula\u00e7\u00e3o para a ultradireita em \u00faltima inst\u00e2ncia. Por um lado, o prefeito atacou nossa manifesta\u00e7\u00e3o: ele avisou a todos na cidade para que \u201cficassem em casa\u201d e n\u00e3o fossem \u00e0 nossa contramobiliza\u00e7\u00e3o, enviou policiais para nos amea\u00e7ar de manh\u00e3 e tentou proibir nossa manifesta\u00e7\u00e3o na rua. Sua pol\u00edcia atacou nossa marcha para prender dois dos nossos organizadores da equipe de seguran\u00e7a que formavam uma corrente humana para separar dois fascistas provocadores da multid\u00e3o (isto \u00e9, acusando nosso partido, um deles \u00e9 nossa camarada) e deixou os fascistas irem embora sorrindo. O prefeito e a pol\u00edcia tamb\u00e9m restringiram a nossa liberdade de express\u00e3o.<\/p>\n<p><a class=\"td-modal-image\" title=\"\" href=\"https:\/\/i1.wp.com\/litci.org\/pt\/wp-content\/uploads\/2017\/08\/berkeley3.jpg?ssl=1\" data-rel=\"lightbox-1\"><img decoding=\"async\" class=\"wp-image-20426 aligncenter td-animation-stack-type0-2\" src=\"https:\/\/i1.wp.com\/litci.org\/pt\/wp-content\/uploads\/2017\/08\/berkeley3.jpg?resize=605%2C121&amp;ssl=1\" sizes=\"(max-width: 605px) 100vw, 605px\" srcset=\"https:\/\/i1.wp.com\/litci.org\/pt\/wp-content\/uploads\/2017\/08\/berkeley3.jpg?resize=300%2C60&amp;ssl=1 300w, https:\/\/i1.wp.com\/litci.org\/pt\/wp-content\/uploads\/2017\/08\/berkeley3.jpg?resize=768%2C154&amp;ssl=1 768w, https:\/\/i1.wp.com\/litci.org\/pt\/wp-content\/uploads\/2017\/08\/berkeley3.jpg?w=960&amp;ssl=1 960w\" alt=\"\" width=\"605\" height=\"121\" data-attachment-id=\"20426\" data-permalink=\"https:\/\/litci.org\/pt\/mundo\/america-do-norte\/eua\/berkeley-contra-o-fascismo\/attachment\/berkeley3\/\" data-orig-file=\"https:\/\/i1.wp.com\/litci.org\/pt\/wp-content\/uploads\/2017\/08\/berkeley3.jpg?fit=960%2C193&amp;ssl=1\" data-orig-size=\"960,193\" data-comments-opened=\"1\" data-image-meta=\"{&quot;aperture&quot;:&quot;0&quot;,&quot;credit&quot;:&quot;&quot;,&quot;camera&quot;:&quot;&quot;,&quot;caption&quot;:&quot;&quot;,&quot;created_timestamp&quot;:&quot;0&quot;,&quot;copyright&quot;:&quot;&quot;,&quot;focal_length&quot;:&quot;0&quot;,&quot;iso&quot;:&quot;0&quot;,&quot;shutter_speed&quot;:&quot;0&quot;,&quot;title&quot;:&quot;&quot;,&quot;orientation&quot;:&quot;0&quot;}\" data-image-title=\"berkeley3\" data-image-description=\"\" data-medium-file=\"https:\/\/i1.wp.com\/litci.org\/pt\/wp-content\/uploads\/2017\/08\/berkeley3.jpg?fit=300%2C60&amp;ssl=1\" data-large-file=\"https:\/\/i1.wp.com\/litci.org\/pt\/wp-content\/uploads\/2017\/08\/berkeley3.jpg?fit=640%2C640&amp;ssl=1\" \/><\/a><\/p>\n<p>Por outro lado, o prefeito, que oportunistamente mudou sua posi\u00e7\u00e3o na ter\u00e7a-feira e deu um fraco apoio \u00e0 nossa passeata quando pressionado pelos sindicatos, teve a coragem de ir acompanhado pela pol\u00edcia ao nosso caminh\u00e3o para exigir falar em nossa manifesta\u00e7\u00e3o!!! Ele queria subir no mesmo caminh\u00e3o que seus pr\u00f3prios policiais amea\u00e7aram retirar das ruas pela for\u00e7a horas antes! \u00c9 claro que n\u00f3s, os socialistas, dissemos \u201cn\u00e3o!\u201d. E, apesar de n\u00e3o acreditar no que estava acontecendo, ele teve que ir embora.<\/p>\n<p>Hoje, milhares de pessoas mostraram em Berkeley que n\u00e3o temos medo da \u201calt-right\u201d, que os marxistas t\u00eam uma forte hist\u00f3ria e determina\u00e7\u00e3o na organiza\u00e7\u00e3o antifascista e que estamos prontos para as pr\u00f3ximas provoca\u00e7\u00f5es que vierem. Esperamos que na pr\u00f3xima vez nossas fileiras socialistas sejam ainda mais fortes!<\/p>\n<p>&nbsp;<\/p>\n<p><span style=\"font-family: 'trebuchet ms', geneva, sans-serif; font-size: 10pt;\"><em>Tradu\u00e7\u00e3o: Marcos Margarido<br \/>\n<\/em>Fonte:\u00a0<a href=\"https:\/\/litci.org\/pt\/mundo\/america-do-norte\/eua\/berkeley-contra-o-fascismo\/\" target=\"_blank\">litci.org<\/a><\/span><\/p>\n","protected":false},"excerpt":{"rendered":"<p>&nbsp; Nossa manifesta\u00e7\u00e3o Berkeley Contra o \u00d3dio (Berkeley Against Hate), com a participa\u00e7\u00e3o de mais de 10 sindicatos, a grande<\/p>\n","protected":false},"author":1,"featured_media":1581,"comment_status":"open","ping_status":"open","sticky":false,"template":"","format":"standard","meta":{"colormag_page_container_layout":"default_layout","colormag_page_sidebar_layout":"default_layout","footnotes":""},"categories":[5],"tags":[308,309,258],"class_list":["post-1580","post","type-post","status-publish","format-standard","has-post-thumbnail","hentry","category-noticias","tag-facismo","tag-racismo","tag-violencia"],"_links":{"self":[{"href":"https:\/\/www.secpf.com.br\/site\/wp-json\/wp\/v2\/posts\/1580","targetHints":{"allow":["GET"]}}],"collection":[{"href":"https:\/\/www.secpf.com.br\/site\/wp-json\/wp\/v2\/posts"}],"about":[{"href":"https:\/\/www.secpf.com.br\/site\/wp-json\/wp\/v2\/types\/post"}],"author":[{"embeddable":true,"href":"https:\/\/www.secpf.com.br\/site\/wp-json\/wp\/v2\/users\/1"}],"replies":[{"embeddable":true,"href":"https:\/\/www.secpf.com.br\/site\/wp-json\/wp\/v2\/comments?post=1580"}],"version-history":[{"count":1,"href":"https:\/\/www.secpf.com.br\/site\/wp-json\/wp\/v2\/posts\/1580\/revisions"}],"predecessor-version":[{"id":1582,"href":"https:\/\/www.secpf.com.br\/site\/wp-json\/wp\/v2\/posts\/1580\/revisions\/1582"}],"wp:featuredmedia":[{"embeddable":true,"href":"https:\/\/www.secpf.com.br\/site\/wp-json\/wp\/v2\/media\/1581"}],"wp:attachment":[{"href":"https:\/\/www.secpf.com.br\/site\/wp-json\/wp\/v2\/media?parent=1580"}],"wp:term":[{"taxonomy":"category","embeddable":true,"href":"https:\/\/www.secpf.com.br\/site\/wp-json\/wp\/v2\/categories?post=1580"},{"taxonomy":"post_tag","embeddable":true,"href":"https:\/\/www.secpf.com.br\/site\/wp-json\/wp\/v2\/tags?post=1580"}],"curies":[{"name":"wp","href":"https:\/\/api.w.org\/{rel}","templated":true}]}}