{"id":1583,"date":"2017-08-30T16:37:56","date_gmt":"2017-08-30T19:37:56","guid":{"rendered":"http:\/\/www.secpf.com.br\/site\/?p=1583"},"modified":"2017-08-30T16:37:56","modified_gmt":"2017-08-30T19:37:56","slug":"decreto-do-governo-temer-entrega-amazonia-para-mineracao-e-permite-saque-as-riquezas-nacionais","status":"publish","type":"post","link":"https:\/\/www.secpf.com.br\/site\/decreto-do-governo-temer-entrega-amazonia-para-mineracao-e-permite-saque-as-riquezas-nacionais\/","title":{"rendered":"Decreto do governo Temer entrega Amaz\u00f4nia para minera\u00e7\u00e3o e permite saque \u00e0s riquezas nacionais"},"content":{"rendered":"<p><a href=\"http:\/\/www.secpf.com.br\/site\/wp-content\/uploads\/2017\/08\/280917-Amazonia.jpg\"><img fetchpriority=\"high\" decoding=\"async\" class=\"alignnone size-full wp-image-1585\" src=\"http:\/\/www.secpf.com.br\/site\/wp-content\/uploads\/2017\/08\/280917-Amazonia.jpg\" alt=\"280917-Amazonia\" width=\"683\" height=\"512\" srcset=\"https:\/\/www.secpf.com.br\/site\/wp-content\/uploads\/2017\/08\/280917-Amazonia.jpg 683w, https:\/\/www.secpf.com.br\/site\/wp-content\/uploads\/2017\/08\/280917-Amazonia-300x225.jpg 300w, https:\/\/www.secpf.com.br\/site\/wp-content\/uploads\/2017\/08\/280917-Amazonia-320x240.jpg 320w\" sizes=\"(max-width: 683px) 100vw, 683px\" \/><\/a><\/p>\n<p>O decreto do governo federal que p\u00f5e fim \u00e0 Renca (Reserva Nacional de Cobre e Associados), na Amaz\u00f4nia, entrega uma das maiores riquezas nacionais para explora\u00e7\u00e3o do setor privado e internacional, permitindo um verdadeiro saque \u00e0s riquezas do pa\u00eds.<\/p>\n<p>Desde a semana passada, quando foi publicado o decreto que extingue a Renca, a repercuss\u00e3o negativa mundial foi t\u00e3o grande que o governo Temer teve de ensaiar um recuo. Nesta segunda-feira (28), o ministro do Meio Ambiente, Sarney Filho, anunciou a revoga\u00e7\u00e3o do decreto e a publica\u00e7\u00e3o de um novo, que supostamente ir\u00e1 ter garantias para impedir a minera\u00e7\u00e3o em \u00e1reas de conserva\u00e7\u00e3o ambiental e ind\u00edgenas.<\/p>\n<p>Por\u00e9m, na pr\u00e1tica, o ataque segue o mesmo, pois o governo mant\u00e9m a extin\u00e7\u00e3o da reserva e a libera\u00e7\u00e3o da \u00e1rea para a explora\u00e7\u00e3o privada de minera\u00e7\u00e3o, que trar\u00e3o consequ\u00eancias devastadoras para o meio ambiente e os povos da regi\u00e3o.<\/p>\n<p>A Renca \u00e9 uma \u00e1rea de 47 mil quil\u00f4metros quadrados, do tamanho do estado do Esp\u00edrito Santo, que fica entre o Par\u00e1 e o Amap\u00e1, em regi\u00e3o amaz\u00f4nica. Foi criada em 1984 e \u00e9 rica em ouro, t\u00e2ntalo, min\u00e9rio de ferro, n\u00edquel, mangan\u00eas e outros minerais. Na regi\u00e3o, existem nove \u00e1reas de conserva\u00e7\u00e3o ambiental e reservas ind\u00edgenas.<\/p>\n<p>Pelo decreto de 1984, que criou a reserva, somente a CPRM (Companhia de Pesquisa de Recursos Minerais), uma empresa p\u00fablica pertencente ao Minist\u00e9rio de Minas e Energia, podia fazer pesquisa geol\u00f3gica para avaliar as ocorr\u00eancias de min\u00e9rios na \u00e1rea. O decreto de Temer escancara a regi\u00e3o para a explora\u00e7\u00e3o de empresas privadas, inclusive, estrangeiras.<\/p>\n<p>Ali\u00e1s, segundo reportagem da BBC, investidores e empres\u00e1rios canadenses de minera\u00e7\u00e3o souberam da extin\u00e7\u00e3o da Renca cinco meses antes da publica\u00e7\u00e3o do decreto. Segundo a mat\u00e9ria, atualmente, cerca de 30 empresas do Canad\u00e1 j\u00e1 exploram min\u00e9rios em territ\u00f3rio brasileiro, especialmente o ouro, que teria atra\u00eddo garimpeiros \u00e0 \u00e1rea da Renca nos \u00faltimos anos.<\/p>\n<p><a href=\"http:\/\/cspconlutas.org.br\/wp-content\/uploads\/2017\/08\/temer-e-sarney.jpg\"><img decoding=\"async\" class=\"aligncenter wp-image-141404\" src=\"http:\/\/cspconlutas.org.br\/wp-content\/uploads\/2017\/08\/temer-e-sarney-300x200.jpg\" sizes=\"(max-width: 400px) 100vw, 400px\" srcset=\"http:\/\/cspconlutas.org.br\/wp-content\/uploads\/2017\/08\/temer-e-sarney-300x200.jpg 300w, http:\/\/cspconlutas.org.br\/wp-content\/uploads\/2017\/08\/temer-e-sarney-768x512.jpg 768w, http:\/\/cspconlutas.org.br\/wp-content\/uploads\/2017\/08\/temer-e-sarney.jpg 800w\" alt=\"\" width=\"400\" height=\"267\" \/><\/a><\/p>\n<p>Segundo o advogado e ambientalista Denis Ometto, a medida \u00e9 uma porta aberta para o desmatamento e para a degrada\u00e7\u00e3o n\u00e3o s\u00f3 da floresta, como de cursos d\u00b4\u00e1gua. Ambientalistas e movimentos sociais s\u00e3o un\u00e2nimes em denunciar tamb\u00e9m que a medida ir\u00e1 aumentar ainda mais a viol\u00eancia no campo, contra povos ind\u00edgenas e quilombolas.<\/p>\n<p>\u201cAs consequ\u00eancias s\u00e3o nefastas n\u00e3o apenas para o meio ambiente. Essa mesma pol\u00edtica ainda fomenta a grilagem, os conflitos no campo, assassinatos de comunidades tradicionais e o trabalho escravo\u201d, denunciou.<\/p>\n<p>\u201cO que est\u00e1 acontecendo aqui em rela\u00e7\u00e3o \u00e0 Renca, j\u00e1 aconteceu em outros pa\u00edses amaz\u00f4nicos, como Col\u00f4mbia, Peru e Equador, com grandes \u00e1reas entregues \u00e0 explora\u00e7\u00e3o econ\u00f4mica, para empresas privadas ou n\u00e3o, como a Petrobras e a PDVSA, da Venezuela. No Peru, a minera\u00e7\u00e3o j\u00e1 deixou como legado a contamina\u00e7\u00e3o de rios por merc\u00fario e a morte de comunidades ribeirinhas. No Equador e Col\u00f4mbia, as petroleiras provocaram a destrui\u00e7\u00e3o de grande parte da floresta e contaminaram o len\u00e7ol fre\u00e1tico com benzeno, elevando muito o n\u00famero casos de leucemia e morte de crian\u00e7as, al\u00e9m de extinguir o meio de vida das comunidades. Enfim, por tr\u00e1s de toda e qualquer agress\u00e3o ambiental certamente est\u00e1 o sistema capitalista\u201d, disse Ometto.<\/p>\n<p>Para Waldemir Soares, do Movimento de Insurg\u00eancia Camponesa e integrante do Setorial do Campo da CSP-Conlutas, existe um ataque \u00e0 soberania brasileira por que o objetivo \u00e9 a internacionaliza\u00e7\u00e3o das terras do pa\u00eds para explora\u00e7\u00e3o mineral e dos recursos h\u00eddricos.<\/p>\n<p>\u201cO governo Temer vem aprofundar o ataque \u00e0 soberania nacional, que tamb\u00e9m ocorreu nos governos Fernando Henrique, Lula e Dilma. Com FHC, foi editada a Lei do SNUC (Sistema Nacional de Unidades de Conserva\u00e7\u00e3o da Natureza), para expulsar os povos da floresta. Em 2006, Lula e Marina criaram a Lei de Florestas P\u00fablicas, jogando para ONGs (Organiza\u00e7\u00f5es N\u00e3o Governamentais) a administra\u00e7\u00e3o das florestas brasileiras e, em 2012, Dilma fechou o ataque ao meio ambiente com o C\u00f3digo Florestal e tentou implantar o PL 5807, que trata do marco legal da minera\u00e7\u00e3o, o que n\u00e3o se concretizou diante da resist\u00eancia dos movimentos sociais\u201d, explicou.<\/p>\n<p>\u201cAgora, Temer busca pavimentar o caminho constru\u00eddo nos governos anteriores e pretende colocar em vota\u00e7\u00e3o a PEC 215, que trata da demarca\u00e7\u00e3o de terras, e o PL 5807 que Dilma n\u00e3o emplacou\u201d, disse.<\/p>\n<p>Denis Ometto tamb\u00e9m destacou que os ataques vem de governos anteriores e citou tamb\u00e9m a libera\u00e7\u00e3o dos transg\u00eanicos, por Lula e Marina; decretos que aumentaram os n\u00edveis de toler\u00e2ncia para lan\u00e7amento de efluentes t\u00f3xicos em corpos d\u2019\u00e1gua, e a aprova\u00e7\u00e3o de obras de alto impacto, como Angra 3 e as hidrel\u00e9tricas do Rio Madeira e de Belo Monte.<\/p>\n<p>\u201cO recente decreto de extin\u00e7\u00e3o da Renca faz parte de uma s\u00e9rie de ataques do governo \u00e0 soberania nacional e aos povos origin\u00e1rios. H\u00e1 outras a\u00e7\u00f5es contra a demarca\u00e7\u00e3o de terras ind\u00edgenas e quilombolas , por exemplo,\u00a0 que tamb\u00e9m visam favorecer os interesses do imperialismo, do agroneg\u00f3cio e latifundi\u00e1rios. Portanto, o caminho \u00e9 a luta e a resist\u00eancia para derrotar esse governo, como fizeram recentemente os movimentos sociais que foram \u00e0 Bras\u00edlia protestar contra a Adin 3239,\u00a0 que pede a revoga\u00e7\u00e3o da\u00a0 titula\u00e7\u00e3o de \u00e1reas quilombolas\u201d, concluiu Waldemir Soares.<\/p>\n<p>&nbsp;<\/p>\n<p><em><span style=\"font-size: 10pt; font-family: 'trebuchet ms', geneva, sans-serif;\">Fonte:\u00a0<a href=\"http:\/\/cspconlutas.org.br\/2017\/08\/decreto-do-governo-temer-entrega-amazonia-para-mineracao-e-permite-um-verdadeiro-saque-as-riquezas-nacionais\/\" target=\"_blank\">cspconlutas.org.br<\/a><\/span><\/em><\/p>\n","protected":false},"excerpt":{"rendered":"<p>O decreto do governo federal que p\u00f5e fim \u00e0 Renca (Reserva Nacional de Cobre e Associados), na Amaz\u00f4nia, entrega uma<\/p>\n","protected":false},"author":1,"featured_media":1585,"comment_status":"open","ping_status":"open","sticky":false,"template":"","format":"standard","meta":{"colormag_page_container_layout":"default_layout","colormag_page_sidebar_layout":"default_layout","footnotes":""},"categories":[5],"tags":[77,310,311,190],"class_list":["post-1583","post","type-post","status-publish","format-standard","has-post-thumbnail","hentry","category-noticias","tag-amazonia","tag-meio-ambiente","tag-mineracao","tag-temer"],"_links":{"self":[{"href":"https:\/\/www.secpf.com.br\/site\/wp-json\/wp\/v2\/posts\/1583","targetHints":{"allow":["GET"]}}],"collection":[{"href":"https:\/\/www.secpf.com.br\/site\/wp-json\/wp\/v2\/posts"}],"about":[{"href":"https:\/\/www.secpf.com.br\/site\/wp-json\/wp\/v2\/types\/post"}],"author":[{"embeddable":true,"href":"https:\/\/www.secpf.com.br\/site\/wp-json\/wp\/v2\/users\/1"}],"replies":[{"embeddable":true,"href":"https:\/\/www.secpf.com.br\/site\/wp-json\/wp\/v2\/comments?post=1583"}],"version-history":[{"count":1,"href":"https:\/\/www.secpf.com.br\/site\/wp-json\/wp\/v2\/posts\/1583\/revisions"}],"predecessor-version":[{"id":1586,"href":"https:\/\/www.secpf.com.br\/site\/wp-json\/wp\/v2\/posts\/1583\/revisions\/1586"}],"wp:featuredmedia":[{"embeddable":true,"href":"https:\/\/www.secpf.com.br\/site\/wp-json\/wp\/v2\/media\/1585"}],"wp:attachment":[{"href":"https:\/\/www.secpf.com.br\/site\/wp-json\/wp\/v2\/media?parent=1583"}],"wp:term":[{"taxonomy":"category","embeddable":true,"href":"https:\/\/www.secpf.com.br\/site\/wp-json\/wp\/v2\/categories?post=1583"},{"taxonomy":"post_tag","embeddable":true,"href":"https:\/\/www.secpf.com.br\/site\/wp-json\/wp\/v2\/tags?post=1583"}],"curies":[{"name":"wp","href":"https:\/\/api.w.org\/{rel}","templated":true}]}}