{"id":1590,"date":"2017-08-31T13:30:03","date_gmt":"2017-08-31T16:30:03","guid":{"rendered":"http:\/\/www.secpf.com.br\/site\/?p=1590"},"modified":"2017-08-31T13:38:15","modified_gmt":"2017-08-31T16:38:15","slug":"confira-nesta-edicao-do-palavra-comerciaria","status":"publish","type":"post","link":"https:\/\/www.secpf.com.br\/site\/confira-nesta-edicao-do-palavra-comerciaria\/","title":{"rendered":"Confira nesta edi\u00e7\u00e3o do PALAVRA COMERCI\u00c1RIA:"},"content":{"rendered":"<ul>\n<li><span style=\"font-size: 14pt;\">ENTREVISTA: \u201cO fim do imposto sindical foi o canto da sereia dos governos e dos patr\u00f5es para acabar com a CLT\u201d<\/span><\/li>\n<li><span style=\"font-size: 14pt;\">Mudan\u00e7as na Cl\u00ednica do Sindicato<\/span><\/li>\n<li><span style=\"font-size: 14pt;\">COMO A TERCEIRIZA\u00c7\u00c3O E A REFORMA TRABALHISTA IR\u00c3O PRECARIZAR A CLASSE TRABALHADORA?<\/span><\/li>\n<li><span style=\"font-size: 14pt;\">Conquistas com a luta da categoria organizada junto ao sindicato x Como a Patronal quer aplicar a Reforma Trabalhista no com\u00e9rcio<\/span><\/li>\n<\/ul>\n<hr \/>\n<p><strong><a href=\"http:\/\/www.secpf.com.br\/site\/wp-content\/uploads\/2017\/08\/Palavra_Comerciaria_agosto2017.pdf\" target=\"_blank\">Clique aqui para visualizar a vers\u00e3o em PDF do jornal do Sindicato dos Comerci\u00e1rios &#8211; PALAVRA COMERCI\u00c1RIA<\/a><\/strong><\/p>\n<hr \/>\n<p>&nbsp;<\/p>\n<p><a href=\"http:\/\/www.secpf.com.br\/site\/wp-content\/uploads\/2017\/08\/Palavra_Comerciaria_agosto2017-01.jpg\" target=\"_blank\"><img fetchpriority=\"high\" decoding=\"async\" class=\"alignnone wp-image-1595 size-medium\" src=\"http:\/\/www.secpf.com.br\/site\/wp-content\/uploads\/2017\/08\/Palavra_Comerciaria_agosto2017-01-218x300.jpg\" alt=\"Palavra_Comerciaria_agosto2017-01\" width=\"218\" height=\"300\" srcset=\"https:\/\/www.secpf.com.br\/site\/wp-content\/uploads\/2017\/08\/Palavra_Comerciaria_agosto2017-01-218x300.jpg 218w, https:\/\/www.secpf.com.br\/site\/wp-content\/uploads\/2017\/08\/Palavra_Comerciaria_agosto2017-01-744x1024.jpg 744w, https:\/\/www.secpf.com.br\/site\/wp-content\/uploads\/2017\/08\/Palavra_Comerciaria_agosto2017-01.jpg 1000w\" sizes=\"(max-width: 218px) 100vw, 218px\" \/><\/a><\/p>\n<p><a href=\"http:\/\/www.secpf.com.br\/site\/wp-content\/uploads\/2017\/08\/Palavra_Comerciaria_agosto2017-02e03.jpg\" target=\"_blank\"><img decoding=\"async\" class=\"alignnone wp-image-1594\" src=\"http:\/\/www.secpf.com.br\/site\/wp-content\/uploads\/2017\/08\/Palavra_Comerciaria_agosto2017-02e03-1024x697.jpg\" alt=\"Palavra_Comerciaria_agosto2017-02e03\" width=\"436\" height=\"297\" srcset=\"https:\/\/www.secpf.com.br\/site\/wp-content\/uploads\/2017\/08\/Palavra_Comerciaria_agosto2017-02e03-1024x697.jpg 1024w, https:\/\/www.secpf.com.br\/site\/wp-content\/uploads\/2017\/08\/Palavra_Comerciaria_agosto2017-02e03-300x204.jpg 300w, https:\/\/www.secpf.com.br\/site\/wp-content\/uploads\/2017\/08\/Palavra_Comerciaria_agosto2017-02e03.jpg 2000w\" sizes=\"(max-width: 436px) 100vw, 436px\" \/><\/a><\/p>\n<p><a href=\"http:\/\/www.secpf.com.br\/site\/wp-content\/uploads\/2017\/08\/Palavra_Comerciaria_agosto2017-04.jpg\" target=\"_blank\"><img decoding=\"async\" class=\"alignnone wp-image-1593 size-medium\" src=\"http:\/\/www.secpf.com.br\/site\/wp-content\/uploads\/2017\/08\/Palavra_Comerciaria_agosto2017-04-218x300.jpg\" alt=\"Palavra_Comerciaria_agosto2017-04\" width=\"218\" height=\"300\" srcset=\"https:\/\/www.secpf.com.br\/site\/wp-content\/uploads\/2017\/08\/Palavra_Comerciaria_agosto2017-04-218x300.jpg 218w, https:\/\/www.secpf.com.br\/site\/wp-content\/uploads\/2017\/08\/Palavra_Comerciaria_agosto2017-04-744x1024.jpg 744w, https:\/\/www.secpf.com.br\/site\/wp-content\/uploads\/2017\/08\/Palavra_Comerciaria_agosto2017-04.jpg 1000w\" sizes=\"(max-width: 218px) 100vw, 218px\" \/><\/a><\/p>\n<p>&nbsp;<\/p>\n","protected":false},"excerpt":{"rendered":"<p>ENTREVISTA: \u201cO fim do imposto sindical foi o canto da sereia dos governos e dos patr\u00f5es para acabar com a CLT\u201d<br \/>\nMudan\u00e7as na Cl\u00ednica do Sindicato<br \/>\nCOMO A TERCEIRIZA\u00c7\u00c3O E A REFORMA TRABALHISTA IR\u00c3O PRECARIZAR A CLASSE TRABALHADORA?<br \/>\nConquistas com a luta da categoria organizada junto ao sindicato x Como a Patronal quer aplicar a Reforma Trabalhista no com\u00e9rcio<\/p>\n","protected":false},"author":1,"featured_media":1601,"comment_status":"closed","ping_status":"open","sticky":false,"template":"","format":"standard","meta":{"colormag_page_container_layout":"default_layout","colormag_page_sidebar_layout":"default_layout","footnotes":""},"categories":[5],"tags":[271,18,192,188,312,235],"class_list":["post-1590","post","type-post","status-publish","format-standard","has-post-thumbnail","hentry","category-noticias","tag-clt","tag-destaque","tag-imposto-sindical","tag-jornal","tag-palavra-comerciaria","tag-reforma-trabalhista"],"_links":{"self":[{"href":"https:\/\/www.secpf.com.br\/site\/wp-json\/wp\/v2\/posts\/1590","targetHints":{"allow":["GET"]}}],"collection":[{"href":"https:\/\/www.secpf.com.br\/site\/wp-json\/wp\/v2\/posts"}],"about":[{"href":"https:\/\/www.secpf.com.br\/site\/wp-json\/wp\/v2\/types\/post"}],"author":[{"embeddable":true,"href":"https:\/\/www.secpf.com.br\/site\/wp-json\/wp\/v2\/users\/1"}],"replies":[{"embeddable":true,"href":"https:\/\/www.secpf.com.br\/site\/wp-json\/wp\/v2\/comments?post=1590"}],"version-history":[{"count":5,"href":"https:\/\/www.secpf.com.br\/site\/wp-json\/wp\/v2\/posts\/1590\/revisions"}],"predecessor-version":[{"id":1600,"href":"https:\/\/www.secpf.com.br\/site\/wp-json\/wp\/v2\/posts\/1590\/revisions\/1600"}],"wp:featuredmedia":[{"embeddable":true,"href":"https:\/\/www.secpf.com.br\/site\/wp-json\/wp\/v2\/media\/1601"}],"wp:attachment":[{"href":"https:\/\/www.secpf.com.br\/site\/wp-json\/wp\/v2\/media?parent=1590"}],"wp:term":[{"taxonomy":"category","embeddable":true,"href":"https:\/\/www.secpf.com.br\/site\/wp-json\/wp\/v2\/categories?post=1590"},{"taxonomy":"post_tag","embeddable":true,"href":"https:\/\/www.secpf.com.br\/site\/wp-json\/wp\/v2\/tags?post=1590"}],"curies":[{"name":"wp","href":"https:\/\/api.w.org\/{rel}","templated":true}]}}