{"id":1651,"date":"2017-09-26T18:21:22","date_gmt":"2017-09-26T21:21:22","guid":{"rendered":"http:\/\/www.secpf.com.br\/site\/?p=1651"},"modified":"2017-10-04T18:51:30","modified_gmt":"2017-10-04T21:51:30","slug":"seis-brasileiros-concentram-riqueza-igual-ao-patrimonio-somado-de-outros-100-milhoes","status":"publish","type":"post","link":"https:\/\/www.secpf.com.br\/site\/seis-brasileiros-concentram-riqueza-igual-ao-patrimonio-somado-de-outros-100-milhoes\/","title":{"rendered":"Seis brasileiros concentram riqueza igual ao patrim\u00f4nio somado de outros 100 milh\u00f5es"},"content":{"rendered":"<p><a href=\"http:\/\/www.secpf.com.br\/site\/wp-content\/uploads\/2017\/10\/260917-concentracao-riqueza.jpg\"><img fetchpriority=\"high\" decoding=\"async\" class=\"alignnone size-full wp-image-1652\" src=\"http:\/\/www.secpf.com.br\/site\/wp-content\/uploads\/2017\/10\/260917-concentracao-riqueza.jpg\" alt=\"260917-concentracao-riqueza\" width=\"600\" height=\"392\" srcset=\"https:\/\/www.secpf.com.br\/site\/wp-content\/uploads\/2017\/10\/260917-concentracao-riqueza.jpg 600w, https:\/\/www.secpf.com.br\/site\/wp-content\/uploads\/2017\/10\/260917-concentracao-riqueza-300x196.jpg 300w\" sizes=\"(max-width: 600px) 100vw, 600px\" \/><\/a><\/p>\n<p>Jorge Paulo Lemann (AB Inbev), Joseph Safra (Banco Safra), Marcel Hermmann Telles (AB Inbev), Carlos Alberto Sicupira (AB Inbev), Eduardo Saverin (Facebook) e Ermirio Pereira de Moraes (Grupo Votorantim) s\u00e3o as seis pessoas mais ricas do Brasil. Eles concentram, juntos, a mesma riqueza que os 100 milh\u00f5es mais pobres do pa\u00eds, ou seja, a metade da popula\u00e7\u00e3o brasileira (207,7 milh\u00f5es). Estes seis bilion\u00e1rios, se gastassem um milh\u00e3o de reais por dia, juntos, levariam 36 anos para esgotar o equivalente ao seu patrim\u00f4nio. Foi o que revelou um estudo sobre desigualdade realizado pela Oxfam.<\/p>\n<p>O levantamento tamb\u00e9m mostrou que os 5% mais ricos det\u00eam a mesma fatia de renda que os demais 95% da popula\u00e7\u00e3o. E que aqueles que recebem um sal\u00e1rio m\u00ednimo (937 reais) por m\u00eas (cerca de 23% da popula\u00e7\u00e3o brasileira) teriam que trabalhar por 19 anos para obter a mesma renda que os chamados super ricos. Os dados tamb\u00e9m apontaram para a desigualdade de g\u00eanero e ra\u00e7a: mantida a tend\u00eancia dos \u00faltimos 20 anos, mulheres ganhar\u00e3o o mesmo sal\u00e1rio que homens em 2047, enquanto negros ter\u00e3o equipara\u00e7\u00e3o de renda com brancos somente em 2089.<\/p>\n<p>Segundo Katia Maia, diretora executiva da Oxfam e coordenadora da pesquisa, o Brasil chegou a avan\u00e7ar no caminho rumo \u00e0 igualdade nos \u00faltimos anos, por meio de programas sociais como o Bolsa Fam\u00edlia, mas ainda est\u00e1 muito distante de ser um pa\u00eds que enfrenta a desigualdade como prioridade. Al\u00e9m disso, de acordo com ela, somente aumentar a inclus\u00e3o dos mais pobres n\u00e3o resolve o problema. \u201cNa base da pir\u00e2mide houve inclus\u00e3o nos \u00faltimos anos, mas a quest\u00e3o \u00e9 o topo\u201d, diz. \u201cAmpliar a base \u00e9 importante, mas existe um limite. E se voc\u00ea n\u00e3o redistribui o que tem no topo, chega um momento em que n\u00e3o tem como ampliar a base\u201d, explica.<\/p>\n<p><strong>Am\u00e9rica Latina<\/strong><\/p>\n<p>Neste ano, o Brasil despencou 19 posi\u00e7\u00f5es no ranking de desigualdade social da ONU, figurando entre os 10 mais desiguais do mundo. Na Am\u00e9rica Latina, s\u00f3 fica atr\u00e1s da Col\u00f4mbia e de Honduras. Para alcan\u00e7ar o n\u00edvel de desigualdade da Argentina, por exemplo, o Brasil levaria 31 anos. Onze anos para alcan\u00e7ar o M\u00e9xico, 35 o Uruguai e tr\u00eas o Chile.<\/p>\n<p>&nbsp;<\/p>\n<p><em><span style=\"font-family: 'trebuchet ms', geneva, sans-serif; font-size: 10pt;\">Do El Pa\u00eds<\/span><\/em><br \/>\n<em><span style=\"font-family: 'trebuchet ms', geneva, sans-serif; font-size: 10pt;\">Fonte: <a href=\"http:\/\/www.diariodocentrodomundo.com.br\/essencial\/seis-brasileiros-concentram-riqueza-igual-ao-patrimonio-somado-de-outros-100-milhoes\/\" target=\"_blank\">DCM<\/a><\/span><\/em><\/p>\n","protected":false},"excerpt":{"rendered":"<p>Jorge Paulo Lemann (AB Inbev), Joseph Safra (Banco Safra), Marcel Hermmann Telles (AB Inbev), Carlos Alberto Sicupira (AB Inbev), Eduardo<\/p>\n","protected":false},"author":1,"featured_media":1652,"comment_status":"open","ping_status":"open","sticky":false,"template":"","format":"standard","meta":{"colormag_page_container_layout":"default_layout","colormag_page_sidebar_layout":"default_layout","footnotes":""},"categories":[5],"tags":[207,18,86,52],"class_list":["post-1651","post","type-post","status-publish","format-standard","has-post-thumbnail","hentry","category-noticias","tag-concentracao-de-renda","tag-destaque","tag-pobreza","tag-riqueza"],"_links":{"self":[{"href":"https:\/\/www.secpf.com.br\/site\/wp-json\/wp\/v2\/posts\/1651","targetHints":{"allow":["GET"]}}],"collection":[{"href":"https:\/\/www.secpf.com.br\/site\/wp-json\/wp\/v2\/posts"}],"about":[{"href":"https:\/\/www.secpf.com.br\/site\/wp-json\/wp\/v2\/types\/post"}],"author":[{"embeddable":true,"href":"https:\/\/www.secpf.com.br\/site\/wp-json\/wp\/v2\/users\/1"}],"replies":[{"embeddable":true,"href":"https:\/\/www.secpf.com.br\/site\/wp-json\/wp\/v2\/comments?post=1651"}],"version-history":[{"count":1,"href":"https:\/\/www.secpf.com.br\/site\/wp-json\/wp\/v2\/posts\/1651\/revisions"}],"predecessor-version":[{"id":1653,"href":"https:\/\/www.secpf.com.br\/site\/wp-json\/wp\/v2\/posts\/1651\/revisions\/1653"}],"wp:featuredmedia":[{"embeddable":true,"href":"https:\/\/www.secpf.com.br\/site\/wp-json\/wp\/v2\/media\/1652"}],"wp:attachment":[{"href":"https:\/\/www.secpf.com.br\/site\/wp-json\/wp\/v2\/media?parent=1651"}],"wp:term":[{"taxonomy":"category","embeddable":true,"href":"https:\/\/www.secpf.com.br\/site\/wp-json\/wp\/v2\/categories?post=1651"},{"taxonomy":"post_tag","embeddable":true,"href":"https:\/\/www.secpf.com.br\/site\/wp-json\/wp\/v2\/tags?post=1651"}],"curies":[{"name":"wp","href":"https:\/\/api.w.org\/{rel}","templated":true}]}}