{"id":1713,"date":"2017-12-04T11:57:33","date_gmt":"2017-12-04T13:57:33","guid":{"rendered":"http:\/\/www.secpf.com.br\/site\/?p=1713"},"modified":"2017-12-04T11:57:33","modified_gmt":"2017-12-04T13:57:33","slug":"nota-oficial-da-csp-conlutas-contra-a-desmarcacao-da-greve-nacional-de-5-de-dezembro","status":"publish","type":"post","link":"https:\/\/www.secpf.com.br\/site\/nota-oficial-da-csp-conlutas-contra-a-desmarcacao-da-greve-nacional-de-5-de-dezembro\/","title":{"rendered":"Nota oficial da CSP-Conlutas contra a desmarca\u00e7\u00e3o da Greve Nacional de 5 de dezembro"},"content":{"rendered":"<p class=\"m_2401035414779011805x_MsoNormal\"><a href=\"http:\/\/www.secpf.com.br\/site\/wp-content\/uploads\/2017\/12\/041217-greve-conlutas.jpg\"><img fetchpriority=\"high\" decoding=\"async\" class=\"alignnone size-full wp-image-1714\" src=\"http:\/\/www.secpf.com.br\/site\/wp-content\/uploads\/2017\/12\/041217-greve-conlutas.jpg\" alt=\"041217-greve-conlutas\" width=\"768\" height=\"475\" srcset=\"https:\/\/www.secpf.com.br\/site\/wp-content\/uploads\/2017\/12\/041217-greve-conlutas.jpg 768w, https:\/\/www.secpf.com.br\/site\/wp-content\/uploads\/2017\/12\/041217-greve-conlutas-300x186.jpg 300w\" sizes=\"(max-width: 768px) 100vw, 768px\" \/><\/a><\/p>\n<p class=\"m_2401035414779011805x_MsoNormal\">Hoje fomos surpreendidos com a desmarca\u00e7\u00e3o da Greve Nacional assinada pela c\u00fapula de seis centrais sindicais (CUT, For\u00e7a Sindical, CTB*, UGT, NCST e CSB). Isto, sem consulta pr\u00e9via \u00e0 CSP-Conlutas e sem consulta \u00e0 suas pr\u00f3prias bases nos estados e nos sindicatos. Resolveram desmarcar por telefone a Greve Nacional convocada para o dia 5 de dezembro. \u00a0<u><\/u><u><\/u><\/p>\n<p class=\"m_2401035414779011805x_MsoNormal\">\u00a0Isto acontece exatamente no momento em que o governo Temer est\u00e1 com dificuldade em conseguir o n\u00famero de votos necess\u00e1rios para a aprova\u00e7\u00e3o do fim da aposentadoria dos trabalhadores brasileiros. Acontece no momento em que na base aumenta a disposi\u00e7\u00e3o em realizar a Greve Nacional e manifesta\u00e7\u00f5es para derrotar definitivamente a Reforma da Previd\u00eancia.<u><\/u><u><\/u><\/p>\n<p class=\"m_2401035414779011805x_MsoNormal\">\u00a0Este recuo \u00e9 um grave erro e ajuda somente ao governo Temer. N\u00e3o conta com o apoio da CSP-Conlutas!<u><\/u><u><\/u><\/p>\n<p class=\"m_2401035414779011805x_MsoNormal\">\u00a0Este recuo significa abrir m\u00e3o de uma ferramenta fundamental, que \u00e9 a Greve Nacional, uma grande oportunidade de, pela a\u00e7\u00e3o direta, enterrarmos de vez essa reforma que acaba com a nossa aposentadoria e vem sendo articulada a base da compra de votos por um governo e um Congresso Nacional corruptos a servi\u00e7o da burguesia desse pa\u00eds.<u><\/u><u><\/u><\/p>\n<p class=\"m_2401035414779011805x_MsoNormal\">\u00a0A CSP-Conlutas chama a todos os sindicatos e organiza\u00e7\u00f5es de base a se manterem mobilizados e realizarem assembleias, protestos e manifesta\u00e7\u00f5es, a manterem a press\u00e3o sobre os deputados nas casas e aeroportos. N\u00e3o vamos baixar a guarda!<u><\/u><u><\/u><\/p>\n<p class=\"m_2401035414779011805x_MsoNormal\">\u00a0O governo recuou apenas por uma semana, e se for colocar em vota\u00e7\u00e3o a reforma, chamamos a todos os sindicatos e organiza\u00e7\u00f5es a paralisarem o pa\u00eds imediatamente.<u><\/u><u><\/u><\/p>\n<p class=\"m_2401035414779011805x_MsoNormal\">\u00a0<b>S\u00f3 a luta unificada e uma Greve Geral podem derrotar o governo Temer e esse congresso de corruptos!<u><\/u><u><\/u><\/b><\/p>\n<p class=\"m_2401035414779011805x_MsoNormal\"><strong>\u00a0<\/strong><b>Se quiserem votar, o Brasil vai parar!<u><\/u><u><\/u><\/b><\/p>\n<p class=\"m_2401035414779011805x_MsoNormal\"><strong>\u00a0<\/strong><u><\/u><u><\/u><\/p>\n<p class=\"m_2401035414779011805x_MsoNormal\" align=\"center\"><strong><em>Secretaria Executiva Nacional da CSP-Conlutas<\/em><br \/>\n<\/strong><em>* A CTB publicou nota oficial afirmando discordar da posi\u00e7\u00e3o da maioria das centrais sindicais na nota que desmarca a Greve Nacional de 5 de dezembro.<\/em><u><\/u><u><\/u><\/p>\n<div class=\"yj6qo ajU\">\n<div id=\":1wt\" class=\"ajR\" tabindex=\"0\" data-tooltip=\"Mostrar conte\u00fado cortado\"><img decoding=\"async\" class=\"ajT\" src=\"https:\/\/ssl.gstatic.com\/ui\/v1\/icons\/mail\/images\/cleardot.gif\" alt=\"\" \/><\/div>\n<\/div>\n","protected":false},"excerpt":{"rendered":"<p>Hoje fomos surpreendidos com a desmarca\u00e7\u00e3o da Greve Nacional assinada pela c\u00fapula de seis centrais sindicais (CUT, For\u00e7a Sindical, CTB*,<\/p>\n","protected":false},"author":1,"featured_media":1714,"comment_status":"open","ping_status":"open","sticky":false,"template":"","format":"standard","meta":{"colormag_page_container_layout":"default_layout","colormag_page_sidebar_layout":"default_layout","footnotes":""},"categories":[5],"tags":[78,24,190],"class_list":["post-1713","post","type-post","status-publish","format-standard","has-post-thumbnail","hentry","category-noticias","tag-corrupcao","tag-greve","tag-temer"],"_links":{"self":[{"href":"https:\/\/www.secpf.com.br\/site\/wp-json\/wp\/v2\/posts\/1713","targetHints":{"allow":["GET"]}}],"collection":[{"href":"https:\/\/www.secpf.com.br\/site\/wp-json\/wp\/v2\/posts"}],"about":[{"href":"https:\/\/www.secpf.com.br\/site\/wp-json\/wp\/v2\/types\/post"}],"author":[{"embeddable":true,"href":"https:\/\/www.secpf.com.br\/site\/wp-json\/wp\/v2\/users\/1"}],"replies":[{"embeddable":true,"href":"https:\/\/www.secpf.com.br\/site\/wp-json\/wp\/v2\/comments?post=1713"}],"version-history":[{"count":1,"href":"https:\/\/www.secpf.com.br\/site\/wp-json\/wp\/v2\/posts\/1713\/revisions"}],"predecessor-version":[{"id":1715,"href":"https:\/\/www.secpf.com.br\/site\/wp-json\/wp\/v2\/posts\/1713\/revisions\/1715"}],"wp:featuredmedia":[{"embeddable":true,"href":"https:\/\/www.secpf.com.br\/site\/wp-json\/wp\/v2\/media\/1714"}],"wp:attachment":[{"href":"https:\/\/www.secpf.com.br\/site\/wp-json\/wp\/v2\/media?parent=1713"}],"wp:term":[{"taxonomy":"category","embeddable":true,"href":"https:\/\/www.secpf.com.br\/site\/wp-json\/wp\/v2\/categories?post=1713"},{"taxonomy":"post_tag","embeddable":true,"href":"https:\/\/www.secpf.com.br\/site\/wp-json\/wp\/v2\/tags?post=1713"}],"curies":[{"name":"wp","href":"https:\/\/api.w.org\/{rel}","templated":true}]}}