{"id":1725,"date":"2017-12-27T11:22:19","date_gmt":"2017-12-27T13:22:19","guid":{"rendered":"http:\/\/www.secpf.com.br\/site\/?p=1725"},"modified":"2017-12-27T11:22:19","modified_gmt":"2017-12-27T13:22:19","slug":"no-chile-1-pais-a-privatizar-a-previdencia-sistema-entrou-em-crise-e-trabalhadores-vivem-com-aposentadorias-miseraveis","status":"publish","type":"post","link":"https:\/\/www.secpf.com.br\/site\/no-chile-1-pais-a-privatizar-a-previdencia-sistema-entrou-em-crise-e-trabalhadores-vivem-com-aposentadorias-miseraveis\/","title":{"rendered":"No Chile, 1\u00b0 pa\u00eds a privatizar a Previd\u00eancia, sistema entrou em crise e trabalhadores vivem com aposentadorias miser\u00e1veis"},"content":{"rendered":"<p>Sem votos para conseguir aprovar a Reforma da Previd\u00eancia ainda este ano, o governo Temer resolveu recuar e anunciou a vota\u00e7\u00e3o para fevereiro de 2018. At\u00e9 l\u00e1, os esfor\u00e7os continuam para ganhar apoio no Congresso e tentar convencer a popula\u00e7\u00e3o que a reforma \u00e9 ben\u00e9fica, discurso que \u00e9 desmentido por v\u00e1rios fatos. Um deles \u00e9 o caso do Chile, primeiro pa\u00eds a privatizar a Previd\u00eancia no mundo.<\/p>\n<p><a href=\"http:\/\/cspconlutas.org.br\/wp-content\/uploads\/2017\/12\/No-mas2.jpg\"><img fetchpriority=\"high\" decoding=\"async\" class=\"wp-image-144168 aligncenter\" src=\"http:\/\/cspconlutas.org.br\/wp-content\/uploads\/2017\/12\/No-mas2-300x169.jpg\" sizes=\"(max-width: 400px) 100vw, 400px\" srcset=\"http:\/\/cspconlutas.org.br\/wp-content\/uploads\/2017\/12\/No-mas2-300x169.jpg 300w, http:\/\/cspconlutas.org.br\/wp-content\/uploads\/2017\/12\/No-mas2-768x432.jpg 768w, http:\/\/cspconlutas.org.br\/wp-content\/uploads\/2017\/12\/No-mas2.jpg 880w\" alt=\"\" width=\"400\" height=\"225\" \/><\/a><\/p>\n<p>O pa\u00eds vizinho sul-americano colocou em pr\u00e1tica um dos principais objetivos da reforma no Brasil que \u00e9 transferir cada vez mais a aposentadoria dos trabalhadores para o setor privado, sob a falsa justificativa que a previd\u00eancia social \u00e9 insustent\u00e1vel e a privada seria mais eficiente.<\/p>\n<p>Hoje, o Chile vive uma profunda crise no sistema de aposentadorias que se agravou nos \u00faltimos anos, com um brutal achatamento do valor dos benef\u00edcios aos trabalhadores.<\/p>\n<p><strong>Situa\u00e7\u00e3o insustent\u00e1vel<\/strong><br \/>\nEm plena ditadura militar de Augusto Pinochet, em 1981, o governo mudou o sistema de Previd\u00eancia que era parecido com o atual existente aqui no Brasil. A Previd\u00eancia foi privatizada e cada trabalhador passou a contribuir com 10% do seu sal\u00e1rio para fundos de pens\u00e3o privados, conhecidos como Administradoras de Fundo de Pens\u00e3o. As mulheres come\u00e7am a receber o benef\u00edcio aos 60 anos e os homens aos 65 e s\u00e3o obrigados a contribuir por, no m\u00ednimo, 20 anos.<\/p>\n<p>Contudo, o que ocorreu foi que as AFPs, como s\u00e3o chamadas, passaram a administrar o dinheiro dos trabalhadores, usando para investimentos e especula\u00e7\u00e3o, mas na hora de pagar as aposentadorias os valores s\u00e3o irris\u00f3rios. Longe de representar o que os trabalhadores contribu\u00edram a vida toda, sequer garantem o m\u00ednimo de subsist\u00eancia.<\/p>\n<p>De acordo com os especialistas de uma comiss\u00e3o contratada pelo pr\u00f3prio governo para estudar o sistema e propor mudan\u00e7as, quando se comparam os sal\u00e1rios recebidos por uma pessoa nos \u00faltimos 10 anos com o dinheiro de sua aposentadoria, o valor do benef\u00edcio chega a apenas 45% dos sal\u00e1rios, isso se houver um aporte por parte do Estado (no caso das pessoas de menor renda). Se n\u00e3o houver nenhum aporte complementar, como ocorre na maioria dos casos, a taxa chega a apenas 34%.<\/p>\n<p>A comiss\u00e3o fez algumas proje\u00e7\u00f5es. Embora os criadores do sistema tenham previsto que em 2020 as pessoas se aposentariam com 100% de seus vencimentos na ativa, metade daqueles que contribu\u00edram entre 25 e 33 anos receber\u00e1 pens\u00f5es equivalentes a 21%.<\/p>\n<p>Em entrevista \u00e0 revista InformAndes, de abril deste ano, Patr\u00edcio Guzm\u00e1n, assessor do Sindicato dos Banc\u00e1rios do Chile e um dos organizadores do movimento No+AFP (sigla para basta das administradoras de fundos de pens\u00e3o), que luta contra o modelo privado de previd\u00eancia chileno, explicou como funciona o sistema.<\/p>\n<p>\u201cNove entre cada dez trabalhadores recebem menos de 60% do sal\u00e1rio m\u00ednimo, que, no Chile, \u00e9 de cerca 270 mil pesos (cerca de R$ 1.200). Esse valor, devido aos pre\u00e7os praticados no pa\u00eds, \u00e9 insuficiente para viver decentemente. Ao chegar \u00e0 idade de aposentadoria, o trabalhador receber\u00e1 um valor calculado sobre a base do fundo individual acumulado em rela\u00e7\u00e3o \u00e0 expectativa de vida, ou seja, o fundo \u00e9 dividido pelos anos que se espera que ainda haja de vida. As mulheres s\u00e3o as mais prejudicadas, e seus fundos s\u00e3o menores. As aposentadorias das mulheres chilenas s\u00e3o, em m\u00e9dia, 40% menor que a dos homens. Isso gera problemas graves\u201d, disse.<\/p>\n<p>As AFP administram em torno de 150 milh\u00f5es de d\u00f3lares provenientes dos sal\u00e1rios dos trabalhadores e utilizam essa quantia para investir em empresas ou em a\u00e7\u00f5es na Bolsa de Valores. As perdas dessas opera\u00e7\u00f5es s\u00e3o socializadas entre os trabalhadores, o que faz com que muitos tenham que seguir trabalhando ap\u00f3s a aposentadoria.<\/p>\n<p><strong>Corrup\u00e7\u00e3o e privil\u00e9gios<\/strong><br \/>\nO sistema tamb\u00e9m n\u00e3o ficou livre de distor\u00e7\u00f5es e esc\u00e2ndalos. As den\u00fancias s\u00e3o de total falta de transpar\u00eancia no uso do dinheiro pelas AFPs. Em janeiro deste ano, o jornal El Desconcierto denunciou que as AFP investiram mais de 120 milh\u00f5es de d\u00f3lares (mais de R$ 390 milh\u00f5es) nos \u00faltimos dez anos em opera\u00e7\u00f5es financeiras ilegais. A maioria desse dinheiro foi investida em a\u00e7\u00f5es de alto risco, proibidas pela legisla\u00e7\u00e3o previdenci\u00e1ria chilena.<\/p>\n<p>No ano passado, um esc\u00e2ndalo envolvendo a esposa de um conhecido deputado do pa\u00eds exp\u00f4s as injusti\u00e7as do sistema. Myriam Olate, a esposa do parlamentar, recebia uma pens\u00e3o equivalente a 25.400 reais por m\u00eas por pertencer \u00e0 Gendarmer\u00eda (departamento prisional chileno), uma das institui\u00e7\u00f5es que, junto com as For\u00e7as Armadas e pol\u00edcias, o regime militar de Pinochet resguardou ao alterar o sistema h\u00e1 36 anos.<\/p>\n<p><strong>Luta aqui e l\u00e1<\/strong><br \/>\nNos \u00faltimos anos tem crescido a mobiliza\u00e7\u00e3o dos trabalhadores e aposentados chilenos contra o modelo de previd\u00eancia no pa\u00eds, levando milhares de pessoas \u00e0s ruas em fortes protestos. Em julho do ano passado, mais de 150 mil manifestantes tomaram a capital Santiago. Este ano, ocorreram outros tr\u00eas grandes protestos nacionais, reivindicando um novo sistema de seguridade social por reparti\u00e7\u00e3o.<\/p>\n<p>\u201cA Previd\u00eancia est\u00e1 sob ataque em diversos pa\u00edses, pois governos querem desviar recursos para pagamento da D\u00edvida e entregar o setor para seguradoras e fundos privados de pens\u00e3o\u201d, avalia Paulo Barela, integrante da Secretaria Executiva Nacional da CSP-Conlutas.\u00a0\u201cEm todo o mundo estamos vendo resist\u00eancia, como no pr\u00f3prio Chile e nesses \u00faltimos dias na Argentina e at\u00e9 na B\u00e9lgica, onde tamb\u00e9m h\u00e1 propostas de reformas da previd\u00eancia. A resist\u00eancia e a luta dos trabalhadores tamb\u00e9m precisa ser internacional\u201d, concluiu o dirigente.<\/p>\n<p>&nbsp;<\/p>\n<p><em>Com informa\u00e7\u00f5es BBC, El Pa\u00eds, AFP e Andes-SN<br \/>\nFonte: <a href=\"http:\/\/cspconlutas.org.br\/2017\/12\/no-chile-1-pais-a-privatizar-a-previdencia-sistema-entrou-em-crise-e-trabalhadores-vivem-com-aposentadorias-miseraveis\/\" target=\"_blank\">CSP Conlutas<\/a><\/em><\/p>\n","protected":false},"excerpt":{"rendered":"<p>Sem votos para conseguir aprovar a Reforma da Previd\u00eancia ainda este ano, o governo Temer resolveu recuar e anunciou a<\/p>\n","protected":false},"author":1,"featured_media":1726,"comment_status":"open","ping_status":"open","sticky":false,"template":"","format":"standard","meta":{"colormag_page_container_layout":"default_layout","colormag_page_sidebar_layout":"default_layout","footnotes":""},"categories":[5],"tags":[228,270,299],"class_list":["post-1725","post","type-post","status-publish","format-standard","has-post-thumbnail","hentry","category-noticias","tag-aposentadoria","tag-privatizacao","tag-reforma-da-previdencia"],"_links":{"self":[{"href":"https:\/\/www.secpf.com.br\/site\/wp-json\/wp\/v2\/posts\/1725","targetHints":{"allow":["GET"]}}],"collection":[{"href":"https:\/\/www.secpf.com.br\/site\/wp-json\/wp\/v2\/posts"}],"about":[{"href":"https:\/\/www.secpf.com.br\/site\/wp-json\/wp\/v2\/types\/post"}],"author":[{"embeddable":true,"href":"https:\/\/www.secpf.com.br\/site\/wp-json\/wp\/v2\/users\/1"}],"replies":[{"embeddable":true,"href":"https:\/\/www.secpf.com.br\/site\/wp-json\/wp\/v2\/comments?post=1725"}],"version-history":[{"count":1,"href":"https:\/\/www.secpf.com.br\/site\/wp-json\/wp\/v2\/posts\/1725\/revisions"}],"predecessor-version":[{"id":1727,"href":"https:\/\/www.secpf.com.br\/site\/wp-json\/wp\/v2\/posts\/1725\/revisions\/1727"}],"wp:featuredmedia":[{"embeddable":true,"href":"https:\/\/www.secpf.com.br\/site\/wp-json\/wp\/v2\/media\/1726"}],"wp:attachment":[{"href":"https:\/\/www.secpf.com.br\/site\/wp-json\/wp\/v2\/media?parent=1725"}],"wp:term":[{"taxonomy":"category","embeddable":true,"href":"https:\/\/www.secpf.com.br\/site\/wp-json\/wp\/v2\/categories?post=1725"},{"taxonomy":"post_tag","embeddable":true,"href":"https:\/\/www.secpf.com.br\/site\/wp-json\/wp\/v2\/tags?post=1725"}],"curies":[{"name":"wp","href":"https:\/\/api.w.org\/{rel}","templated":true}]}}