{"id":1732,"date":"2018-01-11T15:27:23","date_gmt":"2018-01-11T17:27:23","guid":{"rendered":"http:\/\/www.secpf.com.br\/site\/?p=1732"},"modified":"2018-01-12T15:30:38","modified_gmt":"2018-01-12T17:30:38","slug":"acusado-de-apropriacao-indebita-e-descumprimento-do-estatuto-presidente-e-afastado-do-sindicato-dos-vigilantes","status":"publish","type":"post","link":"https:\/\/www.secpf.com.br\/site\/acusado-de-apropriacao-indebita-e-descumprimento-do-estatuto-presidente-e-afastado-do-sindicato-dos-vigilantes\/","title":{"rendered":"Acusado de apropria\u00e7\u00e3o ind\u00e9bita e descumprimento do estatuto, presidente \u00e9 afastado do Sindicato dos Vigilantes"},"content":{"rendered":"<p>Em assembleia geral, realizada no dia 30 de dezembro de 2017, os associados ao Sindicato dos Vigilantes de Passo Fundo e Regi\u00e3o decidiram pelo afastamento do presidente da entidade, Orides Thimoteo da Costa e demais membros da diretoria, suspeitos de apropria\u00e7\u00e3o ind\u00e9bita, malversa\u00e7\u00e3o e delapida\u00e7\u00e3o do patrim\u00f4nio do sindicato e, ainda, de descumprimento do estatuto.<\/p>\n<p>Conforme documentos e informa\u00e7\u00f5es obtidas pela reportagem da R\u00e1dio Uirapuru, a\u00e7\u00f5es que investigam as acusa\u00e7\u00f5es est\u00e3o tramitando na Justi\u00e7a do Trabalho de Passo Fundo e no Minist\u00e9rio P\u00fablico do Trabalho.<\/p>\n<p>O fato que culminou com o afastamento teria ocorrido em 2016, quando o presidente, com a concord\u00e2ncia do tesoureiro, teria depositado em sua conta pessoal parte de um valor correspondente a indeniza\u00e7\u00e3o de trabalhadores de uma empresa de vigil\u00e2ncia que atuava em Passo Fundo e Regi\u00e3o.<\/p>\n<p>Segundo Jolar Martins, integrante do Conselho Fiscal, existia um processo onde a empresa Vigil\u00e2ncia Pedrozo Ltda, ap\u00f3s decretada a fal\u00eancia foi condenada a pagar um valor de superior a R$ 12 milh\u00f5es a ex-trabalhadores. Desse total, em torno de R$ 900 mil foram direcionados a vigilantes ligados ao sindicato de Passo Fundo.<\/p>\n<p>Em acordo com o judici\u00e1rio a empresa depositou metade do valor que era devido aos benefici\u00e1rios na a\u00e7\u00e3o. Jolar Martins denunciou que o presidente depositou parte desse dinheiro em sua conta pessoal e o restante na conta do sindicato para distribui\u00e7\u00e3o aos trabalhadores. Inclusive esse fato foi comprovado em assembleia com c\u00f3pias de alvar\u00e1s liberados pelo Poder Judici\u00e1rio.<\/p>\n<p>Uma ex-funcion\u00e1ria do Sindicato dos Vigilantes de Passo Fundo informou a Uirapuru que fez a den\u00fancia que deu origem ao inqu\u00e9rito, que est\u00e1 tramitando no Minist\u00e9rio P\u00fablico do Trabalho. Segundo ela, ap\u00f3s descobrir as irregularidades e o suposto desvio e comunicar a diretoria, foi demitida do cargo pelo presidente da entidade.<\/p>\n<p>Ap\u00f3s o afastamento de membros dirigentes, o Sindicato dos Vigilantes est\u00e1 sendo administrado pelo Conselho Fiscal e uma comiss\u00e3o executiva. Jolar Martins informou que essa atitude foi tomada para que a entidade n\u00e3o feche as portas.<\/p>\n<p>Cita que nos pr\u00f3ximos dias uma Assembleia ser\u00e1 convocada para recompor a diretoria, j\u00e1 que n\u00e3o existe condi\u00e7\u00f5es financeiras de se realizar nova elei\u00e7\u00e3o neste momento, pois a entidade est\u00e1 sem caixa para arcar com as despesas imediatas.<\/p>\n<p>&nbsp;<\/p>\n<p><em><span style=\"font-size: 10pt;\">Fonte: <a href=\"http:\/\/www.rduirapuru.com.br\/cidade\/49158\/acusado+de+apropriacao+indebita+e+descumprimento+do+estatuto++presidente+e+afastado+do+sindicato+dos+vigilantes\" target=\"_blank\">R\u00e1dio Uirapuru<\/a><\/span><\/em><\/p>\n","protected":false},"excerpt":{"rendered":"<p>Em assembleia geral, realizada no dia 30 de dezembro de 2017, os associados ao Sindicato dos Vigilantes de Passo Fundo<\/p>\n","protected":false},"author":1,"featured_media":1733,"comment_status":"open","ping_status":"open","sticky":false,"template":"","format":"standard","meta":{"colormag_page_container_layout":"default_layout","colormag_page_sidebar_layout":"default_layout","footnotes":""},"categories":[5],"tags":[78,172,325],"class_list":["post-1732","post","type-post","status-publish","format-standard","has-post-thumbnail","hentry","category-noticias","tag-corrupcao","tag-sindicato","tag-vigilantes"],"_links":{"self":[{"href":"https:\/\/www.secpf.com.br\/site\/wp-json\/wp\/v2\/posts\/1732","targetHints":{"allow":["GET"]}}],"collection":[{"href":"https:\/\/www.secpf.com.br\/site\/wp-json\/wp\/v2\/posts"}],"about":[{"href":"https:\/\/www.secpf.com.br\/site\/wp-json\/wp\/v2\/types\/post"}],"author":[{"embeddable":true,"href":"https:\/\/www.secpf.com.br\/site\/wp-json\/wp\/v2\/users\/1"}],"replies":[{"embeddable":true,"href":"https:\/\/www.secpf.com.br\/site\/wp-json\/wp\/v2\/comments?post=1732"}],"version-history":[{"count":1,"href":"https:\/\/www.secpf.com.br\/site\/wp-json\/wp\/v2\/posts\/1732\/revisions"}],"predecessor-version":[{"id":1734,"href":"https:\/\/www.secpf.com.br\/site\/wp-json\/wp\/v2\/posts\/1732\/revisions\/1734"}],"wp:featuredmedia":[{"embeddable":true,"href":"https:\/\/www.secpf.com.br\/site\/wp-json\/wp\/v2\/media\/1733"}],"wp:attachment":[{"href":"https:\/\/www.secpf.com.br\/site\/wp-json\/wp\/v2\/media?parent=1732"}],"wp:term":[{"taxonomy":"category","embeddable":true,"href":"https:\/\/www.secpf.com.br\/site\/wp-json\/wp\/v2\/categories?post=1732"},{"taxonomy":"post_tag","embeddable":true,"href":"https:\/\/www.secpf.com.br\/site\/wp-json\/wp\/v2\/tags?post=1732"}],"curies":[{"name":"wp","href":"https:\/\/api.w.org\/{rel}","templated":true}]}}