{"id":1735,"date":"2018-01-12T15:34:33","date_gmt":"2018-01-12T17:34:33","guid":{"rendered":"http:\/\/www.secpf.com.br\/site\/?p=1735"},"modified":"2018-01-12T15:44:08","modified_gmt":"2018-01-12T17:44:08","slug":"ahed-tamimi-e-a-forca-da-resistencia-e-das-mulheres-palestinas-contra-a-ocupacao-israelense","status":"publish","type":"post","link":"https:\/\/www.secpf.com.br\/site\/ahed-tamimi-e-a-forca-da-resistencia-e-das-mulheres-palestinas-contra-a-ocupacao-israelense\/","title":{"rendered":"Ahed Tamimi e a for\u00e7a da resist\u00eancia e das mulheres palestinas contra a ocupa\u00e7\u00e3o israelense"},"content":{"rendered":"<p><a href=\"http:\/\/www.secpf.com.br\/site\/wp-content\/uploads\/2018\/01\/120118-ahed-palestina.jpg\"><img fetchpriority=\"high\" decoding=\"async\" class=\"alignnone size-full wp-image-1736\" src=\"http:\/\/www.secpf.com.br\/site\/wp-content\/uploads\/2018\/01\/120118-ahed-palestina.jpg\" alt=\"120118-ahed-palestina\" width=\"900\" height=\"506\" srcset=\"https:\/\/www.secpf.com.br\/site\/wp-content\/uploads\/2018\/01\/120118-ahed-palestina.jpg 900w, https:\/\/www.secpf.com.br\/site\/wp-content\/uploads\/2018\/01\/120118-ahed-palestina-300x169.jpg 300w\" sizes=\"(max-width: 900px) 100vw, 900px\" \/><\/a><\/p>\n<p><em>Com 12 acusa\u00e7\u00f5es, Ahed Tamimi, a jovem de 16 anos que foi\u00a0<strong><a href=\"http:\/\/www.aljazeera.com\/news\/2018\/01\/israel-indicts-palestinian-teen-activist-ahed-tamimi-180101183249057.html\">filmada enfrentando soldados da For\u00e7a de Ocupa\u00e7\u00e3o Israelense<\/a><\/strong>\u00a0em seu vilarejo, Nabi Saleh, pr\u00f3ximo a Ramallah, foi condenada pela corte israelense nesta ter\u00e7a-feira (2) e pode receber pena de at\u00e9 10 anos. Uma das acusa\u00e7\u00f5es, de arremessar pedras contra soldados, \u00e9 um dos motivos mais comuns para a deten\u00e7\u00e3o de crian\u00e7as e adolescentes na Palestina Ocupada.<\/em><span id=\"more-21371\"><\/span><\/p>\n<p>Segundo estat\u00edsticas do m\u00eas de novembro de 2017 da Associa\u00e7\u00e3o Addameer de Defesa aos Presos Palestinos e aos Direitos Humanos, 250 crian\u00e7as est\u00e3o em pres\u00eddios israelenses. Grande parte delas acusadas de arremessar pedras, o que \u00e9 considerado crime pela lei militar e que pode custar at\u00e9 20 anos de pris\u00e3o. Desde o ano 2000, conforme informa\u00e7\u00f5es da organiza\u00e7\u00e3o, mais de 12 mil crian\u00e7as palestinas foram detidas.<\/p>\n<p>Ahed foi detida em 18 de dezembro. Sua m\u00e3e foi indiciada por incitar viol\u00eancia, ao registrar em v\u00eddeo o ocorrido, e sua tia, Manal, ativista dos correios da Palestina,\u00a0<strong><a href=\"https:\/\/youtu.be\/92tNl_ofPSQ\" data-rel=\"lightbox-video-0\">tamb\u00e9m foi presa em ato de protesto<\/a><\/strong>\u00a0em frente \u00e0 pris\u00e3o israelense Ofer, onde as duas familiares est\u00e3o detidas. O Sindicato dos Correios da Palestina, que comp\u00f5e a RSISL (Rede Sindical Internacional de Solidariedade e Lutas) da qual a CSP-Conlutas faz parte, pede apoio internacional pela liberdade de Manal Tamimi \u2013\u00a0<strong>confira ao final da mat\u00e9ria.<\/strong><\/p>\n<p><strong>Persegui\u00e7\u00e3o e viol\u00eancia \u2013<\/strong>\u00a0A fam\u00edlia Tamimi tem hist\u00f3rico bastante conhecido na regi\u00e3o por ser bem ativa nas mobiliza\u00e7\u00f5es contra a Ocupa\u00e7\u00e3o na Palestina.\u00a0O primeiro palestino adolescente, de apenas 17 anos, morto em 2018 por Israel \u00e9 Musab Firas, tamb\u00e9m da fam\u00edlia Tamimi.\u00a0O garoto foi atingido por um tiro no pesco\u00e7o, enquanto protestava na Cisjord\u00e2nia, pr\u00f3ximo do vilarejo de Deir Nitham. O primo de Ahed, Mohammed Tamimi, teve a cabe\u00e7a deformada por ferimento a tiro, disparado por um soldado israelense. Alguns metros de dist\u00e2ncia e uma hora depois foi o que separou este ocorrido da pris\u00e3o de Ahed. A rea\u00e7\u00e3o desta jovem palestina, que tem ganhando evid\u00eancia internacional ao longo dos anos, portanto, representa a ira leg\u00edtima e o levante do povo palestino que n\u00e3o tolera os crimes do estado de Israel.<\/p>\n<p>A jornalista palestino-brasileira Soraya Misleh, autora do livro Al Nakba \u2013 um estudo sobre a cat\u00e1strofe palestina (Editora Sundermann), destaca que \u201cAhed \u00e9 parte dos chamados \u2018filhos de Oslo\u2019, aqueles que nasceram ap\u00f3s os malfadados acordos de Oslo entre a OLP e Israel, que aprofundaram a expans\u00e3o colonial. Simboliza, assim, uma gera\u00e7\u00e3o que viu os t\u00e3o propalados \u2018acordos de paz\u2019 n\u00e3o trazerem nada, nenhum possibilidade de liberta\u00e7\u00e3o e vida digna. Sabem que a resist\u00eancia \u00e9 o \u00fanico caminho\u201d.<\/p>\n<p><strong>A mulher palestina<\/strong>\u00a0\u2013 Soraya conta que a\u00a0jovem Ahed, ao ser questionada em seu julgamento sobre como bateu em um soldado israelense fortemente armado, respondeu prontamente: \u201cRetire as algemas e lhe mostrarei como\u201d. \u201cAhed, que tem apenas 16 anos, simboliza a nova gera\u00e7\u00e3o na vanguarda da resist\u00eancia contra o racismo e coloniza\u00e7\u00e3o sionistas. Uma nova gera\u00e7\u00e3o que tem \u00e0 frente mulheres jovens \u2013 em um dos levantes recentes, formavam 40% dos que estavam nas ruas. Assim, desafia n\u00e3o apenas a ocupa\u00e7\u00e3o desumana, mas a pr\u00f3pria representa\u00e7\u00e3o de que as mulheres palestinas e \u00e1rabes s\u00e3o submissas por natureza e seria uma novidade quando uma delas se destaca na resist\u00eancia \u2013 ideia que tem sua origem na constru\u00e7\u00e3o orientalista, ou seja, de um \u2018Oriente\u2019 atrasado, que n\u00e3o pode se autogovernar, ante um \u2018Ocidente\u2019 civilizado. A representa\u00e7\u00e3o a respeito das mulheres no mundo \u00e1rabe \u00e9 um poderoso instrumento \u00e0 continuidade da coloniza\u00e7\u00e3o na regi\u00e3o. Ahed desmonta essa representa\u00e7\u00e3o e mostra a face feminina na resist\u00eancia, fazendo jus a uma rica hist\u00f3ria de participa\u00e7\u00e3o das mulheres na linha de frente contra a coloniza\u00e7\u00e3o sionista desde seus prim\u00f3rdios\u201d, pontua a jornalista.<\/p>\n<p><a class=\"td-modal-image\" title=\"\" href=\"https:\/\/i0.wp.com\/litci.org\/pt\/wp-content\/uploads\/2017\/12\/tamimi2.jpg?ssl=1\" data-rel=\"lightbox-0\"><img decoding=\"async\" class=\"size-medium wp-image-21324 td-animation-stack-type0-1\" src=\"https:\/\/i0.wp.com\/litci.org\/pt\/wp-content\/uploads\/2017\/12\/tamimi2.jpg?resize=300%2C200&amp;ssl=1\" sizes=\"(max-width: 300px) 100vw, 300px\" srcset=\"https:\/\/i0.wp.com\/litci.org\/pt\/wp-content\/uploads\/2017\/12\/tamimi2.jpg?resize=300%2C200&amp;ssl=1 300w, https:\/\/i0.wp.com\/litci.org\/pt\/wp-content\/uploads\/2017\/12\/tamimi2.jpg?w=768&amp;ssl=1 768w, https:\/\/i0.wp.com\/litci.org\/pt\/wp-content\/uploads\/2017\/12\/tamimi2.jpg?resize=630%2C420&amp;ssl=1 630w, https:\/\/i0.wp.com\/litci.org\/pt\/wp-content\/uploads\/2017\/12\/tamimi2.jpg?resize=537%2C360&amp;ssl=1 537w, https:\/\/i0.wp.com\/litci.org\/pt\/wp-content\/uploads\/2017\/12\/tamimi2.jpg?resize=640%2C427&amp;ssl=1 640w, https:\/\/i0.wp.com\/litci.org\/pt\/wp-content\/uploads\/2017\/12\/tamimi2.jpg?resize=681%2C454&amp;ssl=1 681w\" alt=\"\" width=\"300\" height=\"200\" data-attachment-id=\"21324\" data-permalink=\"https:\/\/litci.org\/pt\/mundo\/oriente-medio-mundo\/palestina\/israel-detem-ahed-tamimi-simbolo-da-resistencia-palestina\/attachment\/israel-detains-palestinian-in-west-bank\/\" data-orig-file=\"https:\/\/i0.wp.com\/litci.org\/pt\/wp-content\/uploads\/2017\/12\/tamimi2.jpg?fit=768%2C512&amp;ssl=1\" data-orig-size=\"768,512\" data-comments-opened=\"1\" data-image-meta=\"{&quot;aperture&quot;:&quot;11&quot;,&quot;credit&quot;:&quot;AA&quot;,&quot;camera&quot;:&quot;Canon EOS REBEL T1i&quot;,&quot;caption&quot;:&quot;RAMALLAH, WEST BANK - (ARCHIVE): A file photo dated 2 November, 2012 shows Palestinian girl Ahed al-Tamimi (C) challenges Israeli soldiers during a protest in Ramallah, West Bank. Israeli forces on Tuesday detained a 16-year-old Palestinian girl during an overnight raid in the occupied West Bank. Ahed al-Tamimi was taken into custody after Israeli forces raided her home in Nabi Saleh village in the northern West Bank, her father said. ( QAIS ABUSAMRA - Anadolu Agency )&quot;,&quot;created_timestamp&quot;:&quot;1513772297&quot;,&quot;copyright&quot;:&quot;\\u00a9Anadolu Agency&quot;,&quot;focal_length&quot;:&quot;21&quot;,&quot;iso&quot;:&quot;400&quot;,&quot;shutter_speed&quot;:&quot;0.004&quot;,&quot;title&quot;:&quot;Israel detains Palestinian in West Bank&quot;,&quot;orientation&quot;:&quot;1&quot;}\" data-image-title=\"Israel detains Palestinian in West Bank\" data-image-description=\"\" data-medium-file=\"https:\/\/i0.wp.com\/litci.org\/pt\/wp-content\/uploads\/2017\/12\/tamimi2.jpg?fit=300%2C200&amp;ssl=1\" data-large-file=\"https:\/\/i0.wp.com\/litci.org\/pt\/wp-content\/uploads\/2017\/12\/tamimi2.jpg?fit=640%2C427&amp;ssl=1\" \/><\/a><\/p>\n<p><strong>Internacionalismo e luta feminista \u2013<\/strong>\u00a0\u00c9 fundamental a solidariedade internacional e incorpora\u00e7\u00e3o das organiza\u00e7\u00f5es feministas na luta pela sua liberta\u00e7\u00e3o e de todos os presos pol\u00edticos palestinos, entre os quais dezenas de mulheres e crian\u00e7as.\u00a0Conforme estat\u00edsticas de novembro de 2017 da Addameer, s\u00e3o ao todo 6154 presos pol\u00edticos nas pris\u00f5es israelenses, 463 ainda sem acusa\u00e7\u00e3o formal, 250 crian\u00e7as, 59 mulheres, e dezenas de parlamentares do Conselho Legislativo Palestino.<\/p>\n<p>\u201cEst\u00e1 tamb\u00e9m nas m\u00e3os do movimento feminista anticolonial em todo o mundo denunciar as deten\u00e7\u00f5es arbitr\u00e1rias, a opress\u00e3o e desumaniza\u00e7\u00e3o sob ocupa\u00e7\u00e3o israelense, em que as mulheres s\u00e3o as maiores v\u00edtimas. Ahed \u00e9 um exemplo que precisa ser disseminado e seguido por todas e todos que lutam contra a opress\u00e3o e explora\u00e7\u00e3o, em qualquer parte do mundo\u201d conclui Soraya.<\/p>\n<p><strong>Apoio \u2013<\/strong>\u00a0O Sindicato dos Correios da Palestina, que comp\u00f5e a RSISL (Rede Sindical Internacional de Solidariedade e Lutas) da qual a CSP-Conlutas faz parte, pede solidariedade internacional pela liberdade de Manal Tamimi.<\/p>\n<p>&nbsp;<\/p>\n<p><span style=\"font-size: 10pt;\"><em>Por CSP-Conlutas<\/em><\/span><br \/>\n<span style=\"font-size: 10pt;\"><em>Fonte:\u00a0<a href=\"https:\/\/litci.org\/pt\/mundo\/oriente-medio-mundo\/palestina\/ahed-tamimi-e-forca-da-resistencia-e-das-mulheres-palestinas-contra-ocupacao-israelense\/\" target=\"_blank\">litci.org<\/a><\/em><\/span><\/p>\n","protected":false},"excerpt":{"rendered":"<p>Com 12 acusa\u00e7\u00f5es, Ahed Tamimi, a jovem de 16 anos que foi\u00a0filmada enfrentando soldados da For\u00e7a de Ocupa\u00e7\u00e3o Israelense\u00a0em seu<\/p>\n","protected":false},"author":1,"featured_media":1736,"comment_status":"open","ping_status":"open","sticky":false,"template":"","format":"standard","meta":{"colormag_page_container_layout":"default_layout","colormag_page_sidebar_layout":"default_layout","footnotes":""},"categories":[5],"tags":[22,326,327],"class_list":["post-1735","post","type-post","status-publish","format-standard","has-post-thumbnail","hentry","category-noticias","tag-mulheres","tag-oriente-medio","tag-palestina"],"_links":{"self":[{"href":"https:\/\/www.secpf.com.br\/site\/wp-json\/wp\/v2\/posts\/1735","targetHints":{"allow":["GET"]}}],"collection":[{"href":"https:\/\/www.secpf.com.br\/site\/wp-json\/wp\/v2\/posts"}],"about":[{"href":"https:\/\/www.secpf.com.br\/site\/wp-json\/wp\/v2\/types\/post"}],"author":[{"embeddable":true,"href":"https:\/\/www.secpf.com.br\/site\/wp-json\/wp\/v2\/users\/1"}],"replies":[{"embeddable":true,"href":"https:\/\/www.secpf.com.br\/site\/wp-json\/wp\/v2\/comments?post=1735"}],"version-history":[{"count":3,"href":"https:\/\/www.secpf.com.br\/site\/wp-json\/wp\/v2\/posts\/1735\/revisions"}],"predecessor-version":[{"id":1743,"href":"https:\/\/www.secpf.com.br\/site\/wp-json\/wp\/v2\/posts\/1735\/revisions\/1743"}],"wp:featuredmedia":[{"embeddable":true,"href":"https:\/\/www.secpf.com.br\/site\/wp-json\/wp\/v2\/media\/1736"}],"wp:attachment":[{"href":"https:\/\/www.secpf.com.br\/site\/wp-json\/wp\/v2\/media?parent=1735"}],"wp:term":[{"taxonomy":"category","embeddable":true,"href":"https:\/\/www.secpf.com.br\/site\/wp-json\/wp\/v2\/categories?post=1735"},{"taxonomy":"post_tag","embeddable":true,"href":"https:\/\/www.secpf.com.br\/site\/wp-json\/wp\/v2\/tags?post=1735"}],"curies":[{"name":"wp","href":"https:\/\/api.w.org\/{rel}","templated":true}]}}