{"id":1758,"date":"2018-02-22T11:53:15","date_gmt":"2018-02-22T14:53:15","guid":{"rendered":"http:\/\/www.secpf.com.br\/site\/?p=1758"},"modified":"2018-02-22T11:53:15","modified_gmt":"2018-02-22T14:53:15","slug":"mascaras-escondem-a-realidade-de-abundancia","status":"publish","type":"post","link":"https:\/\/www.secpf.com.br\/site\/mascaras-escondem-a-realidade-de-abundancia\/","title":{"rendered":"M\u00e1scaras escondem a realidade de abund\u00e2ncia"},"content":{"rendered":"<p><strong><em>Artigo de Maria Lucia Fattorelli (1) publicado no Relat\u00f3rio da Rede Social de Justi\u00e7a e Direitos Humanos 2017<\/em><\/strong><\/p>\n<p>A realidade brasileira \u00e9 de extrema abund\u00e2ncia em todos os sentidos. Paradoxalmente, vivemos em inaceit\u00e1vel cen\u00e1rio de escassez. Faltam recursos para investimentos estrat\u00e9gicos e para o atendimento aos direitos sociais b\u00e1sicos. Enfrentamos crises econ\u00f4mica, financeira, social, ambiental, pol\u00edtica e \u00e9tica; cont\u00ednuas privatiza\u00e7\u00f5es de patrim\u00f4nio p\u00fablico e brutal retrocesso decorrente de contrarreformas que retiram as poucas conquistas alcan\u00e7adas pela classe trabalhadora. A situa\u00e7\u00e3o atual \u00e9 de verdadeira calamidade<br \/>\nsocial.<br \/>\nPrecisamos desmascarar o que separa a realidade de abund\u00e2ncia do cen\u00e1rio de escassez, a fim de adotar as medidas necess\u00e1rias para redirecionar os rumos e garantir o desenvolvimento socioecon\u00f4mico.<\/p>\n<p><strong>Paradoxo: realidade de abund\u00e2ncia e cen\u00e1rio de escassez<\/strong><\/p>\n<p>O Brasil \u00e9 a 9a maior economia mundial e possui a maior reserva de ni\u00f3bio do mundo; dezenas de minerais estrat\u00e9gicos; terras raras; terceira maior reserva de petr\u00f3leo; maior reserva de \u00e1gua pot\u00e1vel; maior \u00e1rea agricult\u00e1vel e recordes de safra; maior diversidade biol\u00f3gica; extens\u00e3o territorial continental; riqueza humana e cultural; clima favor\u00e1vel; imenso potencial energ\u00e9tico, industrial e comercial.<\/p>\n<p>Possu\u00edmos tamb\u00e9m riquezas financeiras: reservas internacionais de 375 bilh\u00f5es de d\u00f3lares, al\u00e9m de fortunas esterilizadas no Banco Central (superior a R$ 1,1 trilh\u00e3o) e no caixa do Tesouro Nacional (R$ 480 bilh\u00f5es em 2015 e R$ 268 bilh\u00f5es em 2016), para formar \u201ccolch\u00e3o de liquidez\u201d e garantir o pagamento de juros.<\/p>\n<p>Adicionalmente, temos enorme potencial de arrecada\u00e7\u00e3o tribut\u00e1ria por cobrar e cr\u00e9ditos de D\u00edvida Ecol\u00f3gica hist\u00f3rica que ainda n\u00e3o foram devidamente mensurados.<\/p>\n<p>Com essa riqueza toda, era para estarmos em patamar de desenvolvimento socioecon\u00f4mico invej\u00e1vel h\u00e1 muito tempo. No entanto, o cen\u00e1rio \u00e9 de crise geral, com desindustrializa\u00e7\u00e3o, queda da atividade comercial, desemprego recorde, perdas salariais e perdas de direitos devido \u00e0s diversas contrarreformas, entrega de patrim\u00f4nio por meio de privatiza\u00e7\u00f5es obscuras e at\u00e9 sucessivos encolhimentos do PIB. S\u00f3 os bancos seguem batendo recordes de lucros.<\/p>\n<p>Somos o pa\u00eds mais injusto do mundo onde a dist\u00e2ncia entre ricos e pobres \u00e9 a mais cruel e a concentra\u00e7\u00e3o de renda \u00e9 vergonhosa: apenas 0,5% da popula\u00e7\u00e3o ativa concentra 43% de toda a riqueza declarada em bens e ativos financeiros \u00e0 Receita Federal.2<br \/>\nEsse dado ser\u00e1 ainda mais indecente depois de computados os efeitos da recente benesse que possibilita declarar recursos sonegados no exterior.<\/p>\n<p>Ocupamos a vergonhosa 79a posi\u00e7\u00e3o no ranking dos Direitos Humanos conforme o IDH medido pela ONU3 e o pen\u00faltimo lugar no ranking da Educa\u00e7\u00e3o entre quarenta pa\u00edses analisados.(4)<\/p>\n<p>Este cen\u00e1rio \u00e9 constru\u00eddo e sustentado pelo modelo econ\u00f4mico aplicado no pa\u00eds, voltado para a concentra\u00e7\u00e3o de renda e riqueza em seus principais pilares:<br \/>\n\u2212 modelo tribut\u00e1rio injusto e regressivo;<br \/>\n\u2212 pol\u00edtica monet\u00e1ria suicida e<br \/>\n\u2212 privil\u00e9gio do Sistema da D\u00edvida.<\/p>\n<p>A fim de desmontar esse cen\u00e1rio, precisaremos modificar o modelo tribut\u00e1rio para que se transforme em mecanismo de justi\u00e7a fiscal e distribui\u00e7\u00e3o de renda; alterar a pol\u00edtica monet\u00e1ria para que atue em favor dos interesses do pa\u00eds e do povo, e n\u00e3o apenas do setor financeiro; e enfrentar o Sistema da D\u00edvida por meio de completa auditoria, interrompendo esse processo de sangria de recursos e submiss\u00e3o aos interesses do mercado financeiro.<\/p>\n<p>Adicionalmente, teremos que revogar a EC 95 e retirar algumas m\u00e1scaras mestras, como a fal\u00e1cia do d\u00e9ficit da Previd\u00eancia(5) e do setor p\u00fablico.(6)<\/p>\n<p><strong>Modelo econ\u00f4mico distorcido sustenta o cen\u00e1rio de escassez<\/strong><\/p>\n<p>O modelo econ\u00f4mico distorcido \u00e9 um dos principais sustent\u00e1culos do cen\u00e1rio de escassez no Brasil, cabendo ressaltar sua hist\u00f3rica submiss\u00e3o a medidas impostas por organismos internacionais \u2013 Banco Mundial e Fundo Monet\u00e1rio Internacional \u2013 que interferem em todas as \u00e1reas (financeira, tribut\u00e1ria, agr\u00edcola, mineral, ambiental, investimentos sociais).<\/p>\n<p>No caso do Banco Mundial, essa interfer\u00eancia se d\u00e1 desde os anos 1970, por meio de projetos que alcan\u00e7am, em \u00e2mbito federal, estadual e at\u00e9 municipal, as \u00e1reas de educa\u00e7\u00e3o, sa\u00fade, previd\u00eancia, modelo tribut\u00e1rio, moradia, saneamento, \u00e1gua, meio ambiente, agricultura, moderniza\u00e7\u00e3o de entidades p\u00fablicas, minist\u00e9rios, secretarias de governo, minera\u00e7\u00e3o, florestas e demais recursos naturais. Contra\u00edmos d\u00edvidas externas em todas as esferas em troca de projetos que permitem que o Banco Mundial tenha acesso a informa\u00e7\u00f5es estrat\u00e9gicas.<\/p>\n<p>O FMI influencia as decis\u00f5es econ\u00f4micas adotadas no Brasil desde o in\u00edcio dos anos 1980, quando foi assinada a primeira Carta de Inten\u00e7\u00f5es.<\/p>\n<p>Desde ent\u00e3o, o impedimento para a realiza\u00e7\u00e3o de investimentos em empresas estatais estrat\u00e9gicas e lucrativas, seguido de press\u00e3o para que fossem privatizadas, ado\u00e7\u00e3o de juros elevados e uma s\u00e9rie de nefastas medidas em todas as \u00e1reas da economia, al\u00e9m da exig\u00eancia de negocia\u00e7\u00f5es absurdas da d\u00edvida p\u00fablica t\u00eam sido constantes por parte deste fundo.<\/p>\n<p>Desde 2005, quitamos o que dev\u00edamos e at\u00e9 lhe emprestamos US$ 10 bilh\u00f5es, mas seguimos, de forma contradit\u00f3ria e il\u00f3gica, curvados aos seus ditames.<\/p>\n<p>Documentos comprovam a interfer\u00eancia do FMI por meio de recomenda\u00e7\u00f5es, com monitoramento, at\u00e9 sua implanta\u00e7\u00e3o. Elas est\u00e3o relacionadas a uma s\u00e9rie de pol\u00edticas que invariavelmente servem a interesses do setor financeiro nacional e internacional. Exemplos:<br \/>\n\u2212 implanta\u00e7\u00e3o de contrarreformas que retiram direitos sociais e aumentam privil\u00e9gios financeiros, como a da Previd\u00eancia;<br \/>\n\u2212 aumento dos tributos sobre o consumo; isen\u00e7\u00f5es para distribui\u00e7\u00e3o de lucros, exporta\u00e7\u00f5es e remessas para o exterior; aus\u00eancia de controle de capitais;<br \/>\n\u2212 redu\u00e7\u00e3o salarial e pol\u00edticas de cortes de investimentos sociais para que sobrem cada vez mais recursos para o pagamento de juros;<br \/>\n\u2212 aprova\u00e7\u00e3o de lei assegurando a independ\u00eancia do Banco Central, o que significa a sua privatiza\u00e7\u00e3o;(7)<br \/>\n\u2212 ado\u00e7\u00e3o de regime de metas de infla\u00e7\u00e3o baseado em juros elevados e restri\u00e7\u00e3o da base monet\u00e1ria, o que n\u00e3o serve para controlar a infla\u00e7\u00e3o, mas para amarrar os investimentos produtivos e transferir grande volume de recursos ao setor financeiro;(8)<\/p>\n<p>\u2212 redu\u00e7\u00e3o da presen\u00e7a de bancos p\u00fablicos(9) e aumento da participa\u00e7\u00e3o da banca estrangeira.<\/p>\n<p>Sob a interfer\u00eancia desses organismos internacionais, o modelo econ\u00f4mico se volta aos interesses financeiros. Certas pol\u00edticas aparentemente il\u00f3gicas s\u00e3o adotadas e permanecem por distintos governos, especialmente no que se refere aos principais pilares do distorcido modelo econ\u00f4mico.<\/p>\n<p>Esconder a realidade de extrema abund\u00e2ncia que existe no Brasil s\u00f3 tem alcan\u00e7ado sucesso devido \u00e0 combina\u00e7\u00e3o perversa de pol\u00edtica monet\u00e1ria suicida que alimenta ainda mais o privil\u00e9gio do Sistema da D\u00edvida, aliado ao modelo tribut\u00e1rio completamente regressivo e diversas m\u00e1scaras de d\u00e9ficit que \u201cjustificam\u201d medidas para rechear cada vez mais esse teatro de terror, que amarra e ajoelha o Brasil perante o fraudulento sistema financeiro mundial.<\/p>\n<p><strong>Pol\u00edtica Monet\u00e1ria transfere recursos financeiros para bancos <\/strong><\/p>\n<p>A pol\u00edtica monet\u00e1ria implementada pelo Banco Central prega uma coisa, mas faz outra, especialmente no que diz respeito \u00e0 meta de infla\u00e7\u00e3o.<br \/>\nSob o argumento de \u201ccontrolar a infla\u00e7\u00e3o\u201d, o Banco Central aplica uma pol\u00edtica monet\u00e1ria fundada em dois pilares:<br \/>\n1) ado\u00e7\u00e3o de juros elevados;<br \/>\ne 2) redu\u00e7\u00e3o da base monet\u00e1ria, que corresponde ao volume de moeda em circula\u00e7\u00e3o. Na pr\u00e1tica, tais instrumentos se mostram um completo fracasso para a economia brasileira, ao mesmo tempo que transferem grandes volumes de recursos para o setor financeiro, o maior benefici\u00e1rio dessa pol\u00edtica monet\u00e1ria suicida.<\/p>\n<p>Al\u00e9m de n\u00e3o controlar a infla\u00e7\u00e3o, os escandalosos juros afetam negativamente as finan\u00e7as nacionais, pois provocam o crescimento exponencial da pr\u00f3pria d\u00edvida p\u00fablica, bem como acarretam enorme dano \u00e0 economia nacional, prejudicando a ind\u00fastria, o com\u00e9rcio e impedindo a gera\u00e7\u00e3o de empregos.<\/p>\n<p>Por sua vez, a redu\u00e7\u00e3o da base monet\u00e1ria utiliza mecanismos que enxugam a sobra de caixa dos bancos nas chamadas \u201cOpera\u00e7\u00f5es Compromissadas\u201d, trocando essa sobra por t\u00edtulos da d\u00edvida p\u00fablica, a fim de justificar a sua vultosa remunera\u00e7\u00e3o di\u00e1ria.<\/p>\n<p>Esse tipo de opera\u00e7\u00e3o j\u00e1 supera R$ 1,1 trilh\u00e3o \u2013 cerca de 17% do PIB \u2013, acirra a eleva\u00e7\u00e3o das taxas de juros de mercado e empurra o pa\u00eds para essa profunda crise socioecon\u00f4mica.<\/p>\n<p>N\u00e3o satisfeitos com tamanha insensatez, recentemente o Banco Central convidou o BNDES10 para participar dessas \u201cOpera\u00e7\u00f5es Compromissadas\u201d.<\/p>\n<p>Com isso, recursos do BNDES passar\u00e3o a ficar esterilizados no Banco Central, aumentando a escassez de recursos e aprofundando a crise atual.<\/p>\n<p>A pol\u00edtica cambial do Banco Central tamb\u00e9m tem sido danosa, pois alimenta o mercado com sigilosas e ilegais opera\u00e7\u00f5es de swap cambial11 que t\u00eam gerado bilh\u00f5es de reais de preju\u00edzos, pagos \u00e0 custa da emiss\u00e3o de mais t\u00edtulos da d\u00edvida p\u00fablica.<\/p>\n<p>A infla\u00e7\u00e3o brasileira decorre principalmente da eleva\u00e7\u00e3o desordenada dos pre\u00e7os administrados (energia, telefonia, combust\u00edvel, transporte, tarifas banc\u00e1rias etc.) e dos pre\u00e7os de alimentos devido a uma pol\u00edtica agr\u00edcola totalmente equivocada. Tais fatores n\u00e3o s\u00e3o afetados pelos mecanismos empregados pelo Banco Central, que na realidade funcionam como uma m\u00e1scara para transferir volumes brutais de recursos ao setor financeiro.<\/p>\n<p>A crise atual \u00e9 fabricada principalmente por essa pol\u00edtica monet\u00e1ria suicida que, al\u00e9m de criar cen\u00e1rio de escassez de recursos na economia, impede a realiza\u00e7\u00e3o de investimentos geradores de emprego e renda, gera despesa elevad\u00edssima que sobrecarrega o or\u00e7amento p\u00fablico e cria mais d\u00edvida p\u00fablica ainda.<img fetchpriority=\"high\" decoding=\"async\" class=\"alignnone wp-image-11011\" src=\"http:\/\/www.auditoriacidada.org.br\/wp-content\/uploads\/2018\/02\/gr\u00e1fico-artigo.jpg\" alt=\"\" width=\"600\" height=\"510\" \/><\/p>\n<p>Al\u00e9m de absorver, anualmente, cerca de metade do or\u00e7amento federal(12) e boa parte dos or\u00e7amentos estaduais e municipais, a chamada d\u00edvida p\u00fablica tem sido a justificativa para cont\u00ednuas contrarreformas, como a da Previd\u00eancia; cont\u00ednuas privatiza\u00e7\u00f5es, al\u00e9m de outras medidas de ajuste fiscal, como o aumento da desvincula\u00e7\u00e3o das receitas da Uni\u00e3o (DRU) e dos entes federados (Drem) para 30% por meio da EC-93, e a aberra\u00e7\u00e3o da EC 95, que submeteu o conjunto das despesas prim\u00e1rias a um teto rebaixado por 20 anos (!), para que sobrem mais recursos ainda para as despesas n\u00e3o prim\u00e1rias, que s\u00e3o justamente as despesas financeiras com a d\u00edvida.<\/p>\n<p>Al\u00e9m dessa exagerada abrang\u00eancia, novos mecanismos financeiros sofisticados est\u00e3o sendo criados para gerar d\u00edvida p\u00fablica para todas as esferas \u2013 federal, estadual e municipal \u2013 ao mesmo tempo que parte dos recursos da arrecada\u00e7\u00e3o tribut\u00e1ria \u00e9 sequestrada e transferida diretamente para o setor financeiro, antes de chegar aos cofres p\u00fablicos. Trata-se de esquema fraudulento,<br \/>\noperado por meio de empresas \u201cestatais\u201d que est\u00e3o sendo criadas em diversos estados e munic\u00edpios, a exemplo da PBH Ativos S\/A em Belo Horizonte e a CPSEC S\/A em S\u00e3o Paulo,13 O privil\u00e9gio \u00e9 t\u00e3o abusado que a EC-95 j\u00e1 deixou fora do teto os recursos necess\u00e1rios ao aumento de capital dessas \u201cestatais\u201d.(14)<br \/>\nN\u00e3o foi \u00e0 toa que o sistema financeiro escolheu a chamada \u201cd\u00edvida p\u00fablica\u201d para ser o ve\u00edculo do roubo de recursos. O discurso de prioridade para pagar a d\u00edvida \u00e9 de f\u00e1cil convencimento, pois em geral as pessoas estabelecem um paralelo com seus empr\u00e9stimos pessoais tomados para adquirir moradia, ve\u00edculo, entre outros bens importantes.<\/p>\n<p>No entanto, quando analisamos o hist\u00f3rico de forma\u00e7\u00e3o da chamada \u201cd\u00edvida p\u00fablica\u201d, constatamos que ela \u00e9 gerada por mecanismos ilegais e ileg\u00edtimos, portanto, n\u00e3o pode ser comparada com as d\u00edvidas pessoais.<br \/>\nO ciclo atual do endividamento brasileiro teve in\u00edcio na d\u00e9cada de 1970, na modalidade de d\u00edvida externa, e, a partir do Plano Real, ocorreu a explos\u00e3o da d\u00edvida interna.<\/p>\n<p>O forte crescimento da d\u00edvida externa brasileira, a partir de 1971, decorreu do fim da paridade d\u00f3lar-ouro nos Estados Unidos, por iniciativa do Banco Central norte-americano (FED), que \u00e9 privado e controlado por grandes bancos privados. Esse fato possibilitou a impress\u00e3o de grandes volumes de d\u00f3lares que passaram a ser ofertados pelos bancos privados internacionais a<br \/>\ndiversos pa\u00edses, inclusive o Brasil a taxas de juros aparentemente baixas, por\u00e9m vari\u00e1veis. Os bancos privados que controlavam o FED eram em grande parte os mesmos credores da d\u00edvida externa brasileira e de outros pa\u00edses que ca\u00edram na sedu\u00e7\u00e3o da oferta de cr\u00e9ditos baratos vinculados a taxas flutuantes.<\/p>\n<p>No final da d\u00e9cada de 1970, o FED passou a elevar as taxas de juros, que alcan\u00e7aram 20,5% ao ano no in\u00edcio da d\u00e9cada de 1980, provocando a chamada \u201ccrise da d\u00edvida\u201d de 1982, utilizada como justificativa para a interfer\u00eancia do FMI em assuntos internos do pa\u00eds. Assim, desde 1983, quando o Brasil assinou a primeira Carta de Inten\u00e7\u00f5es com o FMI, este organismo tem sido um<br \/>\ndos grandes respons\u00e1veis pelo crescimento da d\u00edvida p\u00fablica brasileira e pela submiss\u00e3o ao modelo econ\u00f4mico que emperra o nosso pa\u00eds e impede o nosso desenvolvimento socioecon\u00f4mico.<br \/>\nV\u00e1rios fatos graves marcaram as sucessivas negocia\u00e7\u00f5es da d\u00edvida externa.<\/p>\n<p>Cabe ressaltar os seguintes aspectos, documentados durante a CPI da D\u00edvida P\u00fablica, conclu\u00edda em 2010, na C\u00e2mara dos Deputados:<br \/>\n1) os contratos disponibilizados \u00e0 CPI comprovaram apenas uma parte que n\u00e3o chega a 20% do estoque da d\u00edvida externa com bancos privados internacionais na d\u00e9cada de 1970;<\/p>\n<p>2) a partir de 1983, as d\u00edvidas do setor privado (nacional e internacional instalado no pa\u00eds) foram transferidas ao Banco Central do Brasil, mediante contratos firmados e regidos pelas leis de Nova York, em completa afronta \u00e0 soberania;<\/p>\n<p>3) em 1992, h\u00e1 forte suspeita de prescri\u00e7\u00e3o da d\u00edvida externa com bancos privados internacionais, que correspondia a quase 90% de toda a d\u00edvida externa brasileira;<\/p>\n<p>4) em 1994, essa d\u00edvida suspeita de prescri\u00e7\u00e3o foi trocada por t\u00edtulos, no chamado Plano Brady, em Luxemburgo, conhecido para\u00edso fiscal;<\/p>\n<p>5) a partir da\u00ed, esses t\u00edtulos passaram a ser trocados por d\u00edvida interna, com juros que chegavam a 49% ao ano ou utilizados como moeda para comprar empresas privatizadas a partir de 1996.<\/p>\n<p>A explos\u00e3o da d\u00edvida interna se deu a partir do Plano Real e vem crescendo exponencialmente devido \u00e0s elevad\u00edssimas taxas de juros; ao ilegal anatocismo; \u00e0 megapedalada da contabiliza\u00e7\u00e3o de juros como se fosse amortiza\u00e7\u00e3o ou rolagem,15 al\u00e9m de diversos mecanismos financeiros que geram centenas de bilh\u00f5es de reais de \u201cd\u00edvida p\u00fablica\u201d sem contrapartida alguma, como os citados exemplos das \u201cOpera\u00e7\u00f5es Compromissadas\u201d e os vultosos preju\u00edzos com as ilegais opera\u00e7\u00f5es de swap cambial.<\/p>\n<p>Fica claro, portanto, que a d\u00edvida p\u00fablica, historicamente, tem funcionado como um esquema que promove cont\u00ednua transfer\u00eancia de recursos p\u00fablicos para o setor financeiro privado nacional e internacional. \u00c9 por isso que nunca foi realizada a auditoria integral da chamada \u201cd\u00edvida p\u00fablica\u201d.<\/p>\n<p>Essa \u00e9 a raz\u00e3o do movimento Auditoria Cidad\u00e3 da D\u00edvida, que insiste na reivindica\u00e7\u00e3o de uma completa auditoria dessa d\u00edvida, com participa\u00e7\u00e3o social, pois sequer sabemos para quem devemos, j\u00e1 que o nome dos detentores dos t\u00edtulos da d\u00edvida p\u00fablica brasileira \u00e9 informa\u00e7\u00e3o sigilosa.<\/p>\n<p><strong>O cen\u00e1rio de escassez n\u00e3o vale para todos<\/strong><\/p>\n<p>Atores privilegiados do setor financeiro e grandes corpora\u00e7\u00f5es usufruem excessivamente desse cen\u00e1rio, enquanto pessoas morrem por falta de servi\u00e7os de sa\u00fade; jovens n\u00e3o t\u00eam acesso \u00e0 educa\u00e7\u00e3o de qualidade; pais e m\u00e3es de fam\u00edlia est\u00e3o sem emprego; idosos t\u00eam sua aposentadoria adiada e reduzida, mesmo depois de contribu\u00edrem uma vida inteira, entre v\u00e1rias outras mazelas sociais inaceit\u00e1veis.<\/p>\n<p>Pesado sacrif\u00edcio tem sido imposto sobre os ombros da sociedade, enquanto o rombo das contas p\u00fablicas no Brasil decorre dos abusivos gastos financeiros com a chamada d\u00edvida e respectivos mecanismos de pol\u00edtica monet\u00e1ria que favorecem os bancos.<\/p>\n<p>O privilegiado setor financeiro tem comandado o sistema pol\u00edtico no Brasil por meio do financiamento de campanhas eleitorais \u2013 diretamente ou por meio de suas empresas ligadas \u2013 assumindo assim o comando tanto do poder Executivo quanto do Legislativo para votar os projetos de seu interesse.<\/p>\n<p>Tamb\u00e9m financiam grande parte da m\u00eddia, com o intuito de convencer a opini\u00e3o p\u00fablica acerca da necessidade de contrarreformas, privatiza\u00e7\u00f5es, cortes or\u00e7ament\u00e1rios, arrocho salarial, fim de concursos p\u00fablicos e tudo o mais que evidentemente est\u00e1 definhando o Estado e provocando essa desnecess\u00e1ria crise financeira e econ\u00f4mica.<\/p>\n<p>Com essa classe pol\u00edtica comprometida e financiada pelo capital financeiro em esquemas comprovadamente corruptos, n\u00e3o adiantou argumentar acerca dos absurdos contidos na reforma trabalhista ou na EC-95.<br \/>\nAprovaram. A fal\u00e1cia do d\u00e9ficit da Previd\u00eancia j\u00e1 foi demonstrada, mas diariamente se prega a necessidade de aprovar a PEC 287\/2016, pois ela garantir\u00e1 aumento brutal do volume de neg\u00f3cios dos bancos com seus planos de previd\u00eancia privada. Adicionalmente, \u00e0 medida que essa PEC aniquila direitos previdenci\u00e1rios e assistenciais, haver\u00e1 redu\u00e7\u00e3o do montante de recursos<br \/>\ndestinados a essas rubricas or\u00e7amentarias, que engordar\u00e3o a fatia destinada aos juros.<\/p>\n<p>\u00c9 urgente desmascarar toda essa farsa montada para alimentar a insaci\u00e1vel gan\u00e2ncia do setor financeiro.<\/p>\n<p><strong>Brasil, o pa\u00eds da abund\u00e2ncia<\/strong><\/p>\n<p>Mas, para que os recursos existentes sirvam aos interesses do pa\u00eds e de toda a sociedade, \u00e9 urgente aplicar outro modelo econ\u00f4mico, sem os distorcidos pilares e m\u00e1scaras que sustentam o atual cen\u00e1rio de escassez.<\/p>\n<p>Essa mudan\u00e7a s\u00f3 ser\u00e1 poss\u00edvel se for constru\u00edda a partir da base da sociedade, com ampla participa\u00e7\u00e3o e envolvimento popular, de forma consciente e cidad\u00e3.<\/p>\n<p>\u00c9 hora de arrega\u00e7ar as mangas e mobilizar a sociedade para construir o novo modelo de desenvolvimento socioecon\u00f4mico; rasgar o cen\u00e1rio de escassez e passar a viver a realidade de abund\u00e2ncia, garantindo vida digna para todas as pessoas.<\/p>\n<p>&nbsp;<\/p>\n<p><em><strong>Fonte: <a href=\"https:\/\/auditoriacidada.org.br\/conteudo\/mascaras-escondem-realidade-de-abundancia\/\" target=\"_blank\">Auditoria Cidad\u00e3<\/a><\/strong><br \/>\n* Relat\u00f3rio da Rede Social de Justi\u00e7a e Direitos Humanos completo: <a href=\"http:\/\/www.social.org.br\/files\/pdf\/relatorio_dh_2017.pdf\">http:\/\/www.social.org.br\/files\/pdf\/relatorio_dh_2017.pdf<\/a><\/em><br \/>\n\u2014\u2014\u2014\u2014\u2014\u2014\u2014\u2014\u2014\u2014\u2014\u2014\u2014\u2014\u2014\u2014\u2014\u2014\u2014\u2014\u2014\u2014\u2014\u2014\u2014\u2014\u2014\u2014\u2014\u2014\u2014-<br \/>\n<span style=\"font-family: 'trebuchet ms', geneva, sans-serif; font-size: 10pt;\">1 Maria Lucia Fatorelli \u00e9 Coordenadora Nacional da Auditoria Cidad\u00e3 da D\u00edvida.<\/span><br \/>\n<span style=\"font-family: 'trebuchet ms', geneva, sans-serif; font-size: 10pt;\"> 2 Fonte: Ipea \u2013 S\u00e9rgio Wulff Gobetti e Rodrigo Oct\u00e1vio Orair \u2013 com base em dados da Receita Federal.<\/span><br \/>\n<span style=\"font-family: 'trebuchet ms', geneva, sans-serif; font-size: 10pt;\"> 3 Dispon\u00edvel em: <a href=\"http:\/\/brasil.elpais.com\/brasil\/2017\/03\/21\/politica\/1490112229_963711.html\" target=\"_blank\" rel=\"noopener\">http:\/\/brasil.elpais.com\/brasil\/2017\/03\/21\/politica\/1490112229_963711.html<\/a>.<\/span><br \/>\n<span style=\"font-family: 'trebuchet ms', geneva, sans-serif; font-size: 10pt;\"> 4 \u00cdndice Global de Habilidades Cognitivas e Realiza\u00e7\u00f5es Educacionais.<\/span><br \/>\n<span style=\"font-family: 'trebuchet ms', geneva, sans-serif; font-size: 10pt;\"> 5 A m\u00e1scara do d\u00e9ficit da Previd\u00eancia. Dispon\u00edvel em: <a href=\"https:\/\/auditoriacidada.org.br\/mascara-do-deficit-da-previdencia\/\">https:\/\/auditoriacidada.org.br\/mascara-do-deficit-da-previdencia\/<\/a>.<\/span><br \/>\n<span style=\"font-family: 'trebuchet ms', geneva, sans-serif; font-size: 10pt;\"> 6 Sobraram R$480 bilh\u00f5es no caixa do governo em 2015. Dispon\u00edvel em: <a href=\"https:\/\/auditoriacidada.org.br\/sobraram-r-480-bilhoes-no-caixa-do-governo-em-2015\/\">https:\/\/auditoriacidada.org.br\/sobraram-r-480-bilhoes-no-caixa-do-governo-em-2015\/<\/a>.<\/span><br \/>\n<span style=\"font-family: 'trebuchet ms', geneva, sans-serif; font-size: 10pt;\"> 7 Nesse sentido, j\u00e1 se encontra em andamento no Congresso Nacional a PEC 43\/2015.<\/span><br \/>\n<span style=\"font-family: 'trebuchet ms', geneva, sans-serif; font-size: 10pt;\"> 8 Tema comentado no artigo: O Banco Central est\u00e1 suicidando o Brasil: <a href=\"http:\/\/www.gazetadopovo.com.br\/opiniao\/artigos\/o-banco-central-esta-suicidando-o-brasil-dh5s162swds5080e0d20jsmpc\" target=\"_blank\" rel=\"noopener\">http:\/\/www.gazetadopovo.com.br\/opiniao\/artigos\/o-banco-central-esta-suicidando-o-brasil-dh5s162swds5080e0d20jsmpc<\/a>.<\/span><br \/>\n<span style=\"font-family: 'trebuchet ms', geneva, sans-serif; font-size: 10pt;\"> 9 O Correio Braziliense de 12\/10\/2016 relata o fechamento de dezoito diretorias do Banco do Brasil, o an\u00fancio de plano de demiss\u00e3o volunt\u00e1ria, entre diversas outras medidas que reduzem a presen\u00e7a do banco e afetam negativamente seu raio de atua\u00e7\u00e3o<\/span><br \/>\n<span style=\"font-family: 'trebuchet ms', geneva, sans-serif; font-size: 10pt;\"> 10 Dispon\u00edvel em: <a href=\"http:\/\/www.bndes.gov.br\/wps\/portal\/site\/home\/imprensa\/noticias\/conteudo\/bndes-e-convidado-a-ser-dealer-de-mercado-aberto-do-banco-central\" target=\"_blank\" rel=\"noopener\">http:\/\/www.bndes.gov.br\/wps\/portal\/site\/home\/imprensa\/noticias\/conteudo\/bndes-e-convidado-a-ser-dealer-de-mercado-aberto-do-banco-central<\/a>.<\/span><br \/>\n<span style=\"font-family: 'trebuchet ms', geneva, sans-serif; font-size: 10pt;\"> 11 Tema tratado em audi\u00eancia p\u00fablica no Senado Federal. V\u00eddeo dispon\u00edvel em: <a href=\"https:\/\/www.youtube.com\/watch?v=_TMogIGWxKI\" target=\"_blank\" rel=\"noopener\">https:\/\/www.youtube.com\/watch?v=_TMogIGWxKI<\/a>.<\/span><br \/>\n<span style=\"font-family: 'trebuchet ms', geneva, sans-serif; font-size: 10pt;\"> 12 Explica\u00e7\u00e3o sobre o gr\u00e1fico do or\u00e7amento federal elaborado pela Auditoria Cidad\u00e3 da D\u00edvida dispon\u00edvel em: <a href=\"https:\/\/auditoriacidada.org.br\/explicacao-sobre-o-grafico-do-orcamento-elaborado-pela-auditoria-cdada-da-divida\/\">https:\/\/auditoriacidada.org.br\/explicacao-sobre-o-grafico-do-orcamento-elaborado-pela-auditoria-cdada-da-divida\/<\/a>.<\/span><br \/>\n<span style=\"font-family: 'trebuchet ms', geneva, sans-serif; font-size: 10pt;\"> 13 Material sobre o tema dispon\u00edvel em: <a href=\"https:\/\/www.auditoriacidada.org.br\/wp-content\/uploads\/2017\/07\/PLS-204-2016-baixa.pdf\" target=\"_blank\" rel=\"noopener\">https:\/\/www.auditoriacidada.org.br\/wp-content\/uploads\/2017\/07\/PLS-204-2016-baixa.pdf<\/a>.<\/span><br \/>\n<span style=\"font-family: 'trebuchet ms', geneva, sans-serif; font-size: 10pt;\"> 14 Tema explicado na entrevista dispon\u00edvel em: <a href=\"https:\/\/www.conversaafiada.com.br\/economia\/fatorelli-pls-204-nova-maracutaia-do-serra-e-do-juca\" target=\"_blank\" rel=\"noopener\">https:\/\/www.conversaafiada.com.br\/economia\/fatorelli-pls-204-nova-maracutaia-do-serra-e-do-juca<\/a>.<\/span><br \/>\n<span style=\"font-family: 'trebuchet ms', geneva, sans-serif; font-size: 10pt;\"> 15 Tema tratado no relat\u00f3rio dispon\u00edvel em: <a href=\"https:\/\/www.auditoriacidada.org.br\/wp-content\/uploads\/2013\/11\/parecer-ACD-1-versao-29-5-2013-com-anexos\" target=\"_blank\" rel=\"noopener\">https:\/\/www.auditoriacidada.org.br\/wp-content\/uploads\/2013\/11\/parecer-ACD-1-versao-29-5-2013-com-anexos<\/a><\/span><\/p>\n","protected":false},"excerpt":{"rendered":"<p>Artigo de Maria Lucia Fattorelli (1) publicado no Relat\u00f3rio da Rede Social de Justi\u00e7a e Direitos Humanos 2017 A realidade<\/p>\n","protected":false},"author":1,"featured_media":1759,"comment_status":"open","ping_status":"open","sticky":false,"template":"","format":"standard","meta":{"colormag_page_container_layout":"default_layout","colormag_page_sidebar_layout":"default_layout","footnotes":""},"categories":[6],"tags":[231,18,230,299],"class_list":["post-1758","post","type-post","status-publish","format-standard","has-post-thumbnail","hentry","category-artigos","tag-auditoria","tag-destaque","tag-divida-publica","tag-reforma-da-previdencia"],"_links":{"self":[{"href":"https:\/\/www.secpf.com.br\/site\/wp-json\/wp\/v2\/posts\/1758","targetHints":{"allow":["GET"]}}],"collection":[{"href":"https:\/\/www.secpf.com.br\/site\/wp-json\/wp\/v2\/posts"}],"about":[{"href":"https:\/\/www.secpf.com.br\/site\/wp-json\/wp\/v2\/types\/post"}],"author":[{"embeddable":true,"href":"https:\/\/www.secpf.com.br\/site\/wp-json\/wp\/v2\/users\/1"}],"replies":[{"embeddable":true,"href":"https:\/\/www.secpf.com.br\/site\/wp-json\/wp\/v2\/comments?post=1758"}],"version-history":[{"count":1,"href":"https:\/\/www.secpf.com.br\/site\/wp-json\/wp\/v2\/posts\/1758\/revisions"}],"predecessor-version":[{"id":1760,"href":"https:\/\/www.secpf.com.br\/site\/wp-json\/wp\/v2\/posts\/1758\/revisions\/1760"}],"wp:featuredmedia":[{"embeddable":true,"href":"https:\/\/www.secpf.com.br\/site\/wp-json\/wp\/v2\/media\/1759"}],"wp:attachment":[{"href":"https:\/\/www.secpf.com.br\/site\/wp-json\/wp\/v2\/media?parent=1758"}],"wp:term":[{"taxonomy":"category","embeddable":true,"href":"https:\/\/www.secpf.com.br\/site\/wp-json\/wp\/v2\/categories?post=1758"},{"taxonomy":"post_tag","embeddable":true,"href":"https:\/\/www.secpf.com.br\/site\/wp-json\/wp\/v2\/tags?post=1758"}],"curies":[{"name":"wp","href":"https:\/\/api.w.org\/{rel}","templated":true}]}}