{"id":1761,"date":"2018-02-22T12:01:17","date_gmt":"2018-02-22T15:01:17","guid":{"rendered":"http:\/\/www.secpf.com.br\/site\/?p=1761"},"modified":"2018-02-22T12:01:17","modified_gmt":"2018-02-22T15:01:17","slug":"dizemos-nao-a-reforma-da-previdencia","status":"publish","type":"post","link":"https:\/\/www.secpf.com.br\/site\/dizemos-nao-a-reforma-da-previdencia\/","title":{"rendered":"Dizemos n\u00e3o \u00e0 Reforma da Previd\u00eancia!"},"content":{"rendered":"<p><iframe src=\"https:\/\/www.youtube.com\/embed\/3oW2NIRO4Io?rel=0\" width=\"560\" height=\"315\" frameborder=\"0\" allowfullscreen=\"allowfullscreen\"><\/iframe><\/p>\n<p>&nbsp;<\/p>\n<p><em>V\u00eddeo produzido pela CSP-CONLUTAS CENTRAL SINDICAL E POPULAR<\/em><\/p>\n","protected":false},"excerpt":{"rendered":"<p>&nbsp; V\u00eddeo produzido pela CSP-CONLUTAS CENTRAL SINDICAL E POPULAR<\/p>\n","protected":false},"author":1,"featured_media":1762,"comment_status":"closed","ping_status":"open","sticky":false,"template":"","format":"video","meta":{"colormag_page_container_layout":"default_layout","colormag_page_sidebar_layout":"default_layout","footnotes":""},"categories":[26],"tags":[299,190],"class_list":["post-1761","post","type-post","status-publish","format-video","has-post-thumbnail","hentry","category-videos","tag-reforma-da-previdencia","tag-temer","post_format-post-format-video"],"_links":{"self":[{"href":"https:\/\/www.secpf.com.br\/site\/wp-json\/wp\/v2\/posts\/1761","targetHints":{"allow":["GET"]}}],"collection":[{"href":"https:\/\/www.secpf.com.br\/site\/wp-json\/wp\/v2\/posts"}],"about":[{"href":"https:\/\/www.secpf.com.br\/site\/wp-json\/wp\/v2\/types\/post"}],"author":[{"embeddable":true,"href":"https:\/\/www.secpf.com.br\/site\/wp-json\/wp\/v2\/users\/1"}],"replies":[{"embeddable":true,"href":"https:\/\/www.secpf.com.br\/site\/wp-json\/wp\/v2\/comments?post=1761"}],"version-history":[{"count":1,"href":"https:\/\/www.secpf.com.br\/site\/wp-json\/wp\/v2\/posts\/1761\/revisions"}],"predecessor-version":[{"id":1763,"href":"https:\/\/www.secpf.com.br\/site\/wp-json\/wp\/v2\/posts\/1761\/revisions\/1763"}],"wp:featuredmedia":[{"embeddable":true,"href":"https:\/\/www.secpf.com.br\/site\/wp-json\/wp\/v2\/media\/1762"}],"wp:attachment":[{"href":"https:\/\/www.secpf.com.br\/site\/wp-json\/wp\/v2\/media?parent=1761"}],"wp:term":[{"taxonomy":"category","embeddable":true,"href":"https:\/\/www.secpf.com.br\/site\/wp-json\/wp\/v2\/categories?post=1761"},{"taxonomy":"post_tag","embeddable":true,"href":"https:\/\/www.secpf.com.br\/site\/wp-json\/wp\/v2\/tags?post=1761"}],"curies":[{"name":"wp","href":"https:\/\/api.w.org\/{rel}","templated":true}]}}