{"id":1778,"date":"2018-03-01T23:11:12","date_gmt":"2018-03-02T02:11:12","guid":{"rendered":"http:\/\/www.secpf.com.br\/site\/?p=1778"},"modified":"2018-03-01T23:13:14","modified_gmt":"2018-03-02T02:13:14","slug":"8-de-marco-construir-a-greve-internacional-de-mulheres-contra-a-violencia-machista-e-os-ataques-dos-governos","status":"publish","type":"post","link":"https:\/\/www.secpf.com.br\/site\/8-de-marco-construir-a-greve-internacional-de-mulheres-contra-a-violencia-machista-e-os-ataques-dos-governos\/","title":{"rendered":"8 de Mar\u00e7o: construir a greve internacional de mulheres contra a viol\u00eancia machista e os ataques dos governos"},"content":{"rendered":"<p>Neste 8 de Mar\u00e7o trabalhadoras de todo mundo v\u00e3o se levantar contra o machismo e a explora\u00e7\u00e3o. Uma greve internacional de mulheres est\u00e1 sendo convocada para marcar este dia de combate \u00e0 viol\u00eancia de g\u00eanero, ao machismo e aos ataques dos governos.<\/p>\n<p><a href=\"http:\/\/cspconlutas.org.br\/wp-content\/uploads\/2018\/02\/28235077_1599256750143314_8949423377859951819_o.jpg\"><img fetchpriority=\"high\" decoding=\"async\" class=\"aligncenter wp-image-145471\" src=\"http:\/\/cspconlutas.org.br\/wp-content\/uploads\/2018\/02\/28235077_1599256750143314_8949423377859951819_o.jpg\" sizes=\"(max-width: 420px) 100vw, 420px\" srcset=\"http:\/\/cspconlutas.org.br\/wp-content\/uploads\/2018\/02\/28235077_1599256750143314_8949423377859951819_o.jpg 3366w, http:\/\/cspconlutas.org.br\/wp-content\/uploads\/2018\/02\/28235077_1599256750143314_8949423377859951819_o-300x111.jpg 300w, http:\/\/cspconlutas.org.br\/wp-content\/uploads\/2018\/02\/28235077_1599256750143314_8949423377859951819_o-768x284.jpg 768w, http:\/\/cspconlutas.org.br\/wp-content\/uploads\/2018\/02\/28235077_1599256750143314_8949423377859951819_o-1024x379.jpg 1024w\" alt=\"\" width=\"420\" height=\"155\" \/><\/a><\/p>\n<p>Aqui no Brasil, depois de obtermos uma importante vit\u00f3ria com a suspens\u00e3o neste momento da vota\u00e7\u00e3o da Reforma da Previd\u00eancia, o dia 8 de Mar\u00e7o ser\u00e1 o momento de voltarmos \u00e0s ruas e dar mais uma demonstra\u00e7\u00e3o que n\u00e3o aceitaremos ataques aos nossos direitos.<\/p>\n<p>A Rede Internacional Sindical de Solidariedade e de Lutas, da qual a CSP-Conlutas faz parte, apoiar\u00e1 a jornada e nossa Central concentrar\u00e1 todos os esfor\u00e7os para a realiza\u00e7\u00e3o de um forte dia de mobiliza\u00e7\u00e3o.<\/p>\n<p><iframe id=\"_ytid_18507\" class=\"__youtube_prefs__\" title=\"YouTube player\" src=\"https:\/\/www.youtube.com\/embed\/eXc1eVMqVIA?enablejsapi=1&amp;autoplay=0&amp;cc_load_policy=0&amp;iv_load_policy=1&amp;loop=0&amp;modestbranding=0&amp;rel=1&amp;showinfo=1&amp;fs=1&amp;theme=dark&amp;color=red&amp;autohide=2&amp;controls=2&amp;playsinline=0&amp;\" width=\"480\" height=\"270\" allowfullscreen=\"allowfullscreen\" data-no-lazy=\"1\" data-skipgform_ajax_framebjll=\"\"><\/iframe><\/p>\n<p>S\u00e3o as trabalhadoras, sobretudo negras e da periferia, que sofrem com a desigualdade e a opress\u00e3o, recebem os piores sal\u00e1rios, enfrentam o prec\u00e1rio acesso \u00e0 sa\u00fade e educa\u00e7\u00e3o p\u00fablicas e de qualidade e a falta de creches para seus filhos. A viol\u00eancia de g\u00eanero j\u00e1 se tornou uma situa\u00e7\u00e3o cr\u00f4nica levando \u00e0 morte milhares no Brasil e no mundo.<\/p>\n<p>Em 2017, as mulheres marcharam contra o presidente Trump, nos Estados Unidos. Lutaram contra o feminic\u00eddio e por \u201cnenhuma a menos\u201d na Argentina. Aqui no Brasil, as trabalhadoras est\u00e3o indo para cima contra Temer e suas reformas. Al\u00e9m disso, se mobilizam contra setores conservadores do Congresso que tentam legislar sobre seu corpo.<\/p>\n<p>Em 2018 n\u00e3o ser\u00e1 diferente. O chamado \u00e9 para que a classe trabalhadora se integre a esse dia de luta para mostrar para todos esses governos que n\u00e3o aceitaremos retrocessos.<\/p>\n<p>&nbsp;<\/p>\n<p><strong>Dados do machismo no mundo<\/strong><\/p>\n<p>Dados mundiais apontam que 15 milh\u00f5es de adolescentes de 15 a 19 anos j\u00e1 sofreram abuso sexual, segundo pesquisa feita pela Kering Foundation, no per\u00edodo de 2016 e 2017. Ainda de acordo com o levantamento, 60% das mulheres refugiadas s\u00e3o v\u00edtimas de viol\u00eancia ao longo da vida. Outro fator chocante \u00e9 de que 200 milh\u00f5es j\u00e1 foram obrigadas a passar por mutila\u00e7\u00e3o genital.<\/p>\n<p>A Secretaria de Pol\u00edticas para Mulheres (SPM), que contabiliza apenas as den\u00fancias do Disque 180, aponta que dos 500 mil atendimentos prestados pelo servi\u00e7o em 2014, cerca de 53 mil corresponderam a relatos de viol\u00eancia.<\/p>\n<p>O Brasil \u00e9 quinto pa\u00eds que mais mata mulheres no mundo, chegando a 13 assassinatos no por dia, de acordo com dados da Organiza\u00e7\u00e3o Mundial da Sa\u00fade (OMS). Em 2014, foram quase 5 mil homic\u00eddios.<\/p>\n<p>E as negras s\u00e3o ainda mais violentadas. Entre 2003 e 2013, houve aumento de 54% no registro de mortes, passando de 1.864 para 2.875 nesse per\u00edodo.<\/p>\n<p>Quando falamos de encarceramento de mulheres, o Brasil tamb\u00e9m \u00e9 o quinto nessa coloca\u00e7\u00e3o vergonhosa.<\/p>\n<p>Os dados do Departamento Penitenci\u00e1rio Nacional (Depen) revelam que nos \u00faltimos 17 anos houve um aumento de 700% na quantidade de encarceradas no pa\u00eds. Nesse perfil, quatro em cada 10, ainda n\u00e3o estavam condenadas definitivamente. Tal cen\u00e1rio ainda \u00e9 mais preocupante com gestantes ou m\u00e3es. Em 2017, elas representavam 622 presidi\u00e1rias, que estavam gr\u00e1vidas ou amamentando. Elas s\u00e3o submetidas \u00e0s p\u00e9ssimas condi\u00e7\u00f5es, isso porque apenas 34% dos estabelecimentos disp\u00f5em de cela adequada para gestante, 32%, de ber\u00e7\u00e1rios e 5%, de creches. Al\u00e9m disso, 36% dessas gestantes n\u00e3o tiveram acesso \u00e0 assist\u00eancia pr\u00e9-natal adequada.<\/p>\n<p><strong>Veja tamb\u00e9m:\u00a0<\/strong><a href=\"http:\/\/cspconlutas.org.br\/2018\/02\/stf-concede-habeas-corpus-coletivo-para-mulheres-gestantes-e-maes-de-criancas-com-alguma-deficiencia\/\" target=\"_blank\" rel=\"noopener\">STF concede habeas corpus coletivo para mulheres gestantes e m\u00e3es de crian\u00e7as com alguma defici\u00eancia<\/a><\/p>\n<p>Diante desses n\u00fameros alarmantes s\u00f3 resta \u00e0s mulheres irem \u00e0 luta. Por isso, a CSP-Conlutas, atendendo ao chamado da Rede Internacional Sindical de Solidariedade de Lutas, convoca suas entidades filiadas a realizarem um grande dia 8 de mar\u00e7o, com a constru\u00e7\u00e3o da Greve Internacional de Mulheres, com paralisa\u00e7\u00f5es, protestos e assembleias em cada local de trabalho, ocupa\u00e7\u00e3o e escola, al\u00e9m de atos pelo pa\u00eds.<\/p>\n<p>A orienta\u00e7\u00e3o \u00e9 de que nos estados e regi\u00f5es busquem-se construir atos unificados, que estejam sob o eixo \u201cContra a viol\u00eancia machista e a reforma da Previd\u00eancia. Fora Temer e os corruptos do Congresso\u201d. Cartazes com esse tema j\u00e1 foram confeccionados e devem ser amplamente divulgados.<\/p>\n<p><span style=\"font-size: 10pt;\"><em>Fonte: <a href=\"http:\/\/cspconlutas.org.br\/2018\/02\/8-de-marco-construir-a-greve-internacional-de-mulheres-contra-a-violencia-machista-e-os-ataques-dos-governos\/\" target=\"_blank\">CSP Conlutas<\/a><\/em><\/span><\/p>\n","protected":false},"excerpt":{"rendered":"<p>Neste 8 de Mar\u00e7o trabalhadoras de todo mundo v\u00e3o se levantar contra o machismo e a explora\u00e7\u00e3o. Uma greve internacional<\/p>\n","protected":false},"author":1,"featured_media":1779,"comment_status":"closed","ping_status":"open","sticky":false,"template":"","format":"standard","meta":{"colormag_page_container_layout":"default_layout","colormag_page_sidebar_layout":"default_layout","footnotes":""},"categories":[5],"tags":[177,335,108,41],"class_list":["post-1778","post","type-post","status-publish","format-standard","has-post-thumbnail","hentry","category-noticias","tag-dia-da-mulher","tag-feminismo","tag-machismo","tag-mulher"],"_links":{"self":[{"href":"https:\/\/www.secpf.com.br\/site\/wp-json\/wp\/v2\/posts\/1778","targetHints":{"allow":["GET"]}}],"collection":[{"href":"https:\/\/www.secpf.com.br\/site\/wp-json\/wp\/v2\/posts"}],"about":[{"href":"https:\/\/www.secpf.com.br\/site\/wp-json\/wp\/v2\/types\/post"}],"author":[{"embeddable":true,"href":"https:\/\/www.secpf.com.br\/site\/wp-json\/wp\/v2\/users\/1"}],"replies":[{"embeddable":true,"href":"https:\/\/www.secpf.com.br\/site\/wp-json\/wp\/v2\/comments?post=1778"}],"version-history":[{"count":3,"href":"https:\/\/www.secpf.com.br\/site\/wp-json\/wp\/v2\/posts\/1778\/revisions"}],"predecessor-version":[{"id":1782,"href":"https:\/\/www.secpf.com.br\/site\/wp-json\/wp\/v2\/posts\/1778\/revisions\/1782"}],"wp:featuredmedia":[{"embeddable":true,"href":"https:\/\/www.secpf.com.br\/site\/wp-json\/wp\/v2\/media\/1779"}],"wp:attachment":[{"href":"https:\/\/www.secpf.com.br\/site\/wp-json\/wp\/v2\/media?parent=1778"}],"wp:term":[{"taxonomy":"category","embeddable":true,"href":"https:\/\/www.secpf.com.br\/site\/wp-json\/wp\/v2\/categories?post=1778"},{"taxonomy":"post_tag","embeddable":true,"href":"https:\/\/www.secpf.com.br\/site\/wp-json\/wp\/v2\/tags?post=1778"}],"curies":[{"name":"wp","href":"https:\/\/api.w.org\/{rel}","templated":true}]}}