{"id":1786,"date":"2018-03-05T23:28:53","date_gmt":"2018-03-06T02:28:53","guid":{"rendered":"http:\/\/www.secpf.com.br\/site\/?p=1786"},"modified":"2018-03-05T23:33:32","modified_gmt":"2018-03-06T02:33:32","slug":"chamado-ao-8m-greve-internacional","status":"publish","type":"post","link":"https:\/\/www.secpf.com.br\/site\/chamado-ao-8m-greve-internacional\/","title":{"rendered":"Chamado ao 8M Greve Internacional"},"content":{"rendered":"<p><iframe src=\"https:\/\/www.youtube.com\/embed\/eXc1eVMqVIA?rel=0\" width=\"560\" height=\"315\" frameborder=\"0\" allowfullscreen=\"allowfullscreen\"><\/iframe><\/p>\n<p>&nbsp;<\/p>\n<p>Neste 8 de Mar\u00e7o trabalhadoras de todo mundo v\u00e3o se levantar contra o machismo e a explora\u00e7\u00e3o. Uma greve internacional de mulheres est\u00e1 sendo convocada para marcar este dia de combate \u00e0 viol\u00eancia de g\u00eanero, ao machismo e aos ataques dos governos. Veja o chamado ao 8 de Mar\u00e7o: construir a Greve Internacional de Mulheres contra a viol\u00eancia machista e os ataques dos governos. Saiba mais: <a class=\"yt-simple-endpoint style-scope yt-formatted-string\" href=\"https:\/\/www.youtube.com\/redirect?q=https%3A%2F%2Fgoo.gl%2FS1Qe5e&amp;v=eXc1eVMqVIA&amp;redir_token=Vrm46XKJxJtGrqOcEFWIwKhJvUN8MTUyMDM4ODgzNEAxNTIwMzAyNDM0&amp;event=video_description\">https:\/\/goo.gl\/S1Qe5e<\/a><\/p>\n<p><em><span style=\"font-size: 10pt;\">Fonte: CSP Conlutas<\/span><\/em><\/p>\n","protected":false},"excerpt":{"rendered":"<p>&nbsp; Neste 8 de Mar\u00e7o trabalhadoras de todo mundo v\u00e3o se levantar contra o machismo e a explora\u00e7\u00e3o. Uma greve<\/p>\n","protected":false},"author":1,"featured_media":1787,"comment_status":"closed","ping_status":"open","sticky":false,"template":"","format":"video","meta":{"colormag_page_container_layout":"default_layout","colormag_page_sidebar_layout":"default_layout","footnotes":""},"categories":[26],"tags":[337,18,177,24,41],"class_list":["post-1786","post","type-post","status-publish","format-video","has-post-thumbnail","hentry","category-videos","tag-8-de-marco","tag-destaque","tag-dia-da-mulher","tag-greve","tag-mulher","post_format-post-format-video"],"_links":{"self":[{"href":"https:\/\/www.secpf.com.br\/site\/wp-json\/wp\/v2\/posts\/1786","targetHints":{"allow":["GET"]}}],"collection":[{"href":"https:\/\/www.secpf.com.br\/site\/wp-json\/wp\/v2\/posts"}],"about":[{"href":"https:\/\/www.secpf.com.br\/site\/wp-json\/wp\/v2\/types\/post"}],"author":[{"embeddable":true,"href":"https:\/\/www.secpf.com.br\/site\/wp-json\/wp\/v2\/users\/1"}],"replies":[{"embeddable":true,"href":"https:\/\/www.secpf.com.br\/site\/wp-json\/wp\/v2\/comments?post=1786"}],"version-history":[{"count":1,"href":"https:\/\/www.secpf.com.br\/site\/wp-json\/wp\/v2\/posts\/1786\/revisions"}],"predecessor-version":[{"id":1788,"href":"https:\/\/www.secpf.com.br\/site\/wp-json\/wp\/v2\/posts\/1786\/revisions\/1788"}],"wp:featuredmedia":[{"embeddable":true,"href":"https:\/\/www.secpf.com.br\/site\/wp-json\/wp\/v2\/media\/1787"}],"wp:attachment":[{"href":"https:\/\/www.secpf.com.br\/site\/wp-json\/wp\/v2\/media?parent=1786"}],"wp:term":[{"taxonomy":"category","embeddable":true,"href":"https:\/\/www.secpf.com.br\/site\/wp-json\/wp\/v2\/categories?post=1786"},{"taxonomy":"post_tag","embeddable":true,"href":"https:\/\/www.secpf.com.br\/site\/wp-json\/wp\/v2\/tags?post=1786"}],"curies":[{"name":"wp","href":"https:\/\/api.w.org\/{rel}","templated":true}]}}