{"id":1789,"date":"2018-03-05T23:32:37","date_gmt":"2018-03-06T02:32:37","guid":{"rendered":"http:\/\/www.secpf.com.br\/site\/?p=1789"},"modified":"2018-03-05T23:32:37","modified_gmt":"2018-03-06T02:32:37","slug":"assembleia-das-mulheres-comerciarias","status":"publish","type":"post","link":"https:\/\/www.secpf.com.br\/site\/assembleia-das-mulheres-comerciarias\/","title":{"rendered":"Assembleia das Mulheres Comerci\u00e1rias"},"content":{"rendered":"<p>Neste 8 de Mar\u00e7o trabalhadoras de todo mundo v\u00e3o se levantar contra o machismo e a explora\u00e7\u00e3o. Uma greve internacional de mulheres est\u00e1 sendo convocada para marcar este dia de combate \u00e0 viol\u00eancia de g\u00eanero, ao machismo e aos ataques dos governos.<\/p>\n<p>Aqui no Brasil, depois de obtermos uma importante vit\u00f3ria com a suspens\u00e3o neste momento da vota\u00e7\u00e3o da Reforma da Previd\u00eancia, o dia 8 de Mar\u00e7o ser\u00e1 o momento de voltarmos \u00e0s ruas e dar mais uma demonstra\u00e7\u00e3o que n\u00e3o aceitaremos ataques aos nossos direitos.<\/p>\n<p><strong>Participe! Assembleia dia 8 de Mar\u00e7o<br \/>\n<\/strong>**\u00a0 19 horas &#8211; Requinte Restaurante (Galeria Bento-Brasil)<\/p>\n<p><strong><em>A luta contra o ass\u00e9dio moral e sexual, contra a viol\u00eancia dom\u00e9stica e toda forma de opress\u00e3o e explora\u00e7\u00e3o \u00e9 todo dia!<\/em><\/strong><\/p>\n","protected":false},"excerpt":{"rendered":"<p>Neste 8 de Mar\u00e7o trabalhadoras de todo mundo v\u00e3o se levantar contra o machismo e a explora\u00e7\u00e3o. Uma greve internacional<\/p>\n","protected":false},"author":1,"featured_media":1790,"comment_status":"closed","ping_status":"open","sticky":false,"template":"","format":"standard","meta":{"colormag_page_container_layout":"default_layout","colormag_page_sidebar_layout":"default_layout","footnotes":""},"categories":[5],"tags":[337,18,177,24,41],"class_list":["post-1789","post","type-post","status-publish","format-standard","has-post-thumbnail","hentry","category-noticias","tag-8-de-marco","tag-destaque","tag-dia-da-mulher","tag-greve","tag-mulher"],"_links":{"self":[{"href":"https:\/\/www.secpf.com.br\/site\/wp-json\/wp\/v2\/posts\/1789","targetHints":{"allow":["GET"]}}],"collection":[{"href":"https:\/\/www.secpf.com.br\/site\/wp-json\/wp\/v2\/posts"}],"about":[{"href":"https:\/\/www.secpf.com.br\/site\/wp-json\/wp\/v2\/types\/post"}],"author":[{"embeddable":true,"href":"https:\/\/www.secpf.com.br\/site\/wp-json\/wp\/v2\/users\/1"}],"replies":[{"embeddable":true,"href":"https:\/\/www.secpf.com.br\/site\/wp-json\/wp\/v2\/comments?post=1789"}],"version-history":[{"count":1,"href":"https:\/\/www.secpf.com.br\/site\/wp-json\/wp\/v2\/posts\/1789\/revisions"}],"predecessor-version":[{"id":1791,"href":"https:\/\/www.secpf.com.br\/site\/wp-json\/wp\/v2\/posts\/1789\/revisions\/1791"}],"wp:featuredmedia":[{"embeddable":true,"href":"https:\/\/www.secpf.com.br\/site\/wp-json\/wp\/v2\/media\/1790"}],"wp:attachment":[{"href":"https:\/\/www.secpf.com.br\/site\/wp-json\/wp\/v2\/media?parent=1789"}],"wp:term":[{"taxonomy":"category","embeddable":true,"href":"https:\/\/www.secpf.com.br\/site\/wp-json\/wp\/v2\/categories?post=1789"},{"taxonomy":"post_tag","embeddable":true,"href":"https:\/\/www.secpf.com.br\/site\/wp-json\/wp\/v2\/tags?post=1789"}],"curies":[{"name":"wp","href":"https:\/\/api.w.org\/{rel}","templated":true}]}}