{"id":1796,"date":"2018-03-13T00:44:04","date_gmt":"2018-03-13T03:44:04","guid":{"rendered":"http:\/\/www.secpf.com.br\/site\/?p=1796"},"modified":"2018-03-13T00:44:04","modified_gmt":"2018-03-13T03:44:04","slug":"morre-heinrich-plagge-operario-entregue-pela-volks-a-ditadura-militar-e-torturado-pelo-dops","status":"publish","type":"post","link":"https:\/\/www.secpf.com.br\/site\/morre-heinrich-plagge-operario-entregue-pela-volks-a-ditadura-militar-e-torturado-pelo-dops\/","title":{"rendered":"Morre Heinrich Plagge, oper\u00e1rio entregue pela Volks \u00e0 ditadura militar e torturado pelo DOPS"},"content":{"rendered":"<p>O metal\u00fargico aposentado Heinrich Plagge, preso dentro da Volkswagen na d\u00e9cada de 1970 e entregue pela montadora \u00e0 ditadura militar, faleceu na madrugada desta ter\u00e7a-feira (6). O depoimento de Plagge no inqu\u00e9rito aberto contra a Volks no MPF (Minist\u00e9rio P\u00fablico Federal) trouxe \u00e0 tona os horrores da pol\u00edtica de colabora\u00e7\u00e3o da empresa com a ditadura.<\/p>\n<p><a href=\"http:\/\/cspconlutas.org.br\/wp-content\/uploads\/2018\/03\/PLAGGE.jpg\"><img fetchpriority=\"high\" decoding=\"async\" class=\"alignnone wp-image-145642\" src=\"http:\/\/cspconlutas.org.br\/wp-content\/uploads\/2018\/03\/PLAGGE-300x203.jpg\" sizes=\"(max-width: 400px) 100vw, 400px\" srcset=\"http:\/\/cspconlutas.org.br\/wp-content\/uploads\/2018\/03\/PLAGGE-300x203.jpg 300w, http:\/\/cspconlutas.org.br\/wp-content\/uploads\/2018\/03\/PLAGGE.jpg 620w\" alt=\"\" width=\"400\" height=\"271\" \/><\/a><\/p>\n<p>Em meados de 1972, Plagger, ou Conrado como era conhecido pelos colegas, foi preso dentro da f\u00e1brica no ABC paulista. \u201cEsses senhores precisam te levar porque voc\u00ea est\u00e1 preso por quest\u00f5es de subvers\u00e3o.\u201d Foi isso que Plagge, ent\u00e3o supervisor de qualidade, ouviu do chefe. Foi levado ao DOPS (Departamento de Ordem Pol\u00edtica e Social), onde foi mantido sequestrado por mais de tr\u00eas meses, sofrendo torturas. Plagge integrava a c\u00e9lula do Partido Comunista Brasileiro (PCB) que funcionou clandestinamente na f\u00e1brica de 1964 at\u00e9 1972.<\/p>\n<p>A pris\u00e3o de Plagge, assim como de outros funcion\u00e1rios, foi facilitada pela companhia alem\u00e3 a partir de informa\u00e7\u00f5es levantadas pelo departamento de Seguran\u00e7a Industrial, que atuou para espionar e entregar ao regime trabalhadores suspeitos de \u201cpr\u00e1ticas subversivas\u201d, durante a ditadura militar, de 1964 a 1985.<\/p>\n<p>Em nota divulgada, o diretor do projeto IIEP (Interc\u00e2mbio, Informa\u00e7\u00f5es, Estudos e Pesquisas), Sebasti\u00e3o Neto, fez uma homenagem ao militante, que nasceu em 5 de fevereiro de 1939, e prestou solidariedade \u00e0 fam\u00edlia, al\u00e9m de lembrar a trajet\u00f3ria heroica de Plagge na den\u00fancia dos crimes da ditadura e do envolvimento de empresas na repress\u00e3o aos trabalhadores, notadamente a Volkswagen.<\/p>\n<p>\u201cConseguimos que Heinrich fosse ouvido no inqu\u00e9rito aberto no MPF contra a Volks por graves viola\u00e7\u00f5es de direitos humanos. Mesmo muito doente, deu um depoimento devastador\u201d, informou Neto.<\/p>\n<p>\u201cSua hist\u00f3ria deve ser conhecida para impedir a mem\u00f3ria desbotada das novas gera\u00e7\u00f5es. Seria importante que os atuais trabalhadores da Volks pudessem saber que muitos dos direitos e condi\u00e7\u00f5es que gozam hoje foram frutos das lutas de camaradas como Heinrich. Que sua hist\u00f3ria seja divulgada e a empresa chamada a abrir os documentos do seu Departamento de Seguran\u00e7a Industrial. O que temos de Plagge s\u00e3o os documentos do processo em que foi condenado e seu depoimento devastador. A Volks tem em seus arquivos essa e outras hist\u00f3rias de terror e persegui\u00e7\u00e3o aos trabalhadores e trabalhadoras\u201d, afirmou.<\/p>\n<p>No in\u00edcio deste ano, a Isto\u00c9 Dinheiro publicou mat\u00e9ria com depoimentos de ex-funcion\u00e1rios da Volks, entre eles Plagge, que contam a persegui\u00e7\u00e3o e tortura sofridos ap\u00f3s a colabora\u00e7\u00e3o da empresa com a ditadura. Confira.<\/p>\n<p><iframe id=\"_ytid_77118\" class=\"__youtube_prefs__\" title=\"YouTube player\" src=\"https:\/\/www.youtube.com\/embed\/xTTrchnAusg?enablejsapi=1&amp;autoplay=0&amp;cc_load_policy=0&amp;iv_load_policy=1&amp;loop=0&amp;modestbranding=0&amp;rel=1&amp;showinfo=1&amp;fs=1&amp;theme=dark&amp;color=red&amp;autohide=2&amp;controls=2&amp;playsinline=0&amp;\" width=\"480\" height=\"270\" allowfullscreen=\"allowfullscreen\" data-no-lazy=\"1\" data-skipgform_ajax_framebjll=\"\"><\/iframe><\/p>\n<p>&nbsp;<\/p>\n<p><span style=\"font-size: 10pt;\"><em>Com informa\u00e7\u00f5es: Isto\u00c9 Dinheiro<br \/>\nFonte: <a href=\"http:\/\/cspconlutas.org.br\/2018\/03\/morre-heinrich-plagge-operario-entregue-pela-volks-a-ditadura-militar-e-torturado-pelo-dops\/\" target=\"_blank\">CSP Conlutas<\/a><\/em><\/span><\/p>\n","protected":false},"excerpt":{"rendered":"<p>O metal\u00fargico aposentado Heinrich Plagge, preso dentro da Volkswagen na d\u00e9cada de 1970 e entregue pela montadora \u00e0 ditadura militar,<\/p>\n","protected":false},"author":1,"featured_media":1797,"comment_status":"closed","ping_status":"open","sticky":false,"template":"","format":"standard","meta":{"colormag_page_container_layout":"default_layout","colormag_page_sidebar_layout":"default_layout","footnotes":""},"categories":[5],"tags":[249,339,338,340],"class_list":["post-1796","post","type-post","status-publish","format-standard","has-post-thumbnail","hentry","category-noticias","tag-ditadura","tag-regime-militar","tag-tortura","tag-volkswagen"],"_links":{"self":[{"href":"https:\/\/www.secpf.com.br\/site\/wp-json\/wp\/v2\/posts\/1796","targetHints":{"allow":["GET"]}}],"collection":[{"href":"https:\/\/www.secpf.com.br\/site\/wp-json\/wp\/v2\/posts"}],"about":[{"href":"https:\/\/www.secpf.com.br\/site\/wp-json\/wp\/v2\/types\/post"}],"author":[{"embeddable":true,"href":"https:\/\/www.secpf.com.br\/site\/wp-json\/wp\/v2\/users\/1"}],"replies":[{"embeddable":true,"href":"https:\/\/www.secpf.com.br\/site\/wp-json\/wp\/v2\/comments?post=1796"}],"version-history":[{"count":1,"href":"https:\/\/www.secpf.com.br\/site\/wp-json\/wp\/v2\/posts\/1796\/revisions"}],"predecessor-version":[{"id":1798,"href":"https:\/\/www.secpf.com.br\/site\/wp-json\/wp\/v2\/posts\/1796\/revisions\/1798"}],"wp:featuredmedia":[{"embeddable":true,"href":"https:\/\/www.secpf.com.br\/site\/wp-json\/wp\/v2\/media\/1797"}],"wp:attachment":[{"href":"https:\/\/www.secpf.com.br\/site\/wp-json\/wp\/v2\/media?parent=1796"}],"wp:term":[{"taxonomy":"category","embeddable":true,"href":"https:\/\/www.secpf.com.br\/site\/wp-json\/wp\/v2\/categories?post=1796"},{"taxonomy":"post_tag","embeddable":true,"href":"https:\/\/www.secpf.com.br\/site\/wp-json\/wp\/v2\/tags?post=1796"}],"curies":[{"name":"wp","href":"https:\/\/api.w.org\/{rel}","templated":true}]}}