{"id":1812,"date":"2018-03-27T10:53:00","date_gmt":"2018-03-27T13:53:00","guid":{"rendered":"http:\/\/www.secpf.com.br\/site\/?p=1812"},"modified":"2023-06-27T23:28:53","modified_gmt":"2023-06-28T02:28:53","slug":"em-roraima-entidades-divulgam-carta-em-repudio-a-xenofobia-contra-venezuelanos-e-cobram-governos","status":"publish","type":"post","link":"https:\/\/www.secpf.com.br\/site\/em-roraima-entidades-divulgam-carta-em-repudio-a-xenofobia-contra-venezuelanos-e-cobram-governos\/","title":{"rendered":"Em Roraima, entidades divulgam carta em rep\u00fadio \u00e0 xenofobia contra venezuelanos e cobram governos"},"content":{"rendered":"<p>Representantes de v\u00e1rias entidades civis realizaram nesta sexta-feira (23), em Boa Vista (RR), uma coletiva \u00e0 imprensa em que se posicionaram sobre a situa\u00e7\u00e3o da imigra\u00e7\u00e3o de venezuelanos no estado. Em carta aberta, cerca de 30 entidades repudiam os casos crescentes de xenofobia e cobram a\u00e7\u00f5es dos governos.<\/p>\n<p><a href=\"http:\/\/cspconlutas.org.br\/wp-content\/uploads\/2018\/03\/WhatsApp-Image-2018-03-23-at-15.06.23.jpeg\"><img fetchpriority=\"high\" decoding=\"async\" class=\"aligncenter wp-image-146170\" src=\"http:\/\/cspconlutas.org.br\/wp-content\/uploads\/2018\/03\/WhatsApp-Image-2018-03-23-at-15.06.23-300x225.jpeg\" sizes=\"(max-width: 400px) 100vw, 400px\" srcset=\"http:\/\/cspconlutas.org.br\/wp-content\/uploads\/2018\/03\/WhatsApp-Image-2018-03-23-at-15.06.23-300x225.jpeg 300w, http:\/\/cspconlutas.org.br\/wp-content\/uploads\/2018\/03\/WhatsApp-Image-2018-03-23-at-15.06.23-768x576.jpeg 768w, http:\/\/cspconlutas.org.br\/wp-content\/uploads\/2018\/03\/WhatsApp-Image-2018-03-23-at-15.06.23-1024x768.jpeg 1024w, http:\/\/cspconlutas.org.br\/wp-content\/uploads\/2018\/03\/WhatsApp-Image-2018-03-23-at-15.06.23.jpeg 1040w\" alt=\"\" width=\"400\" height=\"300\"><\/a><\/p>\n<p>A coletiva aconteceu no Sal\u00e3o Nobre da Diocese de Roraima e contou com a presen\u00e7a do bispo Dom M\u00e1rio Ant\u00f4nio da Silva, do representante da Ordem de Ministros Evang\u00e9licos de Roraima, entre outros. O oper\u00e1rio da constru\u00e7\u00e3o civil Lourival Ferreira, diretor do Sindicato dos Trabalhadores da Constru\u00e7\u00e3o Civil e do Mobili\u00e1rio de Roraima (Sintracomo), filiado \u00e0 CSP-Conlutas, participou da coletiva e falou do posicionamento da entidade.<\/p>\n<p>Em sua fala, Lourival repudiou ataques ocorridos nas \u00faltimas semanas contra venezuelanos, destacando que \u00e9 preciso compreender que os refugiados que chegam ao pa\u00eds tamb\u00e9m s\u00e3o trabalhadores que passam por dificuldades. \u201cO problema n\u00e3o s\u00e3o os imigrantes, mas esse sistema capitalista que destroi a n\u00f3s trabalhadores. S\u00e3o seres humanos, pais e m\u00e3es de fam\u00edlia que est\u00e3o aqui em busca de ajuda e n\u00e3o podem ser tratados diferentes\u201d, disse Lourival.<\/p>\n<p>&nbsp;<\/p>\n<p><strong>Leia notas da CSP-Conlutas:<\/strong><\/p>\n<p><a href=\"http:\/\/cspconlutas.org.br\/2018\/03\/e-necessario-garantir-condicoes-para-a-permanencia-dos-refugiados-venezuelanos-no-brasil\/\" target=\"_blank\" rel=\"noopener\">\u00c9 necess\u00e1rio garantir condi\u00e7\u00f5es para a perman\u00eancia dos refugiados venezuelanos no Brasil<\/a><\/p>\n<p><a href=\"http:\/\/cspconlutas.org.br\/2018\/02\/nenhum-ser-humano-e-ilegal\/\" target=\"_blank\" rel=\"noopener\">Nenhum ser humano \u00e9 ilegal! Todo apoio e solidariedade aos imigrantes venezuelanos<\/a><\/p>\n<p>&nbsp;<\/p>\n<p>Este ano, j\u00e1 ocorreram agress\u00f5es, expuls\u00f5es e inc\u00eandios criminosos contra fam\u00edlias de venezuelanos que buscam abrigo no Brasil, principalmente em cidades onde tem sido grande o fluxo de refugiados, como Boa Vista, Pacaraima e Mucaja\u00ed. No mais recente, no dia 19 de mar\u00e7o, um grupo de 300 brasileiros expulsou cerca de 200 venezuelanos de um abrigo na capital de Roraima e queimou os pertences das fam\u00edlias.<\/p>\n<p>Na madrugada 8 de fevereiro, um inc\u00eandio intencional feriu tr\u00eas pessoas de uma mesma fam\u00edlia venezuelana, incluindo uma crian\u00e7a de 4 anos. O crime se assemelha a outro praticado quatro dias antes na capital Boa Vista.<\/p>\n<p>O bispo da diocese de Roraima, Dom M\u00e1rio Antonio da Silva, destacou que \u00e9 preciso repudiar \u00e0 xenofobia, que incita o \u00f3dio e a viol\u00eancia. \u201cA chegada dessas fam\u00edlias mudou a cidade, o dia a dia, mas isso implica em acolhimento e acompanhamento para resolver. Eventuais situa\u00e7\u00f5es de dificuldade n\u00e3o d\u00e1 o direito de desrespeit\u00e1-los e piorar ainda mais a situa\u00e7\u00e3o de vulnerabilidade social\u201d, disse o bispo.<\/p>\n<p>\u201cO que est\u00e1 aflorando com a presen\u00e7a dos imigrantes, possivelmente \u00e9 o que j\u00e1 estava faltando para a popula\u00e7\u00e3o brasileira e agora nos aparece como mais nitidez\u201d, afirmou Dom M\u00e1rio, que cobrou a\u00e7\u00f5es coordenadas das tr\u00eas esferas de poder no pa\u00eds. \u201cAp\u00f3s tantos an\u00fancios por parte do governo federal sobre ajuda, \u00e9 preciso mais rapidez e efetividade nessa ajuda\u201d, cobrou.<\/p>\n<p>Para as entidades, a omiss\u00e3o do Estado diante da grave situa\u00e7\u00e3o em que milhares de pessoas se encontram, por meio do n\u00e3o atendimento das suas necessidades b\u00e1sicas como alimenta\u00e7\u00e3o, abrigo, medicamentos e seguran\u00e7a, agrava ainda mais a situa\u00e7\u00e3o e contribui para a xenofobia. A resposta tem sido insuficiente e desarticulada, criando uma atmosfera de desinforma\u00e7\u00e3o e temor em parte da popula\u00e7\u00e3o em Roraima.<\/p>\n<p>\u201cA not\u00e1vel aus\u00eancia de iniciativas humanit\u00e1rias eficientes e coesas, por parte dos poderes p\u00fablicos e a desarticula\u00e7\u00e3o entre si, n\u00e3o podem mais alimentar um ambiente de incerteza e medo na sociedade local, que, consequentemente, contribui para o surgimento de comportamentos xenof\u00f3bicos e de incita\u00e7\u00e3o \u00e0 viol\u00eancia\u201d, afirma trecho da carta.<\/p>\n<p>Nos \u00faltimos meses, fam\u00edlias venezuelanas tem sa\u00eddo do seu pa\u00eds devido \u00e0 severa crise pol\u00edtica, econ\u00f4mica e humanit\u00e1ria. Al\u00e9m da instabilidade pol\u00edtica e viol\u00eancia, a fome e a falta de medicamentos levam milhares a deixarem a Venezuela em busca de sobreviv\u00eancia. Nessa travessia, feita muitas vezes a p\u00e9, muitos est\u00e3o expostos \u00e0 explora\u00e7\u00e3o, discrimina\u00e7\u00e3o, abusos e outras viola\u00e7\u00f5es de direitos humanos.<\/p>\n<p>A CSP-Conlutas de Roraima tem buscado realizar um trabalho junto aos imigrantes, principalmente atrav\u00e9s do Sintracomo. A reuni\u00e3o nacional da Coordena\u00e7\u00e3o da CSP-Conlutas realizada, de 9 a 11 de mar\u00e7o, tamb\u00e9m aprovou uma resolu\u00e7\u00e3o para organizar desde j\u00e1 uma campanha de solidariedade ativa com os refugiados venezuelanos, que dever\u00e1 incluir materiais de divulga\u00e7\u00e3o como cartilha e v\u00eddeo, a ida de uma caravana e ajuda financeira.<\/p>\n<p>&nbsp;<\/p>\n<p>Confira a carta assinada por 35 entidades da sociedade civil:<\/p>\n<p><iframe class=\"\" title=\"fb:post Facebook Social Plugin\" src=\"https:\/\/web.facebook.com\/v2.5\/plugins\/post.php?app_id=242477052761982&amp;channel=http%3A%2F%2Fstaticxx.facebook.com%2Fconnect%2Fxd_arbiter%2Fr%2FMs1VZf1Vg1J.js%3Fversion%3D42%23cb%3Df398c3374a9c2d4%26domain%3Dcspconlutas.org.br%26origin%3Dhttp%253A%252F%252Fcspconlutas.org.br%252Ff38cc2738cd265%26relation%3Dparent.parent&amp;container_width=0&amp;href=https%3A%2F%2Fwww.facebook.com%2Fnotes%2Fdiocese-de-roraima%2Fnota-da-diocese-de-roraima-e-de-representantes-da-sociedade-civil-sobre-a-situa%25C3%25A7%2F2096550207028529%2F%3Fqid%3D6536173410439362315%26mf_story_key%3D4602272434778493542&amp;locale=pt_BR&amp;sdk=joey&amp;width=500\" name=\"f6fabf8fb3016c\" width=\"500px\" height=\"1000px\" frameborder=\"0\" scrolling=\"no\" allowfullscreen=\"allowfullscreen\"><\/iframe><\/p>\n<p>&nbsp;<\/p>\n<p>&nbsp;<\/p>\n","protected":false},"excerpt":{"rendered":"<p>Representantes de v\u00e1rias entidades civis realizaram nesta sexta-feira (23), em Boa Vista (RR), uma coletiva \u00e0 imprensa em que se<\/p>\n","protected":false},"author":1,"featured_media":1813,"comment_status":"closed","ping_status":"closed","sticky":false,"template":"","format":"standard","meta":{"colormag_page_container_layout":"default_layout","colormag_page_sidebar_layout":"default_layout","footnotes":""},"categories":[5],"tags":[313,346,347,345],"class_list":["post-1812","post","type-post","status-publish","format-standard","has-post-thumbnail","hentry","category-noticias","tag-direitos-humanos","tag-imigrantes","tag-venezuela","tag-xenofobia"],"_links":{"self":[{"href":"https:\/\/www.secpf.com.br\/site\/wp-json\/wp\/v2\/posts\/1812","targetHints":{"allow":["GET"]}}],"collection":[{"href":"https:\/\/www.secpf.com.br\/site\/wp-json\/wp\/v2\/posts"}],"about":[{"href":"https:\/\/www.secpf.com.br\/site\/wp-json\/wp\/v2\/types\/post"}],"author":[{"embeddable":true,"href":"https:\/\/www.secpf.com.br\/site\/wp-json\/wp\/v2\/users\/1"}],"replies":[{"embeddable":true,"href":"https:\/\/www.secpf.com.br\/site\/wp-json\/wp\/v2\/comments?post=1812"}],"version-history":[{"count":2,"href":"https:\/\/www.secpf.com.br\/site\/wp-json\/wp\/v2\/posts\/1812\/revisions"}],"predecessor-version":[{"id":3449,"href":"https:\/\/www.secpf.com.br\/site\/wp-json\/wp\/v2\/posts\/1812\/revisions\/3449"}],"wp:featuredmedia":[{"embeddable":true,"href":"https:\/\/www.secpf.com.br\/site\/wp-json\/wp\/v2\/media\/1813"}],"wp:attachment":[{"href":"https:\/\/www.secpf.com.br\/site\/wp-json\/wp\/v2\/media?parent=1812"}],"wp:term":[{"taxonomy":"category","embeddable":true,"href":"https:\/\/www.secpf.com.br\/site\/wp-json\/wp\/v2\/categories?post=1812"},{"taxonomy":"post_tag","embeddable":true,"href":"https:\/\/www.secpf.com.br\/site\/wp-json\/wp\/v2\/tags?post=1812"}],"curies":[{"name":"wp","href":"https:\/\/api.w.org\/{rel}","templated":true}]}}