{"id":1820,"date":"2018-04-06T16:09:58","date_gmt":"2018-04-06T19:09:58","guid":{"rendered":"http:\/\/www.secpf.com.br\/site\/?p=1820"},"modified":"2018-04-06T16:10:27","modified_gmt":"2018-04-06T19:10:27","slug":"nota-da-csp-conlutas-sobre-a-decisao-do-stf-ao-pedido-de-habeas-corpus-de-lula","status":"publish","type":"post","link":"https:\/\/www.secpf.com.br\/site\/nota-da-csp-conlutas-sobre-a-decisao-do-stf-ao-pedido-de-habeas-corpus-de-lula\/","title":{"rendered":"Nota da CSP-Conlutas sobre a decis\u00e3o do STF ao pedido de habeas corpus de Lula"},"content":{"rendered":"<p>A CSP-Conlutas sempre defendeu a pris\u00e3o de todos os corruptos e corruptores, bem como a expropria\u00e7\u00e3o de todos os seus bens e a devolu\u00e7\u00e3o do que foi roubado dos cofres p\u00fablicos. Esta foi a decis\u00e3o do nosso 3\u00b0 Congresso.<\/p>\n<p><a href=\"http:\/\/cspconlutas.org.br\/wp-content\/uploads\/2018\/04\/lula-afp.jpg\"><img fetchpriority=\"high\" decoding=\"async\" class=\"aligncenter wp-image-146558\" src=\"http:\/\/cspconlutas.org.br\/wp-content\/uploads\/2018\/04\/lula-afp.jpg\" sizes=\"(max-width: 420px) 100vw, 420px\" srcset=\"http:\/\/cspconlutas.org.br\/wp-content\/uploads\/2018\/04\/lula-afp.jpg 768w, http:\/\/cspconlutas.org.br\/wp-content\/uploads\/2018\/04\/lula-afp-300x169.jpg 300w\" alt=\"\" width=\"420\" height=\"236\" \/><\/a><\/p>\n<p>Nesta quarta-feira, em uma longa sess\u00e3o, o plen\u00e1rio do STF (Supremo Tribunal Federal) rejeitou o pedido de habeas corpus para o ex-presidente Lula, que pedia para recorrer em liberdade de sua condena\u00e7\u00e3o a 12 anos e um m\u00eas de pris\u00e3o, por corrup\u00e7\u00e3o passiva e lavagem de dinheiro. A decis\u00e3o torna iminente a sua pris\u00e3o.<\/p>\n<p>N\u00e3o temos nenhuma confian\u00e7a no STF ou na imparcialidade da justi\u00e7a burguesa. S\u00e3o milhares de jovens presos, na sua maioria, pobres e negros da periferia, que sequer t\u00eam direito a julgamento.<\/p>\n<p>Al\u00e9m disso, h\u00e1 centenas de corruptos soltos, a come\u00e7ar pelo atual presidente Michel Temer e boa parte do seu minist\u00e9rio e homens de confian\u00e7a, como Eliseu Padilha, Moreira Franco, Romero Juc\u00e1, entre outros. Pol\u00edticos como A\u00e9cio Neves, e empres\u00e1rios, entre os quais da Odebrecht e OAS, gozam de benef\u00edcios da pris\u00e3o domiciliar e continuam esbanjando dinheiro p\u00fablico.<\/p>\n<p>A CSP-Conlutas n\u00e3o participar\u00e1 de atos contra a pris\u00e3o de Lula, reafirmando sua posi\u00e7\u00e3o de que a justi\u00e7a deve ser feita para todos. Que sejam presos todos os corruptos e corruptores, que seus bens sejam expropriados e o dinheiro devolvido aos cofres p\u00fablicos.<\/p>\n<p>&nbsp;<\/p>\n<p><em><strong>Secretaria Nacional Executiva da CSP-Conlutas<br \/>\n<\/strong><\/em><em><strong>5 de abril de 2018<\/strong><\/em><\/p>\n","protected":false},"excerpt":{"rendered":"<p>A CSP-Conlutas sempre defendeu a pris\u00e3o de todos os corruptos e corruptores, bem como a expropria\u00e7\u00e3o de todos os seus<\/p>\n","protected":false},"author":1,"featured_media":1821,"comment_status":"closed","ping_status":"open","sticky":false,"template":"","format":"standard","meta":{"colormag_page_container_layout":"default_layout","colormag_page_sidebar_layout":"default_layout","footnotes":""},"categories":[5],"tags":[176,255,282,186],"class_list":["post-1820","post","type-post","status-publish","format-standard","has-post-thumbnail","hentry","category-noticias","tag-impostos-lava-jato","tag-justica","tag-lula","tag-stf"],"_links":{"self":[{"href":"https:\/\/www.secpf.com.br\/site\/wp-json\/wp\/v2\/posts\/1820","targetHints":{"allow":["GET"]}}],"collection":[{"href":"https:\/\/www.secpf.com.br\/site\/wp-json\/wp\/v2\/posts"}],"about":[{"href":"https:\/\/www.secpf.com.br\/site\/wp-json\/wp\/v2\/types\/post"}],"author":[{"embeddable":true,"href":"https:\/\/www.secpf.com.br\/site\/wp-json\/wp\/v2\/users\/1"}],"replies":[{"embeddable":true,"href":"https:\/\/www.secpf.com.br\/site\/wp-json\/wp\/v2\/comments?post=1820"}],"version-history":[{"count":2,"href":"https:\/\/www.secpf.com.br\/site\/wp-json\/wp\/v2\/posts\/1820\/revisions"}],"predecessor-version":[{"id":1823,"href":"https:\/\/www.secpf.com.br\/site\/wp-json\/wp\/v2\/posts\/1820\/revisions\/1823"}],"wp:featuredmedia":[{"embeddable":true,"href":"https:\/\/www.secpf.com.br\/site\/wp-json\/wp\/v2\/media\/1821"}],"wp:attachment":[{"href":"https:\/\/www.secpf.com.br\/site\/wp-json\/wp\/v2\/media?parent=1820"}],"wp:term":[{"taxonomy":"category","embeddable":true,"href":"https:\/\/www.secpf.com.br\/site\/wp-json\/wp\/v2\/categories?post=1820"},{"taxonomy":"post_tag","embeddable":true,"href":"https:\/\/www.secpf.com.br\/site\/wp-json\/wp\/v2\/tags?post=1820"}],"curies":[{"name":"wp","href":"https:\/\/api.w.org\/{rel}","templated":true}]}}