{"id":1824,"date":"2018-04-06T13:11:20","date_gmt":"2018-04-06T16:11:20","guid":{"rendered":"http:\/\/www.secpf.com.br\/site\/?p=1824"},"modified":"2018-04-06T16:15:02","modified_gmt":"2018-04-06T19:15:02","slug":"ferroviarios-param-a-franca-contra-reforma-trabalhista","status":"publish","type":"post","link":"https:\/\/www.secpf.com.br\/site\/ferroviarios-param-a-franca-contra-reforma-trabalhista\/","title":{"rendered":"Ferrovi\u00e1rios param a Fran\u00e7a contra reforma trabalhista"},"content":{"rendered":"<h3 class=\"midlet\">Greve deve durar tr\u00eas meses, com paralisa\u00e7\u00f5es em dois dias por semana<\/h3>\n<p>Os ferrovi\u00e1rios da Fran\u00e7a iniciaram uma greve em todo pa\u00eds, na ter\u00e7a-feira (3), contra a reforma trabalhista do setor p\u00fablico. A proposta do governo de Emannuel Macron prev\u00ea a retirada de uma s\u00e9rie de direitos e pode levar \u00e0 privatiza\u00e7\u00e3o do setor.<\/p>\n<p>Sete meses ap\u00f3s sancionar uma reforma trabalhista que acabou com direitos dos trabalhadores do setor privado, Macron avan\u00e7a agora sobre os servidores p\u00fablicos. Entre as mudan\u00e7as est\u00e3o o fim da estabilidade no emprego, do regime exclusivo de aposentadorias e da gratuidade de passagens.<\/p>\n<p>A greve \u00e9 intermitente e deve durar at\u00e9 junho, com paralisa\u00e7\u00e3o dos servi\u00e7os durante dois dias por semana. Segundo a companhia estatal francesa de trens, 77% dos servi\u00e7os est\u00e3o paralisados nesta quarta-feira (4).<\/p>\n<p>Al\u00e9m da greve, manifesta\u00e7\u00f5es levaram milhares de pessoas \u00e0s ruas de diversas cidades do pa\u00eds. A mobiliza\u00e7\u00e3o tamb\u00e9m conta com a ades\u00e3o dos trabalhadores do setor de energia, universidades, varejo e dos aerovi\u00e1rios, que cruzaram os bra\u00e7os na ter\u00e7a-feira.<\/p>\n<p><b>Queda de bra\u00e7o<\/b><br \/>\nCom 140 mil funcion\u00e1rios e 15 mil trens circulando diariamente, a Fran\u00e7a tem as ferrovias como principal forma de locomo\u00e7\u00e3o. Por isso, a greve causa grande impacto no governo de Macron, apelidado pelos trabalhadores de \u201cpresidente dos ricos\u201d, devido \u00e0s reformas econ\u00f4micas que vem aplicando.<\/p>\n<p>Os ferrovi\u00e1rios t\u00eam hist\u00f3rico de resist\u00eancia. O \u00faltimo presidente franc\u00eas a enfrentar a categoria saiu prejudicado do confronto. Em 1995, Jacques Chirac tentou aplicar uma reforma, mas foi derrotado por fortes paralisa\u00e7\u00f5es.<\/p>\n","protected":false},"excerpt":{"rendered":"<p>Greve deve durar tr\u00eas meses, com paralisa\u00e7\u00f5es em dois dias por semana Os ferrovi\u00e1rios da Fran\u00e7a iniciaram uma greve em<\/p>\n","protected":false},"author":1,"featured_media":1825,"comment_status":"closed","ping_status":"open","sticky":false,"template":"","format":"standard","meta":{"colormag_page_container_layout":"default_layout","colormag_page_sidebar_layout":"default_layout","footnotes":""},"categories":[5],"tags":[187,24,235],"class_list":["post-1824","post","type-post","status-publish","format-standard","has-post-thumbnail","hentry","category-noticias","tag-franca","tag-greve","tag-reforma-trabalhista"],"_links":{"self":[{"href":"https:\/\/www.secpf.com.br\/site\/wp-json\/wp\/v2\/posts\/1824","targetHints":{"allow":["GET"]}}],"collection":[{"href":"https:\/\/www.secpf.com.br\/site\/wp-json\/wp\/v2\/posts"}],"about":[{"href":"https:\/\/www.secpf.com.br\/site\/wp-json\/wp\/v2\/types\/post"}],"author":[{"embeddable":true,"href":"https:\/\/www.secpf.com.br\/site\/wp-json\/wp\/v2\/users\/1"}],"replies":[{"embeddable":true,"href":"https:\/\/www.secpf.com.br\/site\/wp-json\/wp\/v2\/comments?post=1824"}],"version-history":[{"count":1,"href":"https:\/\/www.secpf.com.br\/site\/wp-json\/wp\/v2\/posts\/1824\/revisions"}],"predecessor-version":[{"id":1826,"href":"https:\/\/www.secpf.com.br\/site\/wp-json\/wp\/v2\/posts\/1824\/revisions\/1826"}],"wp:featuredmedia":[{"embeddable":true,"href":"https:\/\/www.secpf.com.br\/site\/wp-json\/wp\/v2\/media\/1825"}],"wp:attachment":[{"href":"https:\/\/www.secpf.com.br\/site\/wp-json\/wp\/v2\/media?parent=1824"}],"wp:term":[{"taxonomy":"category","embeddable":true,"href":"https:\/\/www.secpf.com.br\/site\/wp-json\/wp\/v2\/categories?post=1824"},{"taxonomy":"post_tag","embeddable":true,"href":"https:\/\/www.secpf.com.br\/site\/wp-json\/wp\/v2\/tags?post=1824"}],"curies":[{"name":"wp","href":"https:\/\/api.w.org\/{rel}","templated":true}]}}