{"id":1868,"date":"2018-04-25T23:51:56","date_gmt":"2018-04-26T02:51:56","guid":{"rendered":"http:\/\/www.secpf.com.br\/site\/?p=1868"},"modified":"2018-04-25T23:51:56","modified_gmt":"2018-04-26T02:51:56","slug":"todo-apoio-a-luta-do-povo-nicaraguense-contra-a-reforma-da-previdencia-e-contra-a-repressao","status":"publish","type":"post","link":"https:\/\/www.secpf.com.br\/site\/todo-apoio-a-luta-do-povo-nicaraguense-contra-a-reforma-da-previdencia-e-contra-a-repressao\/","title":{"rendered":"Todo apoio \u00e0 luta do povo nicaraguense contra a Reforma da Previd\u00eancia e contra a repress\u00e3o"},"content":{"rendered":"<p>O presidente da Nicar\u00e1gua, Daniel Ortega, anunciou neste domingo (22) a revoga\u00e7\u00e3o da reforma previdenci\u00e1ria. Foi uma grande vit\u00f3ria da luta dos trabalhadores nicaraguenses! O pa\u00eds tinha se tornado palco de uma ampla e violenta onda de protestos e manifesta\u00e7\u00f5es contra a implanta\u00e7\u00e3o da reforma de Ortega, com cerca de 20 mortes registradas.<\/p>\n<p>A reforma estabelece uma redu\u00e7\u00e3o de 5% dos benef\u00edcios e aumenta as contribui\u00e7\u00f5es patronais e dos trabalhadores, o que \u00e9 um evidente ataque \u00e0 Seguridade Social do povo trabalhador nicaraguense.<\/p>\n<p>Atendendo \u00e0 recomenda\u00e7\u00e3o do Fundo Monet\u00e1rio Internacional (FMI) essa medida pretende resgatar o falido Instituto Nicaraguense de Seguridade Social (INSS), que tem sido utilizado durante a \u00faltima d\u00e9cada para impulsionar projetos duvidosos ligados aos neg\u00f3cios dos amigos de Ortega.<\/p>\n<p>Como resposta \u00e0s manifesta\u00e7\u00f5es, o governo nicaraguense enviou \u00e0s ruas e aos centros universit\u00e1rios a pol\u00edcia e a juventude da Frente Sandinista armada, para reprimir duramente os manifestantes.<\/p>\n<p>N\u00f3s da CSP-Conlutas e sindicatos abaixo assinados prestamos nossa solidariedade ao povo e \u00e0 juventude da Nicar\u00e1gua que resiste contra esse ataque a previd\u00eancia dos trabalhadores.<\/p>\n<p>Condenamos as pol\u00edticas anti oper\u00e1rias e a repress\u00e3o do governo de Daniel Ortega e exigimos a imediata suspens\u00e3o \u00e0 persegui\u00e7\u00e3o contra os manifestantes.<\/p>\n<p>Fazemos um chamado aos ativistas, organiza\u00e7\u00f5es sociais, sindicatos, partidos pol\u00edticos e estudantes a que denunciemos a repress\u00e3o do governo de Ortega e a prestar solidariedade com o povo da Nicar\u00e1gua.<\/p>\n<p><strong>\u2013 Fim da repress\u00e3o do governo Ortega!<\/strong><\/p>\n<p><strong>\u2013 Que os corruptos paguem pela crise do INSS!<\/strong><\/p>\n<p>&nbsp;<\/p>\n<p><strong><u>Assinam:<\/u><\/strong><\/p>\n<ol>\n<li><strong>CSP-CONLUTAS \u2013 CENTRAL SINDICAL E POPULAR<\/strong><\/li>\n<li>SINDICATO DOS METALURGICOS DE S\u00c3O JOS\u00c9 DOS CAMPOS E REGI\u00c3O\/SP<\/li>\n<li>SINDICATO DOS TRABALHADORES DO JUDICI\u00c1RIO FEDERAL NO ESTADO DE S\u00c3O PAULO<\/li>\n<li>SINDICATO DOS TRABALHADORES NO SERVI\u00c7O P\u00daBLICO FEDERAL NO ESTADO DE S\u00c3O PAULO<\/li>\n<li>SINDICATO DOS TRAB. NA EMPRESA DE CORREIOS E TEL\u00c9GRAFOS DO VALE DO PARAIBA\/SP<\/li>\n<li>SINDICATO DOS TRABALHADORES DA IND. DA CONSTRU\u00c7\u00c3O CIVIL DA REG. METROP. DE FORTALEZA<\/li>\n<li>SINDICATO DOS TRABALHADORES EM TRANSPORTE RODOVI\u00c1RIO DO CEAR\u00c1<\/li>\n<li>SINDICATO DOS SERVIDORES P\u00daBLICOS MUNICIPAIS DE JUAZEIRO DO NORTE\/CE<\/li>\n<li>SINDICATO DOS TRABALHADORES NA IND\u00daSTRIA DE CONFEC\u00c7\u00c3O FEMININA DE FORTALEZA\/CE<\/li>\n<li>SINDICATO DOS ODONTOLOGISTAS DO ESTADO DO CEAR\u00c1<\/li>\n<li>SINDICATO DOS SERVIDORES DO PODER JUDICI\u00c1RIO FEDERAL DO ESTADO DE MATO GROSSO<\/li>\n<li>SINDICATO DOS COMERCI\u00c1RIOS DE NOVA IGUA\u00c7U\/RJ<\/li>\n<li>SINDICATO DOS TRAB. NO SERVI\u00c7O P\u00daBLICO MUNICIPAL DE LIMOEIRO DO NORTE-CE<\/li>\n<li>SINDICATO DOS SERVIDORES P\u00daBLICOS MUNICIPAIS DE JAGUARUANA-CE<\/li>\n<li>SINDICATO DOS SERVIDORES DO PODER JUDICI\u00c1RIO FEDERAL EM ALAGOAS<\/li>\n<li>SINDICATO DOS TRAB NAS EMPRESAS DE TRANSP. RODOV DE PASSAG. INTERMUN. EST. CE<\/li>\n<li>SINDICATO DOS TRABALHADORES DO JUDICI\u00c1RIO FEDERAL E MPU NO MARANHAO<\/li>\n<li>SINDICATO DOS TRAB. NA IND\u00daSTRIA DA CONSTRU\u00c7\u00c3O E DO MOBILIARIO DE BELEM-PA<\/li>\n<li>SINDICATO SERVIDORES DA SA\u00daDE DO ESTADO DO RIO GRANDE DO NORTE<\/li>\n<li>SINDICATO DOS AGENTES MUNICIPAIS DE TR\u00c2NSITO DA REGI\u00c3O DO CARIRI\/CE<\/li>\n<li>SINDICATO MUNICIPAL DOS PROFISSIONAIS DE ENSINO DA REDE OFICIAL DO RECIFE\/PE<\/li>\n<li>SINDICATO DOS TRAB. DA UNIVERSIDADE FEDERAL RURAL\/RJ<\/li>\n<li>SINDICATO DOS MUNICIP\u00c1RIOS DE STA BARBARA DO SUL\/RS<\/li>\n<li>SINDICATO DOS TRAB. DO REFLORESTAMENTO, CARVOAMENTO E BENEFIC. DE MADEIRA\/BA<\/li>\n<li>SINDICATO DOS TRAB. EM PROCESSAMENTO DE DADOS NO ESTADO DO RIO GRANDE DO SUL<\/li>\n<li>SINDICATO DOS EMPREGADOS NO COMERCIO DE PASSO FUNDO\/RS<\/li>\n<li>SINDICATO DOS EMPREGADOS NO COMERCIO DE SANTA CRUZ DO SUL<\/li>\n<li>SINDICATO DOS TRAB. NAS IND. DE CIMENTO, CAL, GESSO E CER\u00c2MICA DO MUNIC. DE ARACAJ\u00da\/SE<\/li>\n<li>SINDICATO DOS TRABALHADORES NAS IND\u00daSTRIAS URBANAS DO ESTADO DE GOI\u00c1S<\/li>\n<li>SINDICATO DOS TRAB. NOS TRANSPORTES COLETIVOS DE GOI\u00c2NIA E REGI\u00c3O METROPOLITANA\/GO<\/li>\n<li>SINDICATO DOS EMPREGADOS DA PREFEITURA MUNICIPAL DE PASSOS DE MINAS\/MG<\/li>\n<li>SINDICATO DOS SERVIDORES PUBLICOS MUNICIPAIS DE FORTALEZA DE MINAS\/MG<\/li>\n<li>SINDICATO DOS TRABALHADORES NO TRANSPORTE ALTERNATIVO \u2013 GO<\/li>\n<li>SINDICATO DOS TRABALHADORES EM SERVI\u00c7OS DE SA\u00daDE DE FORMIGA\/MG<\/li>\n<li>SINDICATO DOS SERVIDORES P\u00daBLICOS MUNICIPAIS DE ESPLANADA\/BA<\/li>\n<li>SINDICATO DOS SERVIDORES P\u00daBLICOS MUNICIPAIS DE ENTRE RIOS\/BA<\/li>\n<li>SINDICATO DOS PETROLEIROS DE SERGIPE E ALAGOAS<\/li>\n<li>FEDERA\u00c7\u00c3O SINDICAL E DEMOC. DOS TRAB. NAS IND. METAL\u00daRGICAS DE MINAS GERAIS<\/li>\n<li>SINDICATO DOS CERAMISTAS DE MONTE CARMELO\/MG<\/li>\n<li>SINDICATO DOS METAL\u00daRGICOS DE PIRAPORA\/MG<\/li>\n<li>SINDICATO DOS METAL\u00daRGICOS DE ITAJUB\u00c1 E REGI\u00c3O\/MG<\/li>\n<li>SINDICATO DOS METAL\u00daRGICOS DE OURO PRETO\/MG<\/li>\n<li>SINDICATO DOS METAL\u00daRGICOS DE ITA\u00daNA\/MG<\/li>\n<li>SINDICATO DOS METAL\u00daRGICOS DE DIVIN\u00d3POLIS\/MG<\/li>\n<li>SINDICATO DOS METAL\u00daRGICOS DE TR\u00caS MARIAS\/MG<\/li>\n<li>SINDICATO DOS METAL\u00daRGICOS DE GOVERNADOR VALADARES\/MG<\/li>\n<li>SINDICATO DOS METAL\u00daRGICOS DE V\u00c1RZEA DA PALMA\/MG<\/li>\n<li>SIND. PROF ENFERM E EMPREG EM HOSP, C. DE SA\u00daDE, DUCH. E MASSAG. DE DIVIN\u00d3POLIS\/MG<\/li>\n<li>SINDICATO DOS EMPREGADOS EM ESTABELECIMENTOS DE SA\u00daDE DE BH E REGI\u00c3O\/MG<\/li>\n<li>SINDICATO DOS EMPREGADOS EM ESTABELECIMENTOS DE SA\u00daDE DE ITAJUB\u00c1 E REGI\u00c3O\/MG<\/li>\n<li>SINDICATO METABASE DOS INCONFIDENTES\/MG<\/li>\n<li>SINDICATO DOS TRABALHADORES EM EDUCA\u00c7\u00c3O DE DIVIN\u00d3POLIS\/MG<\/li>\n<li>SINDICATO DOS SERVIDORES P\u00daBLICOS DE MONTE CARMELO\/MG<\/li>\n<li>SINDICATO DOS SERVIDORES P\u00daBLICOS DE BETIM\/MG<\/li>\n<li>SINDICATO DOS TRAB EMPRESAS DE ASSESSOR, PESQ, PER\u00cdCIAS E INFORM. \u2013 SINTAPPI-MG<\/li>\n<li>SINDICATO DOS TRAB; EM EDUCA\u00c7\u00c3O DA REDE P\u00daBLICA MUNICIPAL DE BELO HORIZONTE\/MG<\/li>\n<li>ADMAP \u2013 ASSOCIA\u00c7\u00c3O DEMOCR\u00c1TICA DOS APOSENTADOS E PENS. DO VALE DO PARA\u00cdBA\/SP<\/li>\n<li>ANEL \u2013 ASSEMBLEIA NACIONAL DE ESTUDANTES \u2013 LIVRE<\/li>\n<li>MOVIMENTO LUTA POPULAR<\/li>\n<li>MOVIMENTO NACIONAL QUILOMBO RA\u00c7A E CLASSE<\/li>\n<\/ol>\n","protected":false},"excerpt":{"rendered":"<p>O presidente da Nicar\u00e1gua, Daniel Ortega, anunciou neste domingo (22) a revoga\u00e7\u00e3o da reforma previdenci\u00e1ria. Foi uma grande vit\u00f3ria da<\/p>\n","protected":false},"author":1,"featured_media":1869,"comment_status":"closed","ping_status":"open","sticky":false,"template":"","format":"standard","meta":{"colormag_page_container_layout":"default_layout","colormag_page_sidebar_layout":"default_layout","footnotes":""},"categories":[5],"tags":[],"class_list":["post-1868","post","type-post","status-publish","format-standard","has-post-thumbnail","hentry","category-noticias"],"_links":{"self":[{"href":"https:\/\/www.secpf.com.br\/site\/wp-json\/wp\/v2\/posts\/1868","targetHints":{"allow":["GET"]}}],"collection":[{"href":"https:\/\/www.secpf.com.br\/site\/wp-json\/wp\/v2\/posts"}],"about":[{"href":"https:\/\/www.secpf.com.br\/site\/wp-json\/wp\/v2\/types\/post"}],"author":[{"embeddable":true,"href":"https:\/\/www.secpf.com.br\/site\/wp-json\/wp\/v2\/users\/1"}],"replies":[{"embeddable":true,"href":"https:\/\/www.secpf.com.br\/site\/wp-json\/wp\/v2\/comments?post=1868"}],"version-history":[{"count":1,"href":"https:\/\/www.secpf.com.br\/site\/wp-json\/wp\/v2\/posts\/1868\/revisions"}],"predecessor-version":[{"id":1870,"href":"https:\/\/www.secpf.com.br\/site\/wp-json\/wp\/v2\/posts\/1868\/revisions\/1870"}],"wp:featuredmedia":[{"embeddable":true,"href":"https:\/\/www.secpf.com.br\/site\/wp-json\/wp\/v2\/media\/1869"}],"wp:attachment":[{"href":"https:\/\/www.secpf.com.br\/site\/wp-json\/wp\/v2\/media?parent=1868"}],"wp:term":[{"taxonomy":"category","embeddable":true,"href":"https:\/\/www.secpf.com.br\/site\/wp-json\/wp\/v2\/categories?post=1868"},{"taxonomy":"post_tag","embeddable":true,"href":"https:\/\/www.secpf.com.br\/site\/wp-json\/wp\/v2\/tags?post=1868"}],"curies":[{"name":"wp","href":"https:\/\/api.w.org\/{rel}","templated":true}]}}