{"id":1871,"date":"2018-04-25T23:58:27","date_gmt":"2018-04-26T02:58:27","guid":{"rendered":"http:\/\/www.secpf.com.br\/site\/?p=1871"},"modified":"2018-04-25T23:59:47","modified_gmt":"2018-04-26T02:59:47","slug":"presidente-do-sindicato-dos-comerciarios-afirma-que-negociacao-com-a-havan-teve-inicio-somente-nesta-semana","status":"publish","type":"post","link":"https:\/\/www.secpf.com.br\/site\/presidente-do-sindicato-dos-comerciarios-afirma-que-negociacao-com-a-havan-teve-inicio-somente-nesta-semana\/","title":{"rendered":"Presidente do Sindicato dos Comerci\u00e1rios afirma que negocia\u00e7\u00e3o com a Havan teve in\u00edcio somente nesta semana"},"content":{"rendered":"<p class=\"western\"><a href=\"http:\/\/www.secpf.com.br\/site\/wp-content\/uploads\/2018\/04\/250418-havan.jpg\"><img fetchpriority=\"high\" decoding=\"async\" class=\"alignnone size-full wp-image-1872\" src=\"http:\/\/www.secpf.com.br\/site\/wp-content\/uploads\/2018\/04\/250418-havan.jpg\" alt=\"250418-havan\" width=\"719\" height=\"480\" srcset=\"https:\/\/www.secpf.com.br\/site\/wp-content\/uploads\/2018\/04\/250418-havan.jpg 719w, https:\/\/www.secpf.com.br\/site\/wp-content\/uploads\/2018\/04\/250418-havan-300x200.jpg 300w\" sizes=\"(max-width: 719px) 100vw, 719px\" \/><\/a><\/p>\n<p class=\"western\">Com o objetivo de resolver o impasse envolvendo a empresa Havan e o Sindicato dos Comerci\u00e1rios, uma reuni\u00e3o foi realizada na tarde desta ter\u00e7a-feira (24) na C\u00e2mara de Vereadores, com a presen\u00e7a de parlamentares e sindicalistas. A abertura das lojas em quase todos os dias do ano, com exce\u00e7\u00e3o do Natal, Ano Novo e Dia do Trabalhador, \u00e9 requisito para que a Rede Havan se instale em Passo Fundo, o que vem gerando pol\u00eamica.<\/p>\n<p class=\"western\">Na \u00faltima semana, com a presen\u00e7a de 180 comerci\u00e1rios, foi aprovado o calend\u00e1rio que determina o fechamento do com\u00e9rcio e varejo em sete feriados, contrariando o pedido da Havan. Na R\u00e1dio Uirapuru, o presidente do Sindicato dos Comerci\u00e1rios, Tarciel da Silva, explicou que a entidade somente foi procurada pela empresa na \u00faltima segunda-feira (23). Afirmou que o Sindicato n\u00e3o tem poder algum para decidir se empresa deve ou n\u00e3o vir para o munic\u00edpio. Tarciel explicou que a empresa deve sim procurar o Sindilojas, que representa os empres\u00e1rios, e apresentar uma proposta a ele, no papel, assinada e formalizada. Reafirmou que at\u00e9 o momento nenhuma proposta foi apresentada oficialmente pela empresa, diferente do que o advogado da empresa disse na \u00faltima semana na Uirapuru.<\/p>\n<p class=\"western\">Na ocasi\u00e3o o advogado da Rede, Jos\u00e9 Melo de Freitas havia informado que as negocia\u00e7\u00f5es j\u00e1 estavam acontecendo h\u00e1 pelo menos 15 dias. Tarciel citou ainda o exemplo do Passo Fundo Shopping, onde 200 empresas devem se instalar e em nenhum momento algum tipo de empecilho foi criado, a legisla\u00e7\u00e3o foi cumprida. Lembrou que grandes lojas locais sempre obedeceram as leis e seguem operando e gerando emprego.<\/p>\n<p class=\"western\">O presidente afirmou que o sindicato \u00e9 totalmente favor\u00e1vel a vinda da empresa e a cria\u00e7\u00e3o de emprego, contudo exige que a legisla\u00e7\u00e3o acordada em assembleia e conven\u00e7\u00e3o seja obedecida. Para Tarciel, a Havan est\u00e1 ganhando muito com m\u00eddia gratuita enquanto o assunto se prolonga e nada oficial \u00e9 negociado.<\/p>\n<p class=\"western\">\n<p class=\"western\"><span style=\"font-size: 10pt;\"><em>Fonte: <a href=\"http:\/\/www.rduirapuru.com.br\/cidade\/51461\/presidente+do+sindicato+dos+comerciarios+afirma+que+negociacao+com+a+havan+teve+inicio+somente+nesta+semana\" target=\"_blank\">R\u00e1dio Uirapuru<\/a><\/em><\/span><\/p>\n","protected":false},"excerpt":{"rendered":"<p>Com o objetivo de resolver o impasse envolvendo a empresa Havan e o Sindicato dos Comerci\u00e1rios, uma reuni\u00e3o foi realizada<\/p>\n","protected":false},"author":1,"featured_media":1872,"comment_status":"closed","ping_status":"open","sticky":false,"template":"","format":"standard","meta":{"colormag_page_container_layout":"default_layout","colormag_page_sidebar_layout":"default_layout","footnotes":""},"categories":[5],"tags":[358,18,356,172,357],"class_list":["post-1871","post","type-post","status-publish","format-standard","has-post-thumbnail","hentry","category-noticias","tag-acordo","tag-destaque","tag-havan","tag-sindicato","tag-sindilojas"],"_links":{"self":[{"href":"https:\/\/www.secpf.com.br\/site\/wp-json\/wp\/v2\/posts\/1871","targetHints":{"allow":["GET"]}}],"collection":[{"href":"https:\/\/www.secpf.com.br\/site\/wp-json\/wp\/v2\/posts"}],"about":[{"href":"https:\/\/www.secpf.com.br\/site\/wp-json\/wp\/v2\/types\/post"}],"author":[{"embeddable":true,"href":"https:\/\/www.secpf.com.br\/site\/wp-json\/wp\/v2\/users\/1"}],"replies":[{"embeddable":true,"href":"https:\/\/www.secpf.com.br\/site\/wp-json\/wp\/v2\/comments?post=1871"}],"version-history":[{"count":3,"href":"https:\/\/www.secpf.com.br\/site\/wp-json\/wp\/v2\/posts\/1871\/revisions"}],"predecessor-version":[{"id":1875,"href":"https:\/\/www.secpf.com.br\/site\/wp-json\/wp\/v2\/posts\/1871\/revisions\/1875"}],"wp:featuredmedia":[{"embeddable":true,"href":"https:\/\/www.secpf.com.br\/site\/wp-json\/wp\/v2\/media\/1872"}],"wp:attachment":[{"href":"https:\/\/www.secpf.com.br\/site\/wp-json\/wp\/v2\/media?parent=1871"}],"wp:term":[{"taxonomy":"category","embeddable":true,"href":"https:\/\/www.secpf.com.br\/site\/wp-json\/wp\/v2\/categories?post=1871"},{"taxonomy":"post_tag","embeddable":true,"href":"https:\/\/www.secpf.com.br\/site\/wp-json\/wp\/v2\/tags?post=1871"}],"curies":[{"name":"wp","href":"https:\/\/api.w.org\/{rel}","templated":true}]}}