{"id":1893,"date":"2018-05-07T23:20:41","date_gmt":"2018-05-08T02:20:41","guid":{"rendered":"http:\/\/www.secpf.com.br\/site\/?p=1893"},"modified":"2018-05-07T23:37:39","modified_gmt":"2018-05-08T02:37:39","slug":"13-de-maio-130-anos-de-abolicao-sem-reparacoes-vamos-marchar-pelo-fim-do-racismo","status":"publish","type":"post","link":"https:\/\/www.secpf.com.br\/site\/13-de-maio-130-anos-de-abolicao-sem-reparacoes-vamos-marchar-pelo-fim-do-racismo\/","title":{"rendered":"13 de Maio: 130 anos de aboli\u00e7\u00e3o sem repara\u00e7\u00f5es. Vamos marchar pelo fim do racismo!"},"content":{"rendered":"<p>No pr\u00f3ximo dia 13 de maio completam-se 130 anos da aboli\u00e7\u00e3o da escravid\u00e3o no Brasil. Passado todo esse tempo, o povo negro n\u00e3o tem nada a comemorar. Por isso, \u00e9 preciso reafirmar a tradi\u00e7\u00e3o da luta e transformar esse data no Dia Nacional de Den\u00fancia contra o Racismo.<\/p>\n<p><a href=\"http:\/\/cspconlutas.org.br\/wp-content\/uploads\/2018\/05\/31301777_1645403772233110_5193178298072684206_n.jpg\"><img fetchpriority=\"high\" decoding=\"async\" class=\"aligncenter wp-image-147157\" src=\"http:\/\/cspconlutas.org.br\/wp-content\/uploads\/2018\/05\/31301777_1645403772233110_5193178298072684206_n.jpg\" sizes=\"(max-width: 420px) 100vw, 420px\" srcset=\"http:\/\/cspconlutas.org.br\/wp-content\/uploads\/2018\/05\/31301777_1645403772233110_5193178298072684206_n.jpg 960w, http:\/\/cspconlutas.org.br\/wp-content\/uploads\/2018\/05\/31301777_1645403772233110_5193178298072684206_n-150x150.jpg 150w, http:\/\/cspconlutas.org.br\/wp-content\/uploads\/2018\/05\/31301777_1645403772233110_5193178298072684206_n-300x300.jpg 300w, http:\/\/cspconlutas.org.br\/wp-content\/uploads\/2018\/05\/31301777_1645403772233110_5193178298072684206_n-768x768.jpg 768w, http:\/\/cspconlutas.org.br\/wp-content\/uploads\/2018\/05\/31301777_1645403772233110_5193178298072684206_n-65x65.jpg 65w\" alt=\"\" width=\"420\" height=\"420\" \/><\/a><\/p>\n<p>Como parte das a\u00e7\u00f5es, o Setorial de Negros e Negras da CSP-Conlutas ir\u00e1 exigir repara\u00e7\u00f5es para os negros e negras, que continuam sendo explorados e sofrendo com o racismo. Os atos e a\u00e7\u00f5es ter\u00e3o o mote \u201c130 anos de aboli\u00e7\u00e3o sem pol\u00edticas de repara\u00e7\u00f5es\u201d.<\/p>\n<p>Ser\u00e3o realizadas manifesta\u00e7\u00f5es centralizadas nos estados do Rio de Janeiro e Maranh\u00e3o.<\/p>\n<p>No\u00a0Rio de Janeiro, em Madureira, a marcha\u00a0ser\u00e1 realizada no dia 12 (s\u00e1bado) denunciar\u00e1 a interven\u00e7\u00e3o militar, que tem como \u00fanico objetivo reprimir a popula\u00e7\u00e3o pobre e negra das favelas e periferias. Exigir\u00e1 ainda a puni\u00e7\u00e3o dos torturadores do regime militar, a apura\u00e7\u00e3o rigorosa do assassinato de Marielle, Anderson e dos jovens de Maric\u00e1, e o fim da interven\u00e7\u00e3o militar neste estado. Est\u00e3o previstas a participa\u00e7\u00e3o de sindicatos, movimentos de combate \u00e0 opress\u00e3o e estudantil filiados \u00e0 CSP-Conlutas. A orienta\u00e7\u00e3o \u00e9 de que outros estados da regi\u00e3o sul e sudeste busquem organizar caravanas para o ato.<\/p>\n<p>No\u00a0Maranh\u00e3o, o ato ocorrer\u00e1 em S\u00e3o Lu\u00eds, no bairro da Liberdade, considerado o maior quilombo urbano dessa cidade, e que no m\u00eas de maio completar\u00e1 100 anos. A a\u00e7\u00e3o tamb\u00e9m ser\u00e1 no dia 12 de maio. O Setorial convoca a todos os setores da CSP-Conlutas da regional norte e nordeste a se organizarem \u00a0para tamb\u00e9m participar do evento.<\/p>\n<p>Nos estados que sediar\u00e3o os atos j\u00e1 est\u00e3o sendo realizadas atividades preparat\u00f3rias com reuni\u00f5es semanais, forma\u00e7\u00e3o a partir de temas do evento, panfletagem, estudos, mobiliza\u00e7\u00e3o de entidades do movimento negro e de outros setores.<\/p>\n<p>O objetivo do Setorial \u00e9 dar maior visibilidade ao 13 de maio como um \u201cdia nacional de den\u00fancia do racismo\u201d, enfatizando o processo de exclus\u00e3o do povo negro em v\u00e1rios aspectos da vida social, combinado com a pol\u00edtica de embranquecimento da na\u00e7\u00e3o, ocorrido ap\u00f3s a aboli\u00e7\u00e3o.\u00a0 Buscar a troca de experi\u00eancias entre diversos setores: sindical, oper\u00e1rio, popular e de combate \u00e0s opress\u00f5es a partir da pauta democr\u00e1tica por repara\u00e7\u00f5es hist\u00f3ricas.<\/p>\n<p>As manifesta\u00e7\u00f5es ir\u00e3o exigir a repara\u00e7\u00e3o dos crimes da escravid\u00e3o e do racismo com reforma agr\u00e1ria, titula\u00e7\u00f5es das terras de quilombolas, implementa\u00e7\u00e3o da lei 10.636, a amplia\u00e7\u00e3o da pol\u00edtica de a\u00e7\u00f5es afirmativas e cotas nas universidades e servi\u00e7os p\u00fablicos, na gera\u00e7\u00e3o de empregos, na desmilitariza\u00e7\u00e3o da pol\u00edcia, na suspens\u00e3o do pagamento da d\u00edvida interna e externa, entre outras.<\/p>\n<p>&nbsp;<\/p>\n<p><strong>Hist\u00f3rico<\/strong><\/p>\n<p>Mesmo o Brasil tendo sido o \u00faltimo pa\u00eds a revogar a escravid\u00e3o, por algum tempo difundiu-se a ideia de que a aboli\u00e7\u00e3o foi um grande feito hist\u00f3rico da princesa Isabel, tida como a \u201credentora\u201d. No entanto, essa lei n\u00e3o criou nenhuma medida para integra\u00e7\u00e3o social dos negros, que at\u00e9 hoje sentem na pele os reflexos do racismo e da opress\u00e3o.<\/p>\n<p>As ideias difundidas no Brasil de que a aboli\u00e7\u00e3o foi humanit\u00e1ria, consagrando princesa Isabel como hero\u00edna dos negros, bem como a ilus\u00f3ria democracia racial forjada p\u00f3s-aboli\u00e7\u00e3o, tentam harmonizar as rela\u00e7\u00f5es s\u00f3cio-raciais no Brasil. No entanto, a partir desta lei, negros e negras seguiram dependendo de sua pr\u00f3pria sorte, vivendo em condi\u00e7\u00f5es sub-humanas. Os negros foram tirados das senzalas e empurrados para as favelas, lan\u00e7ados \u00e0 pr\u00f3pria sorte, sem nenhum tipo de repara\u00e7\u00e3o.<\/p>\n<p>\u00c9 essa parte da popula\u00e7\u00e3o que at\u00e9 os dias de hoje sofre com o desemprego, sem ou com pouco acesso \u00e0s pol\u00edticas p\u00fablicas como educa\u00e7\u00e3o e sa\u00fade de qualidade, moradia digna. Sem titula\u00e7\u00e3o de seus territ\u00f3rios quilombolas e sendo expulsos dos mesmos. A maioria est\u00e1 nos pres\u00eddios e \u00e9 v\u00edtima de genoc\u00eddio.<\/p>\n<p>&nbsp;<\/p>\n<p><strong>Escravid\u00e3o moderna<\/strong><\/p>\n<p>Mais de 50 milh\u00f5es de \u00edndios foram eliminados na Am\u00e9rica. Mais de 20 milh\u00f5es de africanos escravizados. A maioria veio para o Brasil, onde cerca de 40% ou quase metade perdiam suas vidas nos portos africanos ou na travessia do Atl\u00e2ntico, que se transformou num dos maiores cemit\u00e9rios negros a c\u00e9u aberto do mundo.<\/p>\n<p>At\u00e9 hoje nenhum governo, seja de direita ou de esquerda implementou pol\u00edticas de repara\u00e7\u00f5es. Ao contr\u00e1rio, nos \u00faltimos anos a Frente Popular criou a falsa ideia de que os pobres e negros passaram a compor a classe m\u00e9dia \u2013 a propalada classe C. A realidade veio \u00e0 tona ao ser confrontada pelos altos \u00edndices de desemprego que assolaram o pa\u00eds, a mis\u00e9ria em que se encontra a popula\u00e7\u00e3o negra.\u00a0 A op\u00e7\u00e3o desses governos em retirar dinheiro p\u00fablico para pagamento de D\u00edvida P\u00fablica aos banqueiros, chegando a retirar 47%\u00a0 do Or\u00e7amento da Uni\u00e3o, comprometendo os investimentos nas pol\u00edticas p\u00fablicas, aprofunda essa situa\u00e7\u00e3o.<\/p>\n<p>\u00c9 oportuno destacar que nos \u00faltimos anos cresceram os investimentos com a seguran\u00e7a p\u00fablica. S\u00f3 em 2014, gastou-se cerca de R$ 4,2 bilh\u00f5es, um aumento de 150% nesse per\u00edodo, segundo o Minist\u00e9rio da Justi\u00e7a do ent\u00e3o governo Dilma. As a\u00e7\u00f5es priorit\u00e1rias foram aumentar o efetivo de policiais, compra de armamentos, implanta\u00e7\u00e3o de unidades pacificadoras- UPPs, constru\u00e7\u00e3o de pres\u00eddios. O Ipea (Instituto de Pesquisa Econ\u00f4mica Aplicada) acrescenta que, em 2013, gastou-se 5,4% do PIB para \u201ccombater\u201d a viol\u00eancia.<\/p>\n<p>A op\u00e7\u00e3o em aumentar o aparato repressivo est\u00e1 presente na ocupa\u00e7\u00e3o militar das periferias e morros, no encarceramento em massa de jovens negros, no projeto de lei que prev\u00ea a redu\u00e7\u00e3o da maioridade penal. Essas medidas ampliaram significativamente o genoc\u00eddio da juventude negra, que aumentou em 82%, o feminic\u00eddio da mulher negra que cresceu quase 55% nos \u00faltimos 15 anos.<\/p>\n<p>Em 2014, o n\u00famero de presos superou 570 mil pessoas, fazendo do Brasil a terceira maior popula\u00e7\u00e3o carcer\u00e1ria do mundo, segundo o CNJ (Conselho Nacional de Justi\u00e7a). O crescimento de mulheres presas subiu cerca 260%, sendo que a maioria dos casos \u00e9 o envolvimento com tr\u00e1fico de drogas. Em 12 anos, o crescimento carcer\u00e1rio foi de mais de 620%, o que nos leva a concluir que h\u00e1 um controle social dos negros no pa\u00eds e h\u00e1 uma pol\u00edtica de seguran\u00e7a p\u00fablica baseada na repress\u00e3o, no encarceramento e constru\u00e7\u00e3o de pres\u00eddios.<\/p>\n<p>O atual governo de Temer promove uma verdadeira guerra social. O desemprego aumentou consideravelmente, chegando a um patamar de 50 milh\u00f5es de desempregados. Implementou uma pol\u00edtica de ajuste fiscal que retira direitos, como por exemplo da Lei de Terceiriza\u00e7\u00e3o e a Reforma Trabalhista, al\u00e9m da tentativa de implementar a Reforma da Previd\u00eancia. A interven\u00e7\u00e3o militar no RJ \u00e9 outra pol\u00edtica que vai no mesmo sentido. As armas e canh\u00f5es est\u00e3o apontadas para os moradores de favelas. Essa interven\u00e7\u00e3o tem aumentado a repress\u00e3o e causado v\u00edtimas, como a vereadora Mariele (Psol) e o motorista Anderson.<\/p>\n<p>&nbsp;<\/p>\n<p><strong>Repara\u00e7\u00e3o, j\u00e1<\/strong><\/p>\n<p>Nesses 130 anos de aboli\u00e7\u00e3o sem repara\u00e7\u00f5es \u00e9 preciso enfatizar a necessidade das pol\u00edticas de repara\u00e7\u00f5es como demandas democr\u00e1ticas. Neste sentido, \u00e9 preciso entender essas pol\u00edticas como a\u00e7\u00e3o compensat\u00f3ria, que devem necessariamente ser utilizadas para promover a igualdade no acesso ao emprego e nos rendimentos para trabalhos iguais, acesso \u00e0 educa\u00e7\u00e3o em todos os n\u00edveis, assim como as pol\u00edticas redistributivas para compensar os danos causados \u00e0 popula\u00e7\u00e3o negra.<\/p>\n<p>S\u00e3o medidas urgentes, mas transit\u00f3rias, pois sabemos que podem retroceder pelo simples fato que a desigualdade faz parte da natureza do capitalismo. Por isso, nossa luta\u00a0\u00e9 por outro modelo de sociedade, o socialismo, que de fato promova a igualdade social, respeite as diferen\u00e7as e ponha fim \u00e0 opress\u00e3o e explora\u00e7\u00e3o.<\/p>\n<p>&nbsp;<\/p>\n<p><em><span style=\"font-size: 10pt;\">Fonte: <a href=\"http:\/\/cspconlutas.org.br\/2018\/05\/130-anos-de-abolicao-sem-reparacoes-vamos-marchar-pelo-fim-do-racismo\/\" target=\"_blank\">CSP Conlutas<\/a><\/span><\/em><\/p>\n<p>&nbsp;<\/p>\n","protected":false},"excerpt":{"rendered":"<p>No pr\u00f3ximo dia 13 de maio completam-se 130 anos da aboli\u00e7\u00e3o da escravid\u00e3o no Brasil. Passado todo esse tempo, o<\/p>\n","protected":false},"author":1,"featured_media":1894,"comment_status":"closed","ping_status":"open","sticky":false,"template":"","format":"standard","meta":{"colormag_page_container_layout":"default_layout","colormag_page_sidebar_layout":"default_layout","footnotes":""},"categories":[5],"tags":[53,97,266],"class_list":["post-1893","post","type-post","status-publish","format-standard","has-post-thumbnail","hentry","category-noticias","tag-desigualdade","tag-escravidao","tag-trabalho-escravo"],"_links":{"self":[{"href":"https:\/\/www.secpf.com.br\/site\/wp-json\/wp\/v2\/posts\/1893","targetHints":{"allow":["GET"]}}],"collection":[{"href":"https:\/\/www.secpf.com.br\/site\/wp-json\/wp\/v2\/posts"}],"about":[{"href":"https:\/\/www.secpf.com.br\/site\/wp-json\/wp\/v2\/types\/post"}],"author":[{"embeddable":true,"href":"https:\/\/www.secpf.com.br\/site\/wp-json\/wp\/v2\/users\/1"}],"replies":[{"embeddable":true,"href":"https:\/\/www.secpf.com.br\/site\/wp-json\/wp\/v2\/comments?post=1893"}],"version-history":[{"count":1,"href":"https:\/\/www.secpf.com.br\/site\/wp-json\/wp\/v2\/posts\/1893\/revisions"}],"predecessor-version":[{"id":1895,"href":"https:\/\/www.secpf.com.br\/site\/wp-json\/wp\/v2\/posts\/1893\/revisions\/1895"}],"wp:featuredmedia":[{"embeddable":true,"href":"https:\/\/www.secpf.com.br\/site\/wp-json\/wp\/v2\/media\/1894"}],"wp:attachment":[{"href":"https:\/\/www.secpf.com.br\/site\/wp-json\/wp\/v2\/media?parent=1893"}],"wp:term":[{"taxonomy":"category","embeddable":true,"href":"https:\/\/www.secpf.com.br\/site\/wp-json\/wp\/v2\/categories?post=1893"},{"taxonomy":"post_tag","embeddable":true,"href":"https:\/\/www.secpf.com.br\/site\/wp-json\/wp\/v2\/tags?post=1893"}],"curies":[{"name":"wp","href":"https:\/\/api.w.org\/{rel}","templated":true}]}}