{"id":1917,"date":"2018-05-19T17:38:42","date_gmt":"2018-05-19T20:38:42","guid":{"rendered":"http:\/\/www.secpf.com.br\/site\/?p=1917"},"modified":"2018-05-19T17:42:03","modified_gmt":"2018-05-19T20:42:03","slug":"ato-em-sp-denuncia-massacre-contra-palestinos-e-cobertura-midiatica-tendenciosa","status":"publish","type":"post","link":"https:\/\/www.secpf.com.br\/site\/ato-em-sp-denuncia-massacre-contra-palestinos-e-cobertura-midiatica-tendenciosa\/","title":{"rendered":"Ato em SP denuncia massacre contra palestinos e cobertura midi\u00e1tica tendenciosa"},"content":{"rendered":"<figure id=\"attachment_1918\" aria-describedby=\"caption-attachment-1918\" style=\"width: 768px\" class=\"wp-caption alignnone\"><img fetchpriority=\"high\" decoding=\"async\" class=\"size-full wp-image-1918\" src=\"http:\/\/www.secpf.com.br\/site\/wp-content\/uploads\/2018\/05\/180518-massacre-palestinos.jpg\" alt=\"Ato em S\u00e3o Paulo | Foto: S\u00e2mia Gabriela Teixeira\" width=\"768\" height=\"431\" srcset=\"https:\/\/www.secpf.com.br\/site\/wp-content\/uploads\/2018\/05\/180518-massacre-palestinos.jpg 768w, https:\/\/www.secpf.com.br\/site\/wp-content\/uploads\/2018\/05\/180518-massacre-palestinos-300x168.jpg 300w\" sizes=\"(max-width: 768px) 100vw, 768px\" \/><figcaption id=\"caption-attachment-1918\" class=\"wp-caption-text\">Ato em S\u00e3o Paulo | Foto: S\u00e2mia Gabriela Teixeira<\/figcaption><\/figure>\n<p>Nesta quarta-feira, 15 de Maio, manifestantes no mundo inteiro realizaram demonstra\u00e7\u00f5es de apoio ao povo palestino. No Brasil, em S\u00e3o Paulo, cerca de 200 pessoas, de movimentos de solidariedade ao povo palestino, partidos pol\u00edticos, al\u00e9m de refugiados e solid\u00e1rios a causa, estiveram em ato em frente ao pr\u00e9dio da Fiesp. Na semana passada, a Federa\u00e7\u00e3o projetava em sua fachada a bandeira de Israel. Ontem, justamente na ocasi\u00e3o do ato, estava ali a bandeira Palestina.<\/p>\n<p>\u201cA Fiesp \u00e9 hip\u00f3crita. Pois de nada adianta a bandeira palestina estampada no pr\u00e9dio se n\u00e3o houver a\u00e7\u00e3o pr\u00e1tica de apoio, como a campanha de BDS [Boicote, Desinvestimentos e San\u00e7\u00f5es] contra Israel\u201d, defendeu o coordenador do comit\u00ea nacional palestino de BDS no Brasil, Pedro Charbel.<\/p>\n<p>Outro ponto destacado no ato foi a cobertura midi\u00e1tica a respeito do tema e dos ataques sofridos nos \u00faltimos dias de forte mobiliza\u00e7\u00e3o na Palestina. Desde 30 de mar\u00e7o, Dia da Terra Palestina, foram mortos 116 palestinos e mais de dez mil ficaram feridos. \u201cSe trata de uma coloniza\u00e7\u00e3o criminosa e desumana a qual est\u00e3o submetidos os palestinos. O que a imprensa chama de confronto \u00e9 um verdadeiro massacre\u201d, denunciou Soraya Misleh, jornalista palestino-brasileira e membro da Frente em Defesa do Povo Palestino.<\/p>\n<div class=\"mceTemp\">\n<figure id=\"attachment_147438\" aria-describedby=\"caption-attachment-147438\" style=\"width: 459px\" class=\"wp-caption alignnone\"><a href=\"http:\/\/cspconlutas.org.br\/wp-content\/uploads\/2018\/05\/IMG_8875.jpg\"><img decoding=\"async\" class=\"wp-image-147438\" src=\"http:\/\/cspconlutas.org.br\/wp-content\/uploads\/2018\/05\/IMG_8875-1024x683.jpg\" sizes=\"(max-width: 459px) 100vw, 459px\" srcset=\"http:\/\/cspconlutas.org.br\/wp-content\/uploads\/2018\/05\/IMG_8875-1024x683.jpg 1024w, http:\/\/cspconlutas.org.br\/wp-content\/uploads\/2018\/05\/IMG_8875-300x200.jpg 300w, http:\/\/cspconlutas.org.br\/wp-content\/uploads\/2018\/05\/IMG_8875-768x512.jpg 768w\" alt=\"\" width=\"459\" height=\"306\" \/><\/a><figcaption id=\"caption-attachment-147438\" class=\"wp-caption-text\">Refugiado palestino em ato em S\u00e3o Paulo | Foto: S\u00e2mia Gabriela Teixeira<\/figcaption><\/figure>\n<\/div>\n<p>Noura Erakat, palestina-norte-americana docente na \u00e1rea jur\u00eddica e de direitos humanos e especialista sobre o assunto, rebateu em entrevista para a imprensa norte-americana, a CBS, o modo como \u00e9 noticiado o tema, expondo que \u201cn\u00e3o se trata de um confronto, uma vez que os palestinos n\u00e3o est\u00e3o nem mesmo invadindo fronteiras\u201d.<\/p>\n<p>\u201cN\u00e3o h\u00e1 fronteiras na regi\u00e3o, Israel nunca declarou esta fronteira. H\u00e1 uma linha de armist\u00edcio, e os palestinos protestam pelo direito de retorno para suas terras, exigindo suas terras de volta. Nenhum civil israelense foi ferido, n\u00e3o h\u00e1 soldados ou estabelecimentos militares prejudicados pelas manifesta\u00e7\u00f5es dos palestinos. O que vimos foi uma a\u00e7\u00e3o letal contra manifestantes em protestos pac\u00edficos\u201d, ressaltou.<\/p>\n<p>A especialista tamb\u00e9m diz que a imprensa deve ser mais respons\u00e1vel, questionando as liga\u00e7\u00f5es dos protestos com a mudan\u00e7a da embaixada norte-americana e as acusa\u00e7\u00f5es de que os movimentos na Palestina s\u00e3o liderados pelo Hamas. \u201cOs palestinos lutam desde 1948, Hamas foi criado em 1987. Pelo qu\u00ea os palestinos lutavam antes, ent\u00e3o? Os protestos n\u00e3o se deram pela mudan\u00e7a da Embaixada para Jerusal\u00e9m nem s\u00e3o liderados pelo Hamas. Os palestinos lutam todos os dias, em sil\u00eancio ou em manifesta\u00e7\u00f5es, por 70 anos\u201d, exp\u00f4s.<\/p>\n<p><strong>Pelo que lutam os palestinos<\/strong>\u00a0\u2013 O 15 de Maio \u00e9 a data em que \u00e9 lembrado o dia da Nakba, a chamada Cat\u00e1strofe Palestina, quando h\u00e1 70 anos, palestinos foram mortos e expulsos de suas terras para a cria\u00e7\u00e3o do Estado sionista de Israel.<\/p>\n<p>Como resultado desta data de 1948, foram 500 vilarejos destru\u00eddos, 800 mil palestinos expulsos, e cinco milh\u00f5es de refugiados em terras \u00e1rabes, com mais milhares espalhados pelo mundo.<\/p>\n<p><a href=\"http:\/\/cspconlutas.org.br\/wp-content\/uploads\/2018\/05\/nakba-post-1.png\"><img decoding=\"async\" class=\"alignnone wp-image-147439\" src=\"http:\/\/cspconlutas.org.br\/wp-content\/uploads\/2018\/05\/nakba-post-1.png\" sizes=\"(max-width: 460px) 100vw, 460px\" srcset=\"http:\/\/cspconlutas.org.br\/wp-content\/uploads\/2018\/05\/nakba-post-1.png 800w, http:\/\/cspconlutas.org.br\/wp-content\/uploads\/2018\/05\/nakba-post-1-150x150.png 150w, http:\/\/cspconlutas.org.br\/wp-content\/uploads\/2018\/05\/nakba-post-1-300x300.png 300w, http:\/\/cspconlutas.org.br\/wp-content\/uploads\/2018\/05\/nakba-post-1-768x768.png 768w, http:\/\/cspconlutas.org.br\/wp-content\/uploads\/2018\/05\/nakba-post-1-65x65.png 65w\" alt=\"\" width=\"460\" height=\"460\" \/><\/a><\/p>\n<p>As a\u00e7\u00f5es para a cria\u00e7\u00e3o de Israel s\u00e3o pontuadas por historiadores e pesquisadores do tema como limpeza \u00e9tnica. Outros profissionais da \u00e1rea de direitos humanos e direito internacional afirmam categoricamente que os palestinos vivem sob um sistema de apartheid, tal como ocorreu na \u00c1frica do Sul com a popula\u00e7\u00e3o negra.<\/p>\n<p>\u201cNossa luta ao lado dos palestinos \u00e9 mais do que solidariedade, \u00e9 o reconhecimento de uma rela\u00e7\u00e3o hist\u00f3rica. Os palestinos e palestinas n\u00e3o s\u00e3o simplesmente nossos companheiros, s\u00e3o nossos malungos, que \u00e9 como negros e negras se chamavam na travessia do Atl\u00e2ntico, quando j\u00e1 faziam la\u00e7os de solidariedade para lutar aqui. N\u00e3o \u00e9 uma coincid\u00eancia que a hist\u00f3ria da Nakba tenha nascido juntamente com o Apartheid na \u00c1frica do Sul. O estado de Israel \u00e9 um estado racista, que mant\u00e9m um regime de apartheid, que j\u00e1 foi varrido, pelo menos em termos pol\u00edticos, pelo povo negro no mundo inteiro\u201d declara Wilson Hon\u00f3rio, do Movimento Quilombo Ra\u00e7a e Classe, filiado \u00e0 CSP-Conlutas.<\/p>\n<div class=\"mceTemp\">\n<figure id=\"attachment_147441\" aria-describedby=\"caption-attachment-147441\" style=\"width: 460px\" class=\"wp-caption alignnone\"><a href=\"http:\/\/cspconlutas.org.br\/wp-content\/uploads\/2018\/05\/REUTERS-Ibraheem-Abu-Mustaf.jpg\"><img loading=\"lazy\" decoding=\"async\" class=\"wp-image-147441\" src=\"http:\/\/cspconlutas.org.br\/wp-content\/uploads\/2018\/05\/REUTERS-Ibraheem-Abu-Mustaf.jpg\" sizes=\"(max-width: 460px) 100vw, 460px\" srcset=\"http:\/\/cspconlutas.org.br\/wp-content\/uploads\/2018\/05\/REUTERS-Ibraheem-Abu-Mustaf.jpg 1000w, http:\/\/cspconlutas.org.br\/wp-content\/uploads\/2018\/05\/REUTERS-Ibraheem-Abu-Mustaf-300x162.jpg 300w, http:\/\/cspconlutas.org.br\/wp-content\/uploads\/2018\/05\/REUTERS-Ibraheem-Abu-Mustaf-768x415.jpg 768w\" alt=\"\" width=\"460\" height=\"249\" \/><\/a><figcaption id=\"caption-attachment-147441\" class=\"wp-caption-text\">Manifesta\u00e7\u00f5es reprimidas em Gaza | REUTERS \/ Ibraheem Abu Mustaf<\/figcaption><\/figure>\n<\/div>\n<p>A coloniza\u00e7\u00e3o na Palestina segue em curso. H\u00e1 dezenas de leis israelenses racistas, contrariando o que \u00e9 colocado pela lei internacional. A aplica\u00e7\u00e3o deste sistema de apartheid \u00e9 ilegal e envolve discrimina\u00e7\u00e3o a refugiados palestinos que reivindicam o direito \u00e0 propriedade na Palestina hist\u00f3rica.<\/p>\n<p>A Conven\u00e7\u00e3o sobre o Apartheid estabelece em seu 2\u00aa artigo que \u201catos desumanos cometidos com o fim de instituir e manter a domina\u00e7\u00e3o de um grupo racial de pessoas sobre qualquer outro grupo racial de pessoas e de oprimi-lo sistematicamente\u201d \u00e9 definido como apartheid.<\/p>\n<p>J\u00e1 a Conven\u00e7\u00e3o de Genebra determina que a pot\u00eancia ocupante n\u00e3o tem o direito de destruir bens individuais ou coletivos a menos que, em extrema necessidade, seja por motivos militares. Mas o que vemos \u00e9 a expans\u00e3o cont\u00ednua de assentamentos para colonos israelenses. De acordo com um relat\u00f3rio do Comit\u00ea Israelense Contra as Demoli\u00e7\u00f5es, de 1967 at\u00e9 2009, Israel havia demolido 24145 habita\u00e7\u00f5es. De l\u00e1 pra c\u00e1, o n\u00famero s\u00f3 cresceu. Al\u00e9m disso, os recursos h\u00eddricos s\u00e3o restringidos, bem como a locomo\u00e7\u00e3o \u00e9 dificultada nos territ\u00f3rios ocupados. Gaza vive sob cerco militar e tem at\u00e9 mesmo o acesso a alimentos delimitado por Israel.<\/p>\n<p><strong>Apoi<\/strong><strong>o<\/strong>\u00a0\u2013 No ato de S\u00e3o Paulo, a professora Flavia Bischain, representando a CSP-Conlutas, expressou solidariedade de classe aos palestinos em luta. \u201cIsrael n\u00e3o s\u00f3 nasceu como um estado racista, como continua sendo at\u00e9 hoje. E \u00e9 por isso que esse estado n\u00e3o pode existir. Os trabalhadores de todo o mundo precisam se levantar. Vale lembrar que essa resist\u00eancia se d\u00e1 tamb\u00e9m contra a Autoridade Nacional Palestina, que ao reconhecer o estado de Israel se torna c\u00famplice e conivente. Quando os professores palestinos deram um exemplo de luta, e estiveram cerca de um m\u00eas em greve, a autoridade palestina tamb\u00e9m os reprimiu. N\u00f3s queremos uma Palestina livre e laica, e defendemos boicote ao estado de Israel e o fim do estado genocida\u201d, interveio.<\/p>\n<p>&nbsp;<\/p>\n<div id=\"gallery-1\" class=\"gallery galleryid-147426 gallery-columns-2 gallery-size-thumbnail\">\n<dl class=\"gallery-item\">\n<dt class=\"gallery-icon landscape\"><a href=\"http:\/\/cspconlutas.org.br\/2018\/05\/ato-em-sp-denuncia-massacre-contra-palestinos-e-cobertura-midiatica-tendenciosa\/01-16\/\"><img loading=\"lazy\" decoding=\"async\" class=\"attachment-thumbnail size-thumbnail\" src=\"http:\/\/cspconlutas.org.br\/wp-content\/uploads\/2018\/05\/01-150x150.jpg\" sizes=\"(max-width: 150px) 100vw, 150px\" srcset=\"http:\/\/cspconlutas.org.br\/wp-content\/uploads\/2018\/05\/01-150x150.jpg 150w, http:\/\/cspconlutas.org.br\/wp-content\/uploads\/2018\/05\/01-65x65.jpg 65w\" alt=\"\" width=\"150\" height=\"150\" \/><\/a><\/dt>\n<\/dl>\n<dl class=\"gallery-item\">\n<dt class=\"gallery-icon landscape\"><a href=\"http:\/\/cspconlutas.org.br\/2018\/05\/ato-em-sp-denuncia-massacre-contra-palestinos-e-cobertura-midiatica-tendenciosa\/02-16\/\"><img loading=\"lazy\" decoding=\"async\" class=\"attachment-thumbnail size-thumbnail\" src=\"http:\/\/cspconlutas.org.br\/wp-content\/uploads\/2018\/05\/02-150x150.jpg\" sizes=\"(max-width: 150px) 100vw, 150px\" srcset=\"http:\/\/cspconlutas.org.br\/wp-content\/uploads\/2018\/05\/02-150x150.jpg 150w, http:\/\/cspconlutas.org.br\/wp-content\/uploads\/2018\/05\/02-65x65.jpg 65w\" alt=\"\" width=\"150\" height=\"150\" \/><\/a><\/dt>\n<\/dl>\n<dl class=\"gallery-item\">\n<dt class=\"gallery-icon landscape\"><a href=\"http:\/\/cspconlutas.org.br\/2018\/05\/ato-em-sp-denuncia-massacre-contra-palestinos-e-cobertura-midiatica-tendenciosa\/03-13\/\"><img loading=\"lazy\" decoding=\"async\" class=\"attachment-thumbnail size-thumbnail\" src=\"http:\/\/cspconlutas.org.br\/wp-content\/uploads\/2018\/05\/03-150x150.jpg\" sizes=\"(max-width: 150px) 100vw, 150px\" srcset=\"http:\/\/cspconlutas.org.br\/wp-content\/uploads\/2018\/05\/03-150x150.jpg 150w, http:\/\/cspconlutas.org.br\/wp-content\/uploads\/2018\/05\/03-65x65.jpg 65w\" alt=\"\" width=\"150\" height=\"150\" \/><\/a><\/dt>\n<\/dl>\n<dl class=\"gallery-item\">\n<dt class=\"gallery-icon landscape\"><a href=\"http:\/\/cspconlutas.org.br\/2018\/05\/ato-em-sp-denuncia-massacre-contra-palestinos-e-cobertura-midiatica-tendenciosa\/04-11\/\"><img loading=\"lazy\" decoding=\"async\" class=\"attachment-thumbnail size-thumbnail\" src=\"http:\/\/cspconlutas.org.br\/wp-content\/uploads\/2018\/05\/04-150x150.jpg\" sizes=\"(max-width: 150px) 100vw, 150px\" srcset=\"http:\/\/cspconlutas.org.br\/wp-content\/uploads\/2018\/05\/04-150x150.jpg 150w, http:\/\/cspconlutas.org.br\/wp-content\/uploads\/2018\/05\/04-65x65.jpg 65w\" alt=\"\" width=\"150\" height=\"150\" \/><\/a><\/dt>\n<\/dl>\n<dl class=\"gallery-item\">\n<dt class=\"gallery-icon landscape\"><a href=\"http:\/\/cspconlutas.org.br\/2018\/05\/ato-em-sp-denuncia-massacre-contra-palestinos-e-cobertura-midiatica-tendenciosa\/05-7\/\"><img loading=\"lazy\" decoding=\"async\" class=\"attachment-thumbnail size-thumbnail\" src=\"http:\/\/cspconlutas.org.br\/wp-content\/uploads\/2018\/05\/05-150x150.jpg\" sizes=\"(max-width: 150px) 100vw, 150px\" srcset=\"http:\/\/cspconlutas.org.br\/wp-content\/uploads\/2018\/05\/05-150x150.jpg 150w, http:\/\/cspconlutas.org.br\/wp-content\/uploads\/2018\/05\/05-65x65.jpg 65w\" alt=\"\" width=\"150\" height=\"150\" \/><\/a><\/dt>\n<\/dl>\n<dl class=\"gallery-item\">\n<dt class=\"gallery-icon landscape\"><a href=\"http:\/\/cspconlutas.org.br\/2018\/05\/ato-em-sp-denuncia-massacre-contra-palestinos-e-cobertura-midiatica-tendenciosa\/06-3\/\"><img loading=\"lazy\" decoding=\"async\" class=\"attachment-thumbnail size-thumbnail\" src=\"http:\/\/cspconlutas.org.br\/wp-content\/uploads\/2018\/05\/06-150x150.jpg\" sizes=\"(max-width: 150px) 100vw, 150px\" srcset=\"http:\/\/cspconlutas.org.br\/wp-content\/uploads\/2018\/05\/06-150x150.jpg 150w, http:\/\/cspconlutas.org.br\/wp-content\/uploads\/2018\/05\/06-65x65.jpg 65w\" alt=\"\" width=\"150\" height=\"150\" \/><\/a><\/dt>\n<\/dl>\n<dl class=\"gallery-item\">\n<dt class=\"gallery-icon landscape\"><a href=\"http:\/\/cspconlutas.org.br\/2018\/05\/ato-em-sp-denuncia-massacre-contra-palestinos-e-cobertura-midiatica-tendenciosa\/attachment\/07\/\"><img loading=\"lazy\" decoding=\"async\" class=\"attachment-thumbnail size-thumbnail\" src=\"http:\/\/cspconlutas.org.br\/wp-content\/uploads\/2018\/05\/07-150x150.jpg\" sizes=\"(max-width: 150px) 100vw, 150px\" srcset=\"http:\/\/cspconlutas.org.br\/wp-content\/uploads\/2018\/05\/07-150x150.jpg 150w, http:\/\/cspconlutas.org.br\/wp-content\/uploads\/2018\/05\/07-65x65.jpg 65w\" alt=\"\" width=\"150\" height=\"150\" \/><\/a><\/dt>\n<\/dl>\n<dl class=\"gallery-item\">\n<dt class=\"gallery-icon landscape\"><a href=\"http:\/\/cspconlutas.org.br\/2018\/05\/ato-em-sp-denuncia-massacre-contra-palestinos-e-cobertura-midiatica-tendenciosa\/attachment\/08\/\"><img loading=\"lazy\" decoding=\"async\" class=\"attachment-thumbnail size-thumbnail\" src=\"http:\/\/cspconlutas.org.br\/wp-content\/uploads\/2018\/05\/08-150x150.jpg\" sizes=\"(max-width: 150px) 100vw, 150px\" srcset=\"http:\/\/cspconlutas.org.br\/wp-content\/uploads\/2018\/05\/08-150x150.jpg 150w, http:\/\/cspconlutas.org.br\/wp-content\/uploads\/2018\/05\/08-65x65.jpg 65w\" alt=\"\" width=\"150\" height=\"150\" \/><\/a><\/dt>\n<\/dl>\n<dl class=\"gallery-item\">\n<dt class=\"gallery-icon landscape\"><a href=\"http:\/\/cspconlutas.org.br\/2018\/05\/ato-em-sp-denuncia-massacre-contra-palestinos-e-cobertura-midiatica-tendenciosa\/attachment\/09\/\"><img loading=\"lazy\" decoding=\"async\" class=\"attachment-thumbnail size-thumbnail\" src=\"http:\/\/cspconlutas.org.br\/wp-content\/uploads\/2018\/05\/09-150x150.jpg\" sizes=\"(max-width: 150px) 100vw, 150px\" srcset=\"http:\/\/cspconlutas.org.br\/wp-content\/uploads\/2018\/05\/09-150x150.jpg 150w, http:\/\/cspconlutas.org.br\/wp-content\/uploads\/2018\/05\/09-65x65.jpg 65w\" alt=\"\" width=\"150\" height=\"150\" \/><\/a><\/dt>\n<\/dl>\n<dl class=\"gallery-item\">\n<dt class=\"gallery-icon landscape\"><a href=\"http:\/\/cspconlutas.org.br\/2018\/05\/ato-em-sp-denuncia-massacre-contra-palestinos-e-cobertura-midiatica-tendenciosa\/10-2\/\"><img loading=\"lazy\" decoding=\"async\" class=\"attachment-thumbnail size-thumbnail\" src=\"http:\/\/cspconlutas.org.br\/wp-content\/uploads\/2018\/05\/10-150x150.jpg\" sizes=\"(max-width: 150px) 100vw, 150px\" srcset=\"http:\/\/cspconlutas.org.br\/wp-content\/uploads\/2018\/05\/10-150x150.jpg 150w, http:\/\/cspconlutas.org.br\/wp-content\/uploads\/2018\/05\/10-65x65.jpg 65w\" alt=\"\" width=\"150\" height=\"150\" \/><\/a><\/dt>\n<\/dl>\n<\/div>\n<p>&nbsp;<\/p>\n<p>As campanhas de BDS s\u00e3o uma importante estrat\u00e9gia de luta em defesa dos palestinos Significa romper os v\u00ednculos o apartheid israelense, estimular o boicote a empresas ou produtos \u00a0conectados com as viola\u00e7\u00f5es dos direitos humanos na Palestina. \u00a0O Brasil \u00e9 o quinto maior comprador de armas de empresas israelenses.<\/p>\n<p>\u201cAs armas de Israel s\u00e3o testadas neles e depois s\u00e3o vendidas para o mundo todo. Por isso, al\u00e9m do fim do massacre, exigimos embargo militar a Israel\u201d, conclui Soraya.<\/p>\n<p>A interven\u00e7\u00e3o federal no Rio de Janeiro e a repress\u00e3o contra o povo palestino t\u00eam muito em comum. Isso porque desde 2017 o Ex\u00e9rcito Brasileiro gastou mais de R$ 6 bilh\u00f5es em compras de blindados israelenses para os pr\u00f3ximos anos. Sentimos j\u00e1 em 2014 e 2016 o peso dessa rela\u00e7\u00e3o b\u00e9lica comercial entre Brasil e Israel. Boa parte dos equipamentos de repress\u00e3o contra as manifesta\u00e7\u00f5es de protesto nas \u00e9pocas da Copa do Mundo e dos Jogos Ol\u00edmpicos foram importados pelas For\u00e7as Armadas israelenses.<\/p>\n<p>A CSP-Conlutas se junta ao chamado pela Campanha de BDS e expressa apoio aos palestinos que lutam h\u00e1 70 anos pelo direito leg\u00edtimo de retorno e de viver dignamente em suas terras.<\/p>\n<p>Como parte concreta do apoio, a Central aprovou em Coordena\u00e7\u00e3o Nacional boicote contra a Central Sindical israelense Histadrut, bem como envia delega\u00e7\u00f5es e estreita rela\u00e7\u00f5es e lutas com organiza\u00e7\u00f5es palestinas de trabalhadores que comp\u00f5em a Rede Sindical Internacional de Solidariedade e Lutas.<\/p>\n<p>Seguiremos juntos ao povo palestino. Por uma Palestina Livre, do rio ao mar!<\/p>\n","protected":false},"excerpt":{"rendered":"<p>Nesta quarta-feira, 15 de Maio, manifestantes no mundo inteiro realizaram demonstra\u00e7\u00f5es de apoio ao povo palestino. No Brasil, em S\u00e3o<\/p>\n","protected":false},"author":1,"featured_media":1918,"comment_status":"closed","ping_status":"open","sticky":false,"template":"","format":"standard","meta":{"colormag_page_container_layout":"default_layout","colormag_page_sidebar_layout":"default_layout","footnotes":""},"categories":[5],"tags":[369,175,327],"class_list":["post-1917","post","type-post","status-publish","format-standard","has-post-thumbnail","hentry","category-noticias","tag-israel","tag-ocupacao","tag-palestina"],"_links":{"self":[{"href":"https:\/\/www.secpf.com.br\/site\/wp-json\/wp\/v2\/posts\/1917","targetHints":{"allow":["GET"]}}],"collection":[{"href":"https:\/\/www.secpf.com.br\/site\/wp-json\/wp\/v2\/posts"}],"about":[{"href":"https:\/\/www.secpf.com.br\/site\/wp-json\/wp\/v2\/types\/post"}],"author":[{"embeddable":true,"href":"https:\/\/www.secpf.com.br\/site\/wp-json\/wp\/v2\/users\/1"}],"replies":[{"embeddable":true,"href":"https:\/\/www.secpf.com.br\/site\/wp-json\/wp\/v2\/comments?post=1917"}],"version-history":[{"count":1,"href":"https:\/\/www.secpf.com.br\/site\/wp-json\/wp\/v2\/posts\/1917\/revisions"}],"predecessor-version":[{"id":1919,"href":"https:\/\/www.secpf.com.br\/site\/wp-json\/wp\/v2\/posts\/1917\/revisions\/1919"}],"wp:featuredmedia":[{"embeddable":true,"href":"https:\/\/www.secpf.com.br\/site\/wp-json\/wp\/v2\/media\/1918"}],"wp:attachment":[{"href":"https:\/\/www.secpf.com.br\/site\/wp-json\/wp\/v2\/media?parent=1917"}],"wp:term":[{"taxonomy":"category","embeddable":true,"href":"https:\/\/www.secpf.com.br\/site\/wp-json\/wp\/v2\/categories?post=1917"},{"taxonomy":"post_tag","embeddable":true,"href":"https:\/\/www.secpf.com.br\/site\/wp-json\/wp\/v2\/tags?post=1917"}],"curies":[{"name":"wp","href":"https:\/\/api.w.org\/{rel}","templated":true}]}}