{"id":1920,"date":"2018-05-19T17:40:58","date_gmt":"2018-05-19T20:40:58","guid":{"rendered":"http:\/\/www.secpf.com.br\/site\/?p=1920"},"modified":"2018-05-19T17:41:56","modified_gmt":"2018-05-19T20:41:56","slug":"parecer-de-escola-sem-partido-mantem-censura-e-destruicao-da-escola-publica","status":"publish","type":"post","link":"https:\/\/www.secpf.com.br\/site\/parecer-de-escola-sem-partido-mantem-censura-e-destruicao-da-escola-publica\/","title":{"rendered":"Parecer de Escola Sem Partido mant\u00e9m censura e destrui\u00e7\u00e3o da escola p\u00fablica"},"content":{"rendered":"<p>O projeto de educa\u00e7\u00e3o p\u00fablica, laica e de qualidade sofre mais um ataque. A censura aos educadores em assuntos como pol\u00edtica, g\u00eanero e orienta\u00e7\u00e3o sexual est\u00e1 mantida no parecer apresentado,\u00a0no \u00faltimo dia 8, na Comiss\u00e3o Especial que analisa o Projeto de Lei 7180\/14, da \u201cEscola Sem Partido\u201d, por seu relator, o deputado Flavinho (PSC-SP).<\/p>\n<p>O parecer\u00a0\u00e9 favor\u00e1vel ao projeto, que altera a LDB (Lei de Diretrizes e Bases da Educa\u00e7\u00e3o). Desta forma, reitera a diretriz que pretende evitar que professores manifestem algum posicionamento pol\u00edtico em sala de aula. Defende tamb\u00e9m que a educa\u00e7\u00e3o sexual, moral e religiosa deve ficar a cargo da fam\u00edlia e n\u00e3o das institui\u00e7\u00f5es de ensino.<\/p>\n<p>O projeto prev\u00ea ainda que cada sala de aula ter\u00e1 um cartaz com seis deveres do professor para lembrar os docentes dessas restri\u00e7\u00f5es tem\u00e1ticas, entre elas est\u00e1 \u201cn\u00e3o estimular os alunos a participarem de manifesta\u00e7\u00f5es pol\u00edticas\u201d.<\/p>\n<p>Em resumo, o nome \u201d escola sem partido\u201d, na verdade, \u00e9 uma manobra dos setores conservadores para tentar ganhar o apoio da popula\u00e7\u00e3o, mas o que eles querem na verdade \u00e9 a \u201cescola do partido \u00fanico\u201d, do partido dos poderosos de sempre, para impor uma morda\u00e7a em professores e alunos e impedir o pensamento cr\u00edtico e o debate democr\u00e1ticos nas escolas.<\/p>\n<p>Ap\u00f3s receber o relat\u00f3rio, a comiss\u00e3o especial respons\u00e1vel por analisar o tema tem prazo de cinco sess\u00f5es pra discuti-lo, s\u00f3 ent\u00e3o ocorrer\u00e1 a vota\u00e7\u00e3o na C\u00e2mara dos Deputados. Em caso de aprova\u00e7\u00e3o da lei, a entrada em vigor acontece depois de dois anos.<\/p>\n<p><strong>Manter mobiliza\u00e7\u00f5es na Educa\u00e7\u00e3o<\/strong><\/p>\n<p>A CSP-Conlutas integra com diversas entidades a Frente Escola Sem Morda\u00e7a, que defende uma educa\u00e7\u00e3o de qualidade, livre, democr\u00e1tica, laica e sem censura.<\/p>\n<p>Para a professora Joaninha Oliveira, dirigente da SEN (Secretaria Executiva Nacional) da CSP-Conlutas, al\u00e9m de impor a censura \u00e0 educa\u00e7\u00e3o, o que j\u00e1 \u00e9 crime por si s\u00f3, esse projeto vai al\u00e9m. \u201cO projeto Escola Sem Partido, al\u00e9m de impor brutal censura \u00e0 educa\u00e7\u00e3o de qualidade no pa\u00eds, visa quebrar a organiza\u00e7\u00e3o e a luta dos profissionais da educa\u00e7\u00e3o com suas restri\u00e7\u00f5es\u201d, ressalta.<\/p>\n<p><a href=\"http:\/\/cspconlutas.org.br\/wp-content\/uploads\/2018\/05\/sos-educa%C3%A7%C3%A3o-sp-1.jpg\"><img fetchpriority=\"high\" decoding=\"async\" class=\"wp-image-147452\" src=\"http:\/\/cspconlutas.org.br\/wp-content\/uploads\/2018\/05\/sos-educa%C3%A7%C3%A3o-sp-1-300x150.jpg\" sizes=\"(max-width: 400px) 100vw, 400px\" srcset=\"http:\/\/cspconlutas.org.br\/wp-content\/uploads\/2018\/05\/sos-educa\u00e7\u00e3o-sp-1-300x150.jpg 300w, http:\/\/cspconlutas.org.br\/wp-content\/uploads\/2018\/05\/sos-educa\u00e7\u00e3o-sp-1-768x384.jpg 768w, http:\/\/cspconlutas.org.br\/wp-content\/uploads\/2018\/05\/sos-educa\u00e7\u00e3o-sp-1-1024x512.jpg 1024w, http:\/\/cspconlutas.org.br\/wp-content\/uploads\/2018\/05\/sos-educa\u00e7\u00e3o-sp-1.jpg 1200w\" alt=\"\" width=\"400\" height=\"200\" \/><\/a><\/p>\n<p>\u201cA manuten\u00e7\u00e3o dessas mobiliza\u00e7\u00f5es e organiza\u00e7\u00e3o de novas lutas s\u00e3o fundamentais para impedirmos a aprova\u00e7\u00e3o de tal projeto, que \u00e9 um ataque \u00e0 educa\u00e7\u00e3o p\u00fablica, democr\u00e1tica, laica e de qualidade no pa\u00eds\u201d, refor\u00e7a Joaninha, citando tamb\u00e9m as greves que aconteceram em Minas Gerais, Rio Grande do Sul, Rio Grande do Norte e outros estados e que acontece em Recife (PE).<\/p>\n<p><strong>3\u00b0 ENE acontece em agosto<\/strong><\/p>\n<p>Diversas entidades sindicais nacionais e movimentos estudantis que comp\u00f5em a Coordena\u00e7\u00e3o Nacional de Entidades Em Defesa da Educa\u00e7\u00e3o P\u00fablica e Gratuita (Conedep) realizar\u00e3o, nos dias 3, 4 e 5 de agosto, o 3\u00b0 Encontro Nacional da Educa\u00e7\u00e3o que ter\u00e1 entre os debates a resist\u00eancia ao PL da Escola Sem Partido.<\/p>\n<p>Entre outros temas, tamb\u00e9m ser\u00e3o debatidos o Capitalismo e Educa\u00e7\u00e3o, a Luta pela Educa\u00e7\u00e3o P\u00fablica no Brasil, as lutas e experi\u00eancias de Educa\u00e7\u00e3o Popular no Brasil e ser\u00e3o realizados grupos de trabalho sobre tais temas para vota\u00e7\u00e3o de um projeto classista e democr\u00e1tico de educa\u00e7\u00e3o.<\/p>\n<p>&nbsp;<\/p>\n","protected":false},"excerpt":{"rendered":"<p>O projeto de educa\u00e7\u00e3o p\u00fablica, laica e de qualidade sofre mais um ataque. A censura aos educadores em assuntos como<\/p>\n","protected":false},"author":1,"featured_media":1921,"comment_status":"closed","ping_status":"open","sticky":false,"template":"","format":"standard","meta":{"colormag_page_container_layout":"default_layout","colormag_page_sidebar_layout":"default_layout","footnotes":""},"categories":[5],"tags":[61,209,110],"class_list":["post-1920","post","type-post","status-publish","format-standard","has-post-thumbnail","hentry","category-noticias","tag-educacao","tag-escola-sem-partido","tag-professores"],"_links":{"self":[{"href":"https:\/\/www.secpf.com.br\/site\/wp-json\/wp\/v2\/posts\/1920","targetHints":{"allow":["GET"]}}],"collection":[{"href":"https:\/\/www.secpf.com.br\/site\/wp-json\/wp\/v2\/posts"}],"about":[{"href":"https:\/\/www.secpf.com.br\/site\/wp-json\/wp\/v2\/types\/post"}],"author":[{"embeddable":true,"href":"https:\/\/www.secpf.com.br\/site\/wp-json\/wp\/v2\/users\/1"}],"replies":[{"embeddable":true,"href":"https:\/\/www.secpf.com.br\/site\/wp-json\/wp\/v2\/comments?post=1920"}],"version-history":[{"count":1,"href":"https:\/\/www.secpf.com.br\/site\/wp-json\/wp\/v2\/posts\/1920\/revisions"}],"predecessor-version":[{"id":1922,"href":"https:\/\/www.secpf.com.br\/site\/wp-json\/wp\/v2\/posts\/1920\/revisions\/1922"}],"wp:featuredmedia":[{"embeddable":true,"href":"https:\/\/www.secpf.com.br\/site\/wp-json\/wp\/v2\/media\/1921"}],"wp:attachment":[{"href":"https:\/\/www.secpf.com.br\/site\/wp-json\/wp\/v2\/media?parent=1920"}],"wp:term":[{"taxonomy":"category","embeddable":true,"href":"https:\/\/www.secpf.com.br\/site\/wp-json\/wp\/v2\/categories?post=1920"},{"taxonomy":"post_tag","embeddable":true,"href":"https:\/\/www.secpf.com.br\/site\/wp-json\/wp\/v2\/tags?post=1920"}],"curies":[{"name":"wp","href":"https:\/\/api.w.org\/{rel}","templated":true}]}}