{"id":1924,"date":"2018-05-28T09:39:16","date_gmt":"2018-05-28T12:39:16","guid":{"rendered":"http:\/\/www.secpf.com.br\/site\/?p=1924"},"modified":"2018-05-29T09:44:12","modified_gmt":"2018-05-29T12:44:12","slug":"desemprego-bate-novo-recorde-segundo-ibge-28-milhoes-querem-trabalhar-mas-nao-conseguem","status":"publish","type":"post","link":"https:\/\/www.secpf.com.br\/site\/desemprego-bate-novo-recorde-segundo-ibge-28-milhoes-querem-trabalhar-mas-nao-conseguem\/","title":{"rendered":"Desemprego bate novo recorde: segundo IBGE, 28 milh\u00f5es querem trabalhar, mas n\u00e3o conseguem"},"content":{"rendered":"<p>Os dados divulgados ontem (17) pelo IBGE (Instituto Brasileiro de Geografia e Estat\u00edstica) revelam um quadro desolador do mercado de trabalho no Brasil. Segundo a Pnad Cont\u00ednua (Pesquisa Nacional por Amostra de Domic\u00edlios Cont\u00ednua), 27,7 milh\u00f5es de pessoas est\u00e3o desempregadas no pa\u00eds. \u00c9 o maior \u00edndice da s\u00e9rie hist\u00f3rica da pesquisa, iniciada em 2012.<\/p>\n<p><a href=\"http:\/\/cspconlutas.org.br\/wp-content\/uploads\/2018\/05\/pnad.jpg\"><img fetchpriority=\"high\" decoding=\"async\" class=\"wp-image-147495 aligncenter\" src=\"http:\/\/cspconlutas.org.br\/wp-content\/uploads\/2018\/05\/pnad-300x200.jpg\" sizes=\"(max-width: 400px) 100vw, 400px\" srcset=\"http:\/\/cspconlutas.org.br\/wp-content\/uploads\/2018\/05\/pnad-300x200.jpg 300w, http:\/\/cspconlutas.org.br\/wp-content\/uploads\/2018\/05\/pnad-768x512.jpg 768w, http:\/\/cspconlutas.org.br\/wp-content\/uploads\/2018\/05\/pnad-1024x683.jpg 1024w, http:\/\/cspconlutas.org.br\/wp-content\/uploads\/2018\/05\/pnad.jpg 1500w\" alt=\"\" width=\"400\" height=\"267\" \/><\/a><\/p>\n<p>Os dados, do primeiro trimestre de 2018, referem-se \u00e0 taxa de subutiliza\u00e7\u00e3o da for\u00e7a de trabalho (que inclui os desempregados, os subocupados por insufici\u00eancia de horas e aqueles que desistiram de procurar emprego). Em rela\u00e7\u00e3o ao 4\u00ba trimestre de 2017, a taxa de desocupa\u00e7\u00e3o subiu em todas as regi\u00f5es do pa\u00eds.<\/p>\n<p>No caso dos chamados \u201cdesalentados\u201d, ou seja, os trabalhadores que est\u00e3o fora do mercado de trabalho e deixaram de procurar emprego por n\u00e3o conseguirem nenhuma oportunidade h\u00e1 muito tempo, o n\u00famero tamb\u00e9m \u00e9 recorde. Segundo o IBGE, a taxa de desalento ficou em 4,1% da for\u00e7a de trabalho ampliada do Brasil, a maior da s\u00e9rie hist\u00f3rica. S\u00e3o 4,6 milh\u00f5es de pessoas nessa situa\u00e7\u00e3o.<\/p>\n<p>A taxa de subocupa\u00e7\u00e3o por insufici\u00eancia de horas trabalhadas, ou seja, pessoas que gostariam de trabalhar em um per\u00edodo maior, mas n\u00e3o tinham trabalho \u00e0 disposi\u00e7\u00e3o, representa 6,2 milh\u00f5es de trabalhadores.<\/p>\n<p><strong>Mulheres e negros(as) nas piores condi\u00e7\u00f5es<\/strong><\/p>\n<p>Refletindo o quadro perverso onde o machismo e o racismo servem para aumentar a explora\u00e7\u00e3o e a opress\u00e3o sobre a classe trabalhadora, mulheres e negros(as) s\u00e3o maioria nessa realidade.<\/p>\n<p>No primeiro trimestre de 2018, as mulheres eram maioria na popula\u00e7\u00e3o em idade de trabalhar tanto no Brasil (52,4%). Por\u00e9m, o n\u00edvel da ocupa\u00e7\u00e3o dos homens, foi estimado em 63,6% e o das mulheres, em 44,5%, no primeiro trimestre de 2018. J\u00e1 na popula\u00e7\u00e3o desocupada, as mulheres eram maioria (50,9%).<\/p>\n<p>A taxa de desemprego dos que se declararam brancos ficou em 10,5% no 1\u00ba trimestre, abaixo da m\u00e9dia nacional (13,1%), enquanto a dos pretos (16,0%) e a dos pardos (15,1%) ficou acima. Os pardos representavam 48,1% da popula\u00e7\u00e3o fora da for\u00e7a, seguidos pelos brancos (42,5%) e pelos pretos (8,4%).<\/p>\n<p><strong>Resultado das pol\u00edticas de ajuste e ataques<\/strong><\/p>\n<p>Segundo o integrante da Secretaria Executiva Nacional da CSP- Conlutas, Paulo Barela, o drama dos trabalhadores brasileiros \u00e9 resultado das pol\u00edticas de ajuste que os governos v\u00eam aplicando no pa\u00eds.<\/p>\n<p>\u201cAo analisar a pesquisa do IBGE, podemos verificar que desde 2012, ou seja, com Dilma (PT) e Temer (MDB), o mercado de trabalho passa a sentir com mais for\u00e7a os efeitos da crise e de pol\u00edticas econ\u00f4micas, em que vemos o governo privilegiar os lucros de grandes empres\u00e1rios, banqueiros e ruralistas, enquanto para os trabalhadores aumentaram os ataques contra os direitos e a precariza\u00e7\u00e3o das condi\u00e7\u00f5es de trabalho. Esse quadro de desemprego \u00e9 consequ\u00eancia dessa situa\u00e7\u00e3o\u201d, disse.<\/p>\n<p>\u201cNo recente 3\u00b0 Congresso da CSP-Conlutas avaliamos essa guerra social que governos e patr\u00f5es t\u00eam feito contra os trabalhadores e apontamos que o caminho \u00e9 a luta. Os trabalhadores precisam lutar para mudar essa l\u00f3gica. Nesse sentido, lutar por medidas como a revoga\u00e7\u00e3o da lei da terceiriza\u00e7\u00e3o e Reforma Trabalhista, a redu\u00e7\u00e3o da jornada de trabalho, sem redu\u00e7\u00e3o de sal\u00e1rio, a proibi\u00e7\u00e3o das demiss\u00f5es, a suspens\u00e3o do pagamento da D\u00edvida P\u00fablica, etc. Os patr\u00f5es \u00e9 que devem pagar pela crise que criaram\u201d, concluiu Barela.<\/p>\n<p>&nbsp;<\/p>\n<p><em>Informa\u00e7\u00f5es: IBGE<\/em><\/p>\n<p><a href=\"http:\/\/cspconlutas.org.br\/wp-content\/uploads\/2018\/05\/tabela-IBGE.jpg\"><img decoding=\"async\" class=\"alignnone wp-image-147496\" src=\"http:\/\/cspconlutas.org.br\/wp-content\/uploads\/2018\/05\/tabela-IBGE.jpg\" sizes=\"(max-width: 490px) 100vw, 490px\" srcset=\"http:\/\/cspconlutas.org.br\/wp-content\/uploads\/2018\/05\/tabela-IBGE.jpg 809w, http:\/\/cspconlutas.org.br\/wp-content\/uploads\/2018\/05\/tabela-IBGE-300x281.jpg 300w, http:\/\/cspconlutas.org.br\/wp-content\/uploads\/2018\/05\/tabela-IBGE-768x719.jpg 768w\" alt=\"\" width=\"490\" height=\"459\" \/><\/a><\/p>\n<p>&nbsp;<\/p>\n<p>&nbsp;<\/p>\n<p>&nbsp;<\/p>\n<p>&nbsp;<\/p>\n","protected":false},"excerpt":{"rendered":"<p>Os dados divulgados ontem (17) pelo IBGE (Instituto Brasileiro de Geografia e Estat\u00edstica) revelam um quadro desolador do mercado de<\/p>\n","protected":false},"author":1,"featured_media":1925,"comment_status":"closed","ping_status":"open","sticky":false,"template":"","format":"standard","meta":{"colormag_page_container_layout":"default_layout","colormag_page_sidebar_layout":"default_layout","footnotes":""},"categories":[5],"tags":[148,113,190],"class_list":["post-1924","post","type-post","status-publish","format-standard","has-post-thumbnail","hentry","category-noticias","tag-crise","tag-desemprego","tag-temer"],"_links":{"self":[{"href":"https:\/\/www.secpf.com.br\/site\/wp-json\/wp\/v2\/posts\/1924","targetHints":{"allow":["GET"]}}],"collection":[{"href":"https:\/\/www.secpf.com.br\/site\/wp-json\/wp\/v2\/posts"}],"about":[{"href":"https:\/\/www.secpf.com.br\/site\/wp-json\/wp\/v2\/types\/post"}],"author":[{"embeddable":true,"href":"https:\/\/www.secpf.com.br\/site\/wp-json\/wp\/v2\/users\/1"}],"replies":[{"embeddable":true,"href":"https:\/\/www.secpf.com.br\/site\/wp-json\/wp\/v2\/comments?post=1924"}],"version-history":[{"count":1,"href":"https:\/\/www.secpf.com.br\/site\/wp-json\/wp\/v2\/posts\/1924\/revisions"}],"predecessor-version":[{"id":1926,"href":"https:\/\/www.secpf.com.br\/site\/wp-json\/wp\/v2\/posts\/1924\/revisions\/1926"}],"wp:featuredmedia":[{"embeddable":true,"href":"https:\/\/www.secpf.com.br\/site\/wp-json\/wp\/v2\/media\/1925"}],"wp:attachment":[{"href":"https:\/\/www.secpf.com.br\/site\/wp-json\/wp\/v2\/media?parent=1924"}],"wp:term":[{"taxonomy":"category","embeddable":true,"href":"https:\/\/www.secpf.com.br\/site\/wp-json\/wp\/v2\/categories?post=1924"},{"taxonomy":"post_tag","embeddable":true,"href":"https:\/\/www.secpf.com.br\/site\/wp-json\/wp\/v2\/tags?post=1924"}],"curies":[{"name":"wp","href":"https:\/\/api.w.org\/{rel}","templated":true}]}}