{"id":1957,"date":"2018-06-28T13:57:09","date_gmt":"2018-06-28T16:57:09","guid":{"rendered":"http:\/\/www.secpf.com.br\/site\/?p=1957"},"modified":"2018-06-28T13:57:42","modified_gmt":"2018-06-28T16:57:42","slug":"a-politica-racista-de-trump-que-separa-e-prende-familias-que-migram-em-busca-de-dignidade","status":"publish","type":"post","link":"https:\/\/www.secpf.com.br\/site\/a-politica-racista-de-trump-que-separa-e-prende-familias-que-migram-em-busca-de-dignidade\/","title":{"rendered":"A pol\u00edtica racista de Trump que separa e prende fam\u00edlias que migram em busca de dignidade"},"content":{"rendered":"<div class=\"mceTemp\">\n<figure id=\"attachment_148337\" aria-describedby=\"caption-attachment-148337\" style=\"width: 461px\" class=\"wp-caption alignnone\"><a href=\"http:\/\/cspconlutas.org.br\/wp-content\/uploads\/2018\/06\/john.jpg\"><img fetchpriority=\"high\" decoding=\"async\" class=\"wp-image-148337\" src=\"http:\/\/cspconlutas.org.br\/wp-content\/uploads\/2018\/06\/john.jpg\" sizes=\"(max-width: 461px) 100vw, 461px\" srcset=\"http:\/\/cspconlutas.org.br\/wp-content\/uploads\/2018\/06\/john.jpg 480w, http:\/\/cspconlutas.org.br\/wp-content\/uploads\/2018\/06\/john-300x202.jpg 300w\" alt=\"\" width=\"461\" height=\"310\" \/><\/a><figcaption id=\"caption-attachment-148337\" class=\"wp-caption-text\">Crian\u00e7a que vinha com a m\u00e3e de Honduras \u00e9 detida pela pol\u00edcia | Foto: John Moore\/Getty Images<\/figcaption><\/figure>\n<\/div>\n<p>Uma menina de dois anos chora ao ter que sair do colo da m\u00e3e e ser colocada no ch\u00e3o, enquanto a policial de fronteira faz a revista e checa os documentos da migrante que vinha de Honduras.\u00a0A foto que registra o momento, capturada pelo fot\u00f3grafo John Moore, se tornou uma das imagens mais impactantes da atual situa\u00e7\u00e3o migrat\u00f3ria na fronteira com os Estados Unidos, depois que Trump endureceu as regras para entrada no pa\u00eds aos que buscam ref\u00fagio.<\/p>\n<p>A chamada pol\u00edtica de \u201ctoler\u00e2ncia zero\u201d de Trump separou mais de duas mil crian\u00e7as de suas fam\u00edlias, desse n\u00famero, segundo informa\u00e7\u00e3o dada pelo c\u00f4nsul-geral adjunto do Brasil em Houston, Felipe Santarosa, 49 delas s\u00e3o brasileiras.<\/p>\n<p>A informa\u00e7\u00e3o ainda \u00e9 vaga, com pouco detalhamento, nome ou localiza\u00e7\u00e3o exata dos menores.\u00a0Mesmo ap\u00f3s a confirma\u00e7\u00e3o de crian\u00e7as brasileiras vivendo em tal situa\u00e7\u00e3o, o governo Temer n\u00e3o deu nenhuma declara\u00e7\u00e3o a respeito.<\/p>\n<p><strong>Viola\u00e7\u00e3o dos direitos humanos \u2013<\/strong>\u00a0Os menores separados das fam\u00edlias s\u00e3o mantidos em gaiolas, dormem aos montes em colchonetes com mantas t\u00e9rmicas de alum\u00ednio.\u00a0 V\u00eddeos e fotos desses campos de migrantes circularam nos ve\u00edculos de comunica\u00e7\u00e3o e na internet nessa semana e chocaram o mundo. Para a popula\u00e7\u00e3o norte-americana esta \u00e9 mais uma das pol\u00edticas racistas de Trump.<\/p>\n<p>Uma pesquisa realizada pela Gallup revela que 75% da popula\u00e7\u00e3o acredita que a migra\u00e7\u00e3o \u00e9 boa para o pa\u00eds, e apenas 19% n\u00e3o considera de maneira positiva. Na quarta-feira (20), Trump assinou uma ordem executiva que altera as medidas contra os migrantes, mas que n\u00e3o resolve, do ponto de vista cidad\u00e3o e humanit\u00e1rio, o problema de migra\u00e7\u00e3o.<\/p>\n<p>A partir dessa recente ordem, quem atravessar a fronteira ser\u00e1 detido da mesma forma e crian\u00e7as n\u00e3o ser\u00e3o separadas de seus respons\u00e1veis. As condi\u00e7\u00f5es de deten\u00e7\u00e3o para essas pessoas, nem mesmo o tempo de pris\u00e3o, no entanto, n\u00e3o foram explicadas, e a medida n\u00e3o tem valor retroativo. Por isso, al\u00e9m de n\u00e3o definir o destino dos futuros migrantes, ainda fica a d\u00favida do que far\u00e3o com as milhares de crian\u00e7as detidas at\u00e9 o momento, sem qualquer tipo de comunica\u00e7\u00e3o com os familiares que respondem pelo crime federal no pa\u00eds.<\/p>\n<p>A ordem diz que as \u201cautoridades continuar\u00e3o processando criminalmente todos que cruzarem a fronteira ilegalmente, mas procurar\u00e3o encontrar ou construir instala\u00e7\u00f5es que possam manter fam\u00edlias \u2013 pais e filhos juntos \u2013 em vez de separ\u00e1-las enquanto suas casos s\u00e3o considerados pelos tribunais \u201d.<\/p>\n<figure id=\"attachment_148338\" aria-describedby=\"caption-attachment-148338\" style=\"width: 460px\" class=\"wp-caption alignnone\"><a href=\"http:\/\/cspconlutas.org.br\/wp-content\/uploads\/2018\/06\/John-Moore-Getty-Images-01.jpg\"><img decoding=\"async\" class=\"wp-image-148338\" src=\"http:\/\/cspconlutas.org.br\/wp-content\/uploads\/2018\/06\/John-Moore-Getty-Images-01.jpg\" sizes=\"(max-width: 460px) 100vw, 460px\" srcset=\"http:\/\/cspconlutas.org.br\/wp-content\/uploads\/2018\/06\/John-Moore-Getty-Images-01.jpg 800w, http:\/\/cspconlutas.org.br\/wp-content\/uploads\/2018\/06\/John-Moore-Getty-Images-01-300x169.jpg 300w, http:\/\/cspconlutas.org.br\/wp-content\/uploads\/2018\/06\/John-Moore-Getty-Images-01-768x432.jpg 768w\" alt=\"\" width=\"460\" height=\"259\" \/><\/a><figcaption id=\"caption-attachment-148338\" class=\"wp-caption-text\">Crian\u00e7as sofrem sem comunica\u00e7\u00e3o com seus familiares em centros para migrantes | Foto: John Moore \/ Getty Images<\/figcaption><\/figure>\n<p>O advogado norte-americano e ativista de direitos humanos, Dan Canon tem defendido o fim da pol\u00edcia de imigra\u00e7\u00e3o, a chamada ICE. Ele diz que as pessoas n\u00e3o t\u00eam ideia dos problemas que esse setor policial possui. \u201cA ICE, da maneira que existe hoje, \u00e9 uma ag\u00eancia dedicada somente a, de modo sistem\u00e1tico e cruel, destruir fam\u00edlias. Eles falam sobre e tratam seres humanos como animais. Eles invadem apartamentos ou locais de trabalho e levam as pessoas a milhas de dist\u00e2ncia de seus companheiros e suas crian\u00e7as\u201d, relatou ao jornal The Nation.<\/p>\n<p>A pol\u00edtica migrat\u00f3ria de Trump faz com que\u00a0 pais escutem os filhos na sala ao lado chorando e gritando por eles.\u00a0 Um caso dram\u00e1tico noticiado pelo jornal Washington Post traz a hist\u00f3ria de Marco Antonio Mu\u00f1oz, de 39 anos, detido na cidade de Granjeno, no Texas, quando foi separado da mulher e de seu filho de 3 anos. Em cust\u00f3dia, como \u00faltimo ato de desespero, Marco tirou a pr\u00f3pria vida. O caso tem sido abafado, mas a imprensa norte-americana tem noticiado a respeito e trazido \u00e0 tona o quanto pode ser destrutivo para as fam\u00edlias essa separa\u00e7\u00e3o t\u00e3o cruel.<\/p>\n<p><strong>Nenhum ser humano \u00e9 ilegal \u2013<\/strong>\u00a0O termo imigrante ilegal, por si s\u00f3, n\u00e3o deveria, por qualquer governo no mundo, ser considerado.\u00a0Entender a migra\u00e7\u00e3o como um direito das pessoas de ir e vir consta na Declara\u00e7\u00e3o Universal dos Direitos Humanos (1948): \u201cToda pessoa tem direito a circular livremente e a escolher resid\u00eancia no territ\u00f3rio de um Estado. Toda pessoa tem seu direito a sair de qualquer pa\u00eds, inclusive o seu, e regressar ao seu pa\u00eds\u201d. Portanto, migrar para onde haja condi\u00e7\u00f5es melhores de vida deveria ser um direito garantido pelo Estado.<\/p>\n<p>Mas o que Trump tenta implementar agora \u00e9 justamente parte de sua promessa de campanha eleitoral. Nesta quinta (21) o Congresso iniciou discuss\u00f5es sobre a aprova\u00e7\u00e3o de dois projetos de reforma migrat\u00f3ria, e o presidente ainda busca apoio para a vota\u00e7\u00e3o do or\u00e7amento para a constru\u00e7\u00e3o do muro na fronteira com o M\u00e9xico.<\/p>\n<p>Em outubro do ano passado, durante o 1\u00ba Encontro da Rede da Classe Trabalhadora das Am\u00e9ricas, a CSP-Conlutas organizou um painel sobre a \u201cAm\u00e9rica Latina contra o imperialismo e o governo Trump\u201d. Presente na atividade, o dirigente da\u00a0CNTE do M\u00e9xico (Coordena\u00e7\u00e3o Nacional de Trabalhadores em Educa\u00e7\u00e3o) Francisco Bravo, salientou que o endurecimento de leis e o aumento do racismo no pa\u00eds j\u00e1 vem de um processo longo e hist\u00f3rico, resgatando os problemas da gest\u00e3o de Barack Obama.<\/p>\n<p>Segundo ele, o povo se mostrou esperan\u00e7oso em Obama por ser um presidente negro. \u201cAs expectativas n\u00e3o foram atendidas e a resposta a isso foi a chegada de Trump. Em outros tempos, racionalmente, era impens\u00e1vel a chegada de algu\u00e9m como ele ao poder. Mas isso foi poss\u00edvel\u201d, avaliou.\u00a0O dirigente n\u00e3o deixou de comentar a respeito das rela\u00e7\u00f5es entre M\u00e9xico e Estados Unidos, relembrando o Tratado de Livre Com\u00e9rcio da Am\u00e9rica do Norte, em vigor desde 1994, e a submiss\u00e3o total do governo aos EUA.<\/p>\n<p><strong>Pol\u00edtica da barb\u00e1rie \u2013<\/strong>\u00a0Essas verdadeiras pris\u00f5es privadas s\u00e3o administradas pela ONG Southwest Key, que se diz humanit\u00e1ria, mas adota padr\u00f5es r\u00edgidos de relacionamento entre funcion\u00e1rios e crian\u00e7as, proibindo qualquer v\u00ednculo mais pr\u00f3ximo e, ainda \u00e9, conhecidamente, parte de uma ind\u00fastria bilion\u00e1ria que financia o presidente e que j\u00e1 recebeu mais de um bilh\u00e3o de d\u00f3lares em repasses federais.<\/p>\n<p>Nesse cen\u00e1rio, a crise migrat\u00f3ria n\u00e3o ser\u00e1 dos interesses dos governos uma vez que est\u00e3o todos a servi\u00e7o do capital e do imperialismo.\u00a0\u201cH\u00e1 anos os trabalhadores americanos e o mundo repudiam as pol\u00edticas dos diversos governos norte-americanos de repress\u00e3o e persegui\u00e7\u00e3o aos imigrantes. E com essa pol\u00edtica de deten\u00e7\u00e3o e separa\u00e7\u00e3o de crian\u00e7as, Trump demonstra a face mais cruel e b\u00e1rbara do capitalismo\u201d, destaca Herbert Claros, membro do setorial Internacional da CSP-Conlutas.<\/p>\n<p>A CSP-Conlutas realizou recentemente uma caravana a Roraima de apoio aos refugiados venezuelanos, e segue em campanha permanente pelo direito de migrar a todos os povos que buscam melhores condi\u00e7\u00f5es de vida. Total solidariedade \u00e0s centenas de fam\u00edlias que vivem o terror da separa\u00e7\u00e3o de seus entes queridos e em situa\u00e7\u00e3o de vulnerabilidade. Migrar n\u00e3o \u00e9 crime. Migrar \u00e9 um direito!<\/p>\n<p>&nbsp;<\/p>\n<p>Fonte: <a href=\"http:\/\/cspconlutas.org.br\/2018\/06\/a-politica-racista-de-trump-que-separa-e-prende-familias-que-migram-em-busca-de-dignidade\/\" target=\"_blank\">CSPConlutas<\/a><\/p>\n","protected":false},"excerpt":{"rendered":"<p>Uma menina de dois anos chora ao ter que sair do colo da m\u00e3e e ser colocada no ch\u00e3o, enquanto<\/p>\n","protected":false},"author":1,"featured_media":1958,"comment_status":"open","ping_status":"open","sticky":false,"template":"","format":"standard","meta":{"colormag_page_container_layout":"default_layout","colormag_page_sidebar_layout":"default_layout","footnotes":""},"categories":[6],"tags":[313,129,370,349],"class_list":["post-1957","post","type-post","status-publish","format-standard","has-post-thumbnail","hentry","category-artigos","tag-direitos-humanos","tag-imigracao","tag-politica-internacional","tag-trump"],"_links":{"self":[{"href":"https:\/\/www.secpf.com.br\/site\/wp-json\/wp\/v2\/posts\/1957","targetHints":{"allow":["GET"]}}],"collection":[{"href":"https:\/\/www.secpf.com.br\/site\/wp-json\/wp\/v2\/posts"}],"about":[{"href":"https:\/\/www.secpf.com.br\/site\/wp-json\/wp\/v2\/types\/post"}],"author":[{"embeddable":true,"href":"https:\/\/www.secpf.com.br\/site\/wp-json\/wp\/v2\/users\/1"}],"replies":[{"embeddable":true,"href":"https:\/\/www.secpf.com.br\/site\/wp-json\/wp\/v2\/comments?post=1957"}],"version-history":[{"count":2,"href":"https:\/\/www.secpf.com.br\/site\/wp-json\/wp\/v2\/posts\/1957\/revisions"}],"predecessor-version":[{"id":1960,"href":"https:\/\/www.secpf.com.br\/site\/wp-json\/wp\/v2\/posts\/1957\/revisions\/1960"}],"wp:featuredmedia":[{"embeddable":true,"href":"https:\/\/www.secpf.com.br\/site\/wp-json\/wp\/v2\/media\/1958"}],"wp:attachment":[{"href":"https:\/\/www.secpf.com.br\/site\/wp-json\/wp\/v2\/media?parent=1957"}],"wp:term":[{"taxonomy":"category","embeddable":true,"href":"https:\/\/www.secpf.com.br\/site\/wp-json\/wp\/v2\/categories?post=1957"},{"taxonomy":"post_tag","embeddable":true,"href":"https:\/\/www.secpf.com.br\/site\/wp-json\/wp\/v2\/tags?post=1957"}],"curies":[{"name":"wp","href":"https:\/\/api.w.org\/{rel}","templated":true}]}}