{"id":1979,"date":"2018-07-12T15:20:30","date_gmt":"2018-07-12T18:20:30","guid":{"rendered":"http:\/\/www.secpf.com.br\/site\/?p=1979"},"modified":"2018-07-12T15:20:30","modified_gmt":"2018-07-12T18:20:30","slug":"em-acordo-para-criacao-de-nova-empresa-embraer-entrega-aviacao-comercial-a-boeing-e-preciso-impedir","status":"publish","type":"post","link":"https:\/\/www.secpf.com.br\/site\/em-acordo-para-criacao-de-nova-empresa-embraer-entrega-aviacao-comercial-a-boeing-e-preciso-impedir\/","title":{"rendered":"Em acordo para cria\u00e7\u00e3o de nova empresa, Embraer entrega avia\u00e7\u00e3o comercial \u00e0 Boeing. \u00c9 preciso impedir!"},"content":{"rendered":"<p><a href=\"http:\/\/cspconlutas.org.br\/wp-content\/uploads\/2018\/07\/Embraer_I.jpg\"><img fetchpriority=\"high\" decoding=\"async\" class=\"aligncenter wp-image-148512\" src=\"http:\/\/cspconlutas.org.br\/wp-content\/uploads\/2018\/07\/Embraer_I-300x168.jpg\" sizes=\"(max-width: 400px) 100vw, 400px\" srcset=\"http:\/\/cspconlutas.org.br\/wp-content\/uploads\/2018\/07\/Embraer_I-300x168.jpg 300w, http:\/\/cspconlutas.org.br\/wp-content\/uploads\/2018\/07\/Embraer_I-768x431.jpg 768w, http:\/\/cspconlutas.org.br\/wp-content\/uploads\/2018\/07\/Embraer_I.jpg 960w\" alt=\"\" width=\"400\" height=\"225\" \/><\/a><\/p>\n<p>Depois de v\u00e1rios meses de negocia\u00e7\u00f5es e suspense, finalmente as fabricantes de avi\u00f5es Embraer e Boeing anunciaram nesta quinta-feira (5) o acordo para a cria\u00e7\u00e3o de uma\u00a0<em>joint venture (<\/em>empresa conjunta) que vai concentrar todos os neg\u00f3cios de avia\u00e7\u00e3o comercial da Embraer.<\/p>\n<p>Em comunicado aos trabalhadores, a Embraer informa que a Boeing deter\u00e1 80% de participa\u00e7\u00e3o na joint venture e a Embraer, os 20% restantes. A transa\u00e7\u00e3o avalia a nova empresa em 4,75 bilh\u00f5es de d\u00f3lares. Pelo acordo, a Boeing pagar\u00e1 US$ 3,8 bilh\u00f5es.<\/p>\n<p>A Embraer continuaria nos mercados de defesa e seguran\u00e7a, avia\u00e7\u00e3o executiva, agr\u00edcola, servi\u00e7os e suporte correlatos. Entretanto, de acordo com o comunicado, ser\u00e1 criada outra\u00a0<em>joint venture<\/em>\u00a0para desenvolvimento de novos mercados e aplica\u00e7\u00f5es para produtos e servi\u00e7os de defesa, em especial o KC-390, que \u00e9 um dos principais projetos de defesa da Embraer dos \u00faltimos anos. As empresas n\u00e3o deram detalhes do que seria esse outro neg\u00f3cio.<\/p>\n<p><strong>Sob comando dos EUA<\/strong><\/p>\n<p>A nova companhia ser\u00e1 comandada por uma equipe de executivos que ficar\u00e1 sediada no Brasil, mas respondendo diretamente ao presidente da Boeing, Dennis Muilenburg. O grupo americano ter\u00e1 o \u201ccontrole operacional e de gest\u00e3o\u201d da nova empresa.<\/p>\n<p>Quanto \u00e0s unidades, segundo o comunicado da Embraer, ficar\u00e3o com a joint venture da avia\u00e7\u00e3o comercial as unidades Faria Lima (S\u00e3o Jos\u00e9 dos Campos), EDE, Taubat\u00e9, \u00c9vora (Portugal) e Nashville (EUA). As unidades de Gavi\u00e3o Peixoto, Botucatu, Eug\u00eanio de Melo (S\u00e3o Jos\u00e9 dos Campos), OGMA e Melbourne ficam na Embraer. Com rela\u00e7\u00e3o \u00e0s demais unidades e escrit\u00f3rios, ainda est\u00e1 sendo definido.<\/p>\n<p>A finaliza\u00e7\u00e3o dos detalhes financeiros e operacionais continuar\u00e1 nos pr\u00f3ximos meses. Segundo as empresas, uma vez executados os acordos definitivos da transa\u00e7\u00e3o, ela ser\u00e1 sujeita \u201ca aprova\u00e7\u00f5es regulat\u00f3rias e de acionistas, incluindo a aprova\u00e7\u00e3o do governo brasileiro, bem como outras condi\u00e7\u00f5es habituais pertinentes \u00e0 conclus\u00e3o de uma transa\u00e7\u00e3o deste tipo\u201d.<\/p>\n<p>Caso as aprova\u00e7\u00f5es ocorram no tempo previsto, a expectativa \u00e9 que a transa\u00e7\u00e3o seja fechada at\u00e9 o final de 2019, ou seja, entre 12 a 18 meses ap\u00f3s a execu\u00e7\u00e3o dos acordos definitivos.<\/p>\n<p><strong>\u00c9 preciso impedir esse crime lesa-p\u00e1tria<\/strong><\/p>\n<p>Essa negocia\u00e7\u00e3o \u00e9 um verdadeiro crime lesa-p\u00e1tria! Na pr\u00e1tica, \u00e9 a entrega completa do principal setor comercial da Embraer para a norte-americana Boeing, que vai ter graves consequ\u00eancias, com a amea\u00e7a a milhares de empregos e \u00e0 soberania do pa\u00eds.<\/p>\n<p>A Embraer, apesar de estar privatizada desde a d\u00e9cada de 90, \u00e9 estrat\u00e9gica para o Brasil, em rela\u00e7\u00e3o a quest\u00f5es de desenvolvimento tecnol\u00f3gico e da soberania nacional. Mais do que isso, a empresa foi constru\u00edda com dinheiro e suor dos trabalhadores e do povo brasileiro, sendo at\u00e9 hoje, inclusive, financiada com dinheiro p\u00fablico, por meio do BNDES e outros meios, mesmo depois de privatizada.<\/p>\n<p>&nbsp;<\/p>\n<p>S\u00f3 a mobiliza\u00e7\u00e3o dos trabalhadores pode impedir esse brutal ataque, pressionando o governo Temer e o Congresso a barrarem essa negocia\u00e7\u00e3o e, mais do que isso, lutar pela reestatiza\u00e7\u00e3o da Embraer, sob controle dos trabalhadores.<\/p>\n<p>\u201cFruto da luta contra a privatiza\u00e7\u00e3o, os trabalhadores garantiram uma a\u00e7\u00e3o especial chamada Golden Share, a chamada a\u00e7\u00e3o de ouro, que d\u00e1 poder de veto ao governo federal em quest\u00f5es como a venda da empresa. Agora, \u00e9 a soberania do pa\u00eds e milhares de empregos que est\u00e3o em jogo. Portanto, temos de pressionar o governo a exercer esse poder de veto e barrar essa transa\u00e7\u00e3o\u201d, afirmou o diretor do Sindicato dos Metal\u00fargicos de S\u00e3o Jos\u00e9 dos Campos e regi\u00e3o e trabalhador da Embraer, Herbert Claros.<\/p>\n<p>\u201cEsse crime contra o pa\u00eds e os trabalhadores n\u00e3o pode ir adiante. N\u00e3o vamos aceitar demiss\u00e3o e ataques aos direitos. Exigimos estabilidade no emprego e a reestatiza\u00e7\u00e3o da empresa com controle dos trabalhadores, \u00fanica forma de fazer com que a Embraer sirva aos interesses nacionais e n\u00e3o a acionistas estrangeiros e agora aos EUA\u201d, disse Herbert.<\/p>\n<p>Para o integrante da Secretaria Executiva Nacional da CSP-Conlutas, Luiz Carlos Prates, o Mancha, \u00e9 preciso uma forte mobiliza\u00e7\u00e3o. \u201cN\u00e3o d\u00e1 para confiar que Temer e o Congresso sair\u00e3o em defesa dos interesses nacionais e dos trabalhadores. \u00c9 preciso muita press\u00e3o. Com luta, os trabalhadores podem barrar este ataque, defender empregos e direitos\u201d, defende Mancha. \u201cOs sindicatos de S\u00e3o Jos\u00e9, Botucatu e Araraquara iniciaram uma forte campanha contra a venda e agora \u00e9 hora de unidade de todos para barrar esse crime e defender os trabalhadores\u201d, afirmou.<\/p>\n<p><strong><em>N\u00e3o \u00e0 aquisi\u00e7\u00e3o da Embraer pela Boeing!<\/em><\/strong><br \/>\n<strong><em>N\u00e3o \u00e0s demiss\u00f5es, pela garantia das conven\u00e7\u00f5es e dos direitos! Estabilidade no emprego para todos!<\/em><\/strong><br \/>\n<strong><em>Pela reestatiza\u00e7\u00e3o da empresa com controle dos trabalhadores!<\/em><\/strong><\/p>\n<p>&nbsp;<\/p>\n<p><em><span style=\"font-family: georgia, palatino, serif; font-size: 10pt;\">Fonte: <a href=\"http:\/\/cspconlutas.org.br\/2018\/07\/em-acordo-para-criacao-de-nova-empresa-embraer-entrega-de-mao-beijada-aviacao-comercial-para-boeing-e-preciso-impedir\/\" target=\"_blank\">CSP Conlutas<\/a><\/span><\/em><\/p>\n","protected":false},"excerpt":{"rendered":"<p>Depois de v\u00e1rios meses de negocia\u00e7\u00f5es e suspense, finalmente as fabricantes de avi\u00f5es Embraer e Boeing anunciaram nesta quinta-feira (5)<\/p>\n","protected":false},"author":1,"featured_media":1980,"comment_status":"open","ping_status":"open","sticky":false,"template":"","format":"standard","meta":{"colormag_page_container_layout":"default_layout","colormag_page_sidebar_layout":"default_layout","footnotes":""},"categories":[5],"tags":[],"class_list":["post-1979","post","type-post","status-publish","format-standard","has-post-thumbnail","hentry","category-noticias"],"_links":{"self":[{"href":"https:\/\/www.secpf.com.br\/site\/wp-json\/wp\/v2\/posts\/1979","targetHints":{"allow":["GET"]}}],"collection":[{"href":"https:\/\/www.secpf.com.br\/site\/wp-json\/wp\/v2\/posts"}],"about":[{"href":"https:\/\/www.secpf.com.br\/site\/wp-json\/wp\/v2\/types\/post"}],"author":[{"embeddable":true,"href":"https:\/\/www.secpf.com.br\/site\/wp-json\/wp\/v2\/users\/1"}],"replies":[{"embeddable":true,"href":"https:\/\/www.secpf.com.br\/site\/wp-json\/wp\/v2\/comments?post=1979"}],"version-history":[{"count":1,"href":"https:\/\/www.secpf.com.br\/site\/wp-json\/wp\/v2\/posts\/1979\/revisions"}],"predecessor-version":[{"id":1981,"href":"https:\/\/www.secpf.com.br\/site\/wp-json\/wp\/v2\/posts\/1979\/revisions\/1981"}],"wp:featuredmedia":[{"embeddable":true,"href":"https:\/\/www.secpf.com.br\/site\/wp-json\/wp\/v2\/media\/1980"}],"wp:attachment":[{"href":"https:\/\/www.secpf.com.br\/site\/wp-json\/wp\/v2\/media?parent=1979"}],"wp:term":[{"taxonomy":"category","embeddable":true,"href":"https:\/\/www.secpf.com.br\/site\/wp-json\/wp\/v2\/categories?post=1979"},{"taxonomy":"post_tag","embeddable":true,"href":"https:\/\/www.secpf.com.br\/site\/wp-json\/wp\/v2\/tags?post=1979"}],"curies":[{"name":"wp","href":"https:\/\/api.w.org\/{rel}","templated":true}]}}