{"id":1982,"date":"2018-07-12T15:24:46","date_gmt":"2018-07-12T18:24:46","guid":{"rendered":"http:\/\/www.secpf.com.br\/site\/?p=1982"},"modified":"2018-07-12T15:28:35","modified_gmt":"2018-07-12T18:28:35","slug":"mesmo-apos-recuo-do-governo-sobre-alta-dos-combustiveis-revolta-popular-no-haiti-ganha-forca-contra-jovenel-moise-e-o-fmi","status":"publish","type":"post","link":"https:\/\/www.secpf.com.br\/site\/mesmo-apos-recuo-do-governo-sobre-alta-dos-combustiveis-revolta-popular-no-haiti-ganha-forca-contra-jovenel-moise-e-o-fmi\/","title":{"rendered":"Mesmo ap\u00f3s recuo do governo sobre alta dos combust\u00edveis, revolta popular no Haiti ganha for\u00e7a contra Jovenel Moise e o FMI"},"content":{"rendered":"<div class=\"mceTemp\">\n<figure id=\"attachment_148618\" aria-describedby=\"caption-attachment-148618\" style=\"width: 459px\" class=\"wp-caption alignnone\"><a href=\"http:\/\/cspconlutas.org.br\/wp-content\/uploads\/2018\/07\/h1.png\"><img fetchpriority=\"high\" decoding=\"async\" class=\"wp-image-148618\" src=\"http:\/\/cspconlutas.org.br\/wp-content\/uploads\/2018\/07\/h1.png\" sizes=\"(max-width: 459px) 100vw, 459px\" srcset=\"http:\/\/cspconlutas.org.br\/wp-content\/uploads\/2018\/07\/h1.png 854w, http:\/\/cspconlutas.org.br\/wp-content\/uploads\/2018\/07\/h1-300x200.png 300w, http:\/\/cspconlutas.org.br\/wp-content\/uploads\/2018\/07\/h1-768x512.png 768w\" alt=\"\" width=\"459\" height=\"306\" \/><\/a><figcaption id=\"caption-attachment-148618\" class=\"wp-caption-text\">Manifestantes fazem barricadas nas ruas de Porto Pr\u00edncipe | Foto: andnoticias.cl<\/figcaption><\/figure>\n<\/div>\n<p>O povo haitiano vive um levante contra o governo de Jovenel Moise desde a noite de sexta-feira (6). O enfrentamento violento deixou ao menos 3 mortos, baleados por muni\u00e7\u00e3o real na regi\u00e3o de Delmas, em Porto Pr\u00edncipe, durante a\u00e7\u00f5es policiais para conten\u00e7\u00e3o dos manifestantes.<\/p>\n<p>A popula\u00e7\u00e3o tomou as ruas ap\u00f3s o an\u00fancio do governo feito na sexta-feira (6) sobre o aumento de cerca de 50% nos combust\u00edveis \u2013 38% para a gasolina, 47% para o diesel e 51% para o querosene \u2013 , gerando uma rea\u00e7\u00e3o de revolta incontrol\u00e1vel no pa\u00eds.<\/p>\n<div class=\"wp-video\">\n<div id=\"mep_0\" class=\"mejs-container mejs-container-keyboard-inactive wp-video-shortcode mejs-video\" tabindex=\"0\">\n<div class=\"mejs-inner\">\n<div class=\"mejs-controls\">\n<div class=\"mejs-button mejs-volume-button mejs-mute\">Mesmo ap\u00f3s o governo, no s\u00e1bado (7), se pronunciar dizendo recuar da decis\u00e3o em favor do FMI sobre o elevado valor dos combust\u00edveis, as cidades foram cada vez mais\u00a0tomadas por barricadas, diversos focos de inc\u00eandio, manifestantes em protesto pelas ruas de diversas cidades do pa\u00eds, al\u00e9m de fortes a\u00e7\u00f5es ocorrendo na capital Porto Pr\u00edncipe.<\/div>\n<\/div>\n<\/div>\n<\/div>\n<\/div>\n<p>Em\u00a0<strong><a href=\"http:\/\/cspconlutas.org.br\/wp-content\/uploads\/2018\/07\/mo%C3%A7%C3%A3o-haiti.pdf\">mo\u00e7\u00e3o de apoio a luta do povo Haitiano<\/a><\/strong>, a CSP-Conlutas destaca que a mobiliza\u00e7\u00e3o no pa\u00eds fechou o espa\u00e7o a\u00e9reo e que, em decorr\u00eancia das manifesta\u00e7\u00f5es, n\u00e3o h\u00e1 meios de transporte, os estabelecimentos comerciais est\u00e3o fechados, a popula\u00e7\u00e3o n\u00e3o foi ao trabalho e a imprensa n\u00e3o divulga informa\u00e7\u00f5es a respeito.<\/p>\n<p>A recente ebuli\u00e7\u00e3o social no pa\u00eds remonta a outro importante momento hist\u00f3rico no Haiti, quando ocorreu a insurrei\u00e7\u00e3o do povo durante a ditadura de Duvallier na d\u00e9cada de 80, explos\u00e3o popular que se deu com caracter\u00edsticas muito similares as do atual momento no pa\u00eds.<\/p>\n<p><strong>A gota d\u2019\u00e1gua \u2013<\/strong>\u00a0A subordina\u00e7\u00e3o ao capital estrangeiro n\u00e3o se trata da causa original para essa rebeli\u00e3o popular.\u00a0As manifesta\u00e7\u00f5es que tomam o pa\u00eds tiveram in\u00edcio a partir desta \u00faltima a\u00e7\u00e3o do governo, mas o sentimento de insatisfa\u00e7\u00e3o j\u00e1 vem de longa data.\u00a0O Haiti vive anos de crise pol\u00edtica e econ\u00f4mica, al\u00e9m de ter sofrido as longas a\u00e7\u00f5es de interven\u00e7\u00e3o com tropas estrangeiras em seu territ\u00f3rio.<\/p>\n<div id=\"mep_1\" class=\"mejs-container mejs-container-keyboard-inactive wp-video-shortcode mejs-video\" tabindex=\"0\">\n<div class=\"mejs-inner\">\n<div class=\"mejs-controls\">Os atos de rua est\u00e3o totalmente fora de controle e n\u00e3o h\u00e1 nem mesmo a presen\u00e7a das pol\u00edcias da Minustah circulando nas vias p\u00fablicas.\u00a0A Pol\u00edcia Nacional est\u00e1 dividida, o que indica que o presidente Jovenel n\u00e3o tem controle sobre sua principal for\u00e7a de repress\u00e3o.<\/div>\n<\/div>\n<\/div>\n<p>A Central Sindical e Popular CSP-Conlutas manifesta incondicional apoio \u00e0 luta do povo Haitiano e exige a ren\u00fancia imediata de Jovenel Moise, o fim dos planos econ\u00f4micos de mis\u00e9ria, o imediato rompimento com o FMI e o n\u00e3o pagamento da d\u00edvida externa!<\/p>\n<p>Confira a\u00a0<strong>mo\u00e7\u00e3o de apoio<\/strong>\u00a0da Central logo abaixo ou a vers\u00e3o em PDF [<strong><a href=\"http:\/\/cspconlutas.org.br\/wp-content\/uploads\/2018\/07\/mo%C3%A7%C3%A3o-haiti.pdf\">AQUI<\/a><\/strong>]<\/p>\n<p><img decoding=\"async\" class=\"alignnone wp-image-148621\" src=\"http:\/\/cspconlutas.org.br\/wp-content\/uploads\/2018\/07\/haiti.jpg\" sizes=\"(max-width: 458px) 100vw, 458px\" srcset=\"http:\/\/cspconlutas.org.br\/wp-content\/uploads\/2018\/07\/haiti.jpg 600w, http:\/\/cspconlutas.org.br\/wp-content\/uploads\/2018\/07\/haiti-300x200.jpg 300w\" alt=\"\" width=\"458\" height=\"305\" \/><\/p>\n<p>S\u00e3o Paulo, 10 de julho de 2018.<\/p>\n<p>&nbsp;<\/p>\n<p><strong>Mo\u00e7\u00e3o de apoio a luta do povo Haitiano. Fora Jovenel Moise!<\/strong><\/p>\n<p>Na \u00faltima sexta-feira (06\/07) Jovenel Moise, presidente do Haiti, atendendo as press\u00f5es do FMI aumentou em cerca de 50% o pre\u00e7o dos combust\u00edveis, gerando uma violenta e incontrolada onda de revolta da popula\u00e7\u00e3o.<\/p>\n<p>Milhares de pessoas sa\u00edram \u00e0s ruas fazendo barricadas para bloquear as principais ruas de Porto Pr\u00edncipe, em uma grande rebeli\u00e3o contra a pol\u00edtica do governo. A situa\u00e7\u00e3o est\u00e1 um caos, muitas mortes, n\u00e3o existem carros nas ruas. O diesel para o gerador e os alimentos est\u00e3o acabando. O espa\u00e7o a\u00e9reo est\u00e1 fechado. N\u00e3o h\u00e1 meios de transporte, todos os mercados est\u00e3o fechados, a m\u00eddia (r\u00e1dios, canais, etc.) n\u00e3o est\u00e1 transmitindo informa\u00e7\u00f5es. Ningu\u00e9m foi trabalhar.<\/p>\n<p>A situa\u00e7\u00e3o no Haiti ainda est\u00e1 fervendo porque a crise pol\u00edtica e econ\u00f4mica tem se aprofundado seriamente a cada dia. Uma situa\u00e7\u00e3o insurrecional \u00e9 vivida em quase todas as regi\u00f5es do pa\u00eds. Esta situa\u00e7\u00e3o \u00e9 o resultado de anos de pol\u00edticas antipopulares e pr\u00f3-imperialistas e pilhagem capitalista sendo conduzida pelo governo fantoche do atual presidente Jovenel Mo\u00efse.<\/p>\n<p>\u00c9 necess\u00e1rio esclarecer que os principais combust\u00edveis utilizados pelo povo para cozinhar s\u00e3o carv\u00e3o e querosene, porque n\u00e3o h\u00e1 fornecimento de g\u00e1s, exceto para as classes abastadas e a elite dominante.<\/p>\n<p>O atual estado insurrecional ultrapassou as possibilidades de conten\u00e7\u00e3o por parte das for\u00e7as repressivas. A magnitude da explos\u00e3o \u00e9 monumental e, no outono da ditadura de Duvallier, houve uma insurrei\u00e7\u00e3o com essas caracter\u00edsticas.<\/p>\n<p>O mais recente gatilho foi o an\u00fancio do governo de um aumento brutal no pre\u00e7o do combust\u00edvel. O aumento da gasolina foi o estopim, mas a causa na verdade \u00e9 a fome e a mis\u00e9ria que toma conta do Haiti.<\/p>\n<p>Os pronunciamentos dos agentes p\u00fablicos, mesmo voltando atr\u00e1s na decis\u00e3o de aumentar os combust\u00edveis, n\u00e3o acalmaram a popula\u00e7\u00e3o que agora exige sua sa\u00edda.<\/p>\n<p>A pol\u00edcia n\u00e3o consegue conter a multid\u00e3o que, por onde passa, deixa um rastro de destrui\u00e7\u00e3o. A rebeli\u00e3o popular \u00e9 incontrol\u00e1vel! A Pol\u00edcia Nacional est\u00e1 dividida, o que indica que o presidente Jovenel n\u00e3o tem controle sobre sua principal for\u00e7a de repress\u00e3o. Tamb\u00e9m n\u00e3o h\u00e1 presen\u00e7a da pol\u00edcia da MINUJUSTH (ONU) nas ruas. At\u00e9 agora, o governo n\u00e3o emitiu nenhuma declara\u00e7\u00e3o oficial.<\/p>\n<p>A Central Sindical e Popular CSP Conlutas e os sindicatos abaixo assinados manifestam seu incondicional apoio \u00e0 luta do povo Haitiano e exigem a ren\u00fancia imediata de Jovenel Moise, o fim dos planos econ\u00f4micos de mis\u00e9ria, o imediato rompimento com o FMI e o n\u00e3o pagamento da d\u00edvida externa!<\/p>\n<p>&nbsp;<\/p>\n<p><strong>Total apoio a luta do povo haitiano<\/strong><\/p>\n<p><strong>Abaixo a repress\u00e3o!<\/strong><\/p>\n<p><strong>Fora Jovenel Moise e o FMI!<\/strong><\/p>\n<p><strong>N\u00e3o ao pagamento da d\u00edvida externa!<\/strong><\/p>\n<p><strong>Fim dos planos econ\u00f4micos de mis\u00e9ria<\/strong>.<\/p>\n<p>&nbsp;<\/p>\n<p>Assinam:<\/p>\n<ol>\n<li><strong>CSP-CONLUTAS \u2013 CENTRAL SINDICAL E POPULAR<\/strong><\/li>\n<li>SINDICATO DOS METALURGICOS DE S\u00c3O JOS\u00c9 DOS CAMPOS E REGI\u00c3O\/SP<\/li>\n<li>SINDICATO DOS TRABALHADORES MUNICIPAIS DE BAYEUX\/PB<\/li>\n<li>SINDICATO DOS TRABALHADORES EM TRANSPORTE RODOVI\u00c1RIO DO CEAR\u00c1<\/li>\n<li>SINDICATO DOS SERVIDORES P\u00daBLICOS MUNICIPAIS DE JUAZEIRO DO NORTE\/CE<\/li>\n<li>SINDICATO DOS TRABALHADORES NA IND\u00daSTRIA DE CONFEC\u00c7\u00c3O FEMININA DE FORTALEZA\/CE<\/li>\n<li>SINDICATO DOS ODONTOLOGISTAS DO ESTADO DO CEAR\u00c1<\/li>\n<li>SINDICATO DOS SERVIDORES DO PODER JUDICI\u00c1RIO FEDERAL DO ESTADO DE MATO GROSSO<\/li>\n<li>SINDICATO DOS COMERCI\u00c1RIOS DE NOVA IGUA\u00c7U\/RJ<\/li>\n<li>SINDICATO DOS TRAB. NO SERVI\u00c7O P\u00daBLICO MUNICIPAL DE LIMOEIRO DO NORTE-CE<\/li>\n<li>SINDICATO DOS SERVIDORES P\u00daBLICOS MUNICIPAIS DE JAGUARUANA-CE<\/li>\n<li>SINDICATO DOS SERVIDORES DO PODER JUDICI\u00c1RIO FEDERAL EM ALAGOAS<\/li>\n<li>SINDICATO DOS TRAB NAS EMPRESAS DE TRANSP. RODOV DE PASSAG. INTERMUN. EST. CE<\/li>\n<li>SINDICATO DOS TRABALHADORES DO JUDICI\u00c1RIO FEDERAL NO ESTADO DE S\u00c3O PAULO<\/li>\n<li>SINDICATO DOS TRAB. NA EMPRESA DE CORREIOS E TEL\u00c9GRAFOS DO VALE DO PARAIBA\/SP<\/li>\n<li>SINDICATO DOS TRABALHADORES DO JUDICI\u00c1RIO FEDERAL E MPU NO MARANHAO<\/li>\n<li>SINDICATO DOS TRAB. NA IND\u00daSTRIA DA CONSTRU\u00c7\u00c3O E DO MOBILIARIO DE BELEM-PA<\/li>\n<li>SINDICATO DOS AGENTES MUNICIPAIS DE TR\u00c2NSITO DA REGI\u00c3O DO CARIRI\/CE<\/li>\n<li>SINDICATO MUNICIPAL DOS PROFISSIONAIS DE ENSINO DA REDE OFICIAL DO RECIFE\/PE<\/li>\n<li>SINDICATO DOS TRAB. DA UNIVERSIDADE FEDERAL RURAL\/RJ<\/li>\n<li>SINDICATO DOS TRAB. DA EMPRESA DE CORREIOS E TELEGRAFOS E SIMIL. DE PERNAMBUCO<\/li>\n<li>SINDICATO DOS TRAB. DA EMPRESA DE CORREIOS E TELEGRAFOS E SIMIL. DA PARA\u00cdBA<\/li>\n<li>SINDICATO DOS MUNICIP\u00c1RIOS DE STA BARBARA DO SUL\/RS<\/li>\n<li>SINDICATO DOS TRAB. DO REFLORESTAMENTO, CARVOAMENTO E BENEFIC. DE MADEIRA\/BA<\/li>\n<li>SINDICATO DOS EMPREG. EM ESTABELECIMENTOS BANC\u00c1RIOS DE BAURU E REGI\u00c3O<\/li>\n<li>SINDICATO DOS TRAB. EM PROCESSAMENTO DE DADOS NO ESTADO DO RIO GRANDE DO SUL<\/li>\n<li>SINDICATO DOS EMPREGADOS NO COMERCIO DE PASSO FUNDO\/RS<\/li>\n<li>SINDICATO DOS TRABALHADORES NAS INDUSTIAS METAL\u00daRGICAS DE NOVA FRIBURGO\/RJ<\/li>\n<li>SINDICATO DOS TRAB. NAS IND. DE CIMENTO, CAL, GESSO E CER\u00c2MICA DO MUNIC. DE ARACAJ\u00da\/SE<\/li>\n<li>SINDICATO DOS TRABALHADORES NAS IND\u00daSTRIAS URBANAS DO ESTADO DE GOI\u00c1S<\/li>\n<li>SINDICATO DOS TRAB. NOS TRANSPORTES COLETIVOS DE GOI\u00c2NIA E REGI\u00c3O METROPOLITANA\/GO<\/li>\n<li>SINDICATO DOS EMPREGADOS DA PREFEITURA MUNICIPAL DE PASSOS DE MINAS\/MG<\/li>\n<li>SINDICATO DOS SERVIDORES PUBLICOS MUNICIPAIS DE FORTALEZA DE MINAS\/MG<\/li>\n<li>SINDICATO DOS SERVIDORES DO QUADRO ESPECIAL DA SARH \u2013 SINDCAIXA\/RS<\/li>\n<li>SINDICATO DOS TRABALHADORES NO TRANSPORTE ALTERNATIVO \u2013 GO<\/li>\n<li>SINDICATO DOS TRABALHADORES EM SERVI\u00c7OS DE SA\u00daDE DE FORMIGA\/MG<\/li>\n<li>ASSOCIA\u00c7\u00c3O DOS DOCENTES DA UNESP\/SP<\/li>\n<li>SINDICATO DOS SERVIDORES P\u00daBLICOS MUNICIPAIS DE ESPLANADA\/BA<\/li>\n<li>SINDICATO DOS SERVIDORES P\u00daBLICOS MUNICIPAIS DE ENTRE RIOS\/BA<\/li>\n<li>SINDICATO DOS PETROLEIROS DE SERGIPE E ALAGOAS<\/li>\n<li>FEDERA\u00c7\u00c3O SINDICAL E DEMOC. DOS TRAB. NAS IND. METAL\u00daRGICAS DE MINAS GERAIS<\/li>\n<li>SINDICATO DOS CERAMISTAS DE MONTE CARMELO\/MG<\/li>\n<li>SINDICATO DOS METAL\u00daRGICOS DE PIRAPORA\/MG<\/li>\n<li>SINDICATO DOS METAL\u00daRGICOS DE ITAJUB\u00c1 E REGI\u00c3O\/MG<\/li>\n<li>SINDICATO DOS METAL\u00daRGICOS DE OURO PRETO\/MG<\/li>\n<li>SINDICATO DOS METAL\u00daRGICOS DE ITA\u00daNA\/MG<\/li>\n<li>SINDICATO DOS METAL\u00daRGICOS DE DIVIN\u00d3POLIS\/MG<\/li>\n<li>SINDICATO DOS METAL\u00daRGICOS DE TR\u00caS MARIAS\/MG<\/li>\n<li>SINDICATO DOS METAL\u00daRGICOS DE GOVERNADOR VALADARES\/MG<\/li>\n<li>SINDICATO DOS METAL\u00daRGICOS DE V\u00c1RZEA DA PALMA\/MG<\/li>\n<li>SIND. PROF ENFERM E EMPREG EM HOSP, C. DE SA\u00daDE, DUCH. E MASSAG. DE DIVIN\u00d3POLIS\/MG<\/li>\n<li>SINDICATO DOS EMPREGADOS EM ESTABELECIMENTOS DE SA\u00daDE DE BH E REGI\u00c3O\/MG<\/li>\n<li>SINDICATO DOS EMPREGADOS EM ESTABELECIMENTOS DE SA\u00daDE DE ITAJUB\u00c1 E REGI\u00c3O\/MG<\/li>\n<li>SINDICATO METABASE DOS INCONFIDENTES\/MG<\/li>\n<li>SINDICATO DOS TRABALHADORES EM EDUCA\u00c7\u00c3O DE DIVIN\u00d3POLIS\/MG<\/li>\n<li>SINDICATO DOS SERVIDORES P\u00daBLICOS DE MONTE CARMELO\/MG<\/li>\n<li>SINDICATO DOS SERVIDORES P\u00daBLICOS DE BETIM\/MG<\/li>\n<li>SINDICATO DOS TRAB EMPRESAS DE ASSESSOR, PESQ, PER\u00cdCIAS E INFORM. \u2013 SINTAPPI-MG<\/li>\n<li>SINDICATO DOS TRAB; EM EDUCA\u00c7\u00c3O DA REDE P\u00daBLICA MUNICIPAL DE BELO HORIZONTE\/MG<\/li>\n<li>ANEL \u2013 ASSEMBLEIA NACIONAL DE ESTUDANTES \u2013 LIVRE<\/li>\n<li>ADMAP \u2013 ASSOCIA\u00c7\u00c3O DEMOCR\u00c1TICA DOS APOSENTADOS E PENS. DO VALE DO PARA\u00cdBA\/SP<\/li>\n<\/ol>\n<p>&nbsp;<\/p>\n<p>&nbsp;<\/p>\n","protected":false},"excerpt":{"rendered":"<p>O povo haitiano vive um levante contra o governo de Jovenel Moise desde a noite de sexta-feira (6). O enfrentamento<\/p>\n","protected":false},"author":1,"featured_media":1984,"comment_status":"closed","ping_status":"open","sticky":false,"template":"","format":"standard","meta":{"colormag_page_container_layout":"default_layout","colormag_page_sidebar_layout":"default_layout","footnotes":""},"categories":[5],"tags":[],"class_list":["post-1982","post","type-post","status-publish","format-standard","has-post-thumbnail","hentry","category-noticias"],"_links":{"self":[{"href":"https:\/\/www.secpf.com.br\/site\/wp-json\/wp\/v2\/posts\/1982","targetHints":{"allow":["GET"]}}],"collection":[{"href":"https:\/\/www.secpf.com.br\/site\/wp-json\/wp\/v2\/posts"}],"about":[{"href":"https:\/\/www.secpf.com.br\/site\/wp-json\/wp\/v2\/types\/post"}],"author":[{"embeddable":true,"href":"https:\/\/www.secpf.com.br\/site\/wp-json\/wp\/v2\/users\/1"}],"replies":[{"embeddable":true,"href":"https:\/\/www.secpf.com.br\/site\/wp-json\/wp\/v2\/comments?post=1982"}],"version-history":[{"count":4,"href":"https:\/\/www.secpf.com.br\/site\/wp-json\/wp\/v2\/posts\/1982\/revisions"}],"predecessor-version":[{"id":1987,"href":"https:\/\/www.secpf.com.br\/site\/wp-json\/wp\/v2\/posts\/1982\/revisions\/1987"}],"wp:featuredmedia":[{"embeddable":true,"href":"https:\/\/www.secpf.com.br\/site\/wp-json\/wp\/v2\/media\/1984"}],"wp:attachment":[{"href":"https:\/\/www.secpf.com.br\/site\/wp-json\/wp\/v2\/media?parent=1982"}],"wp:term":[{"taxonomy":"category","embeddable":true,"href":"https:\/\/www.secpf.com.br\/site\/wp-json\/wp\/v2\/categories?post=1982"},{"taxonomy":"post_tag","embeddable":true,"href":"https:\/\/www.secpf.com.br\/site\/wp-json\/wp\/v2\/tags?post=1982"}],"curies":[{"name":"wp","href":"https:\/\/api.w.org\/{rel}","templated":true}]}}