{"id":2023,"date":"2018-08-28T14:52:50","date_gmt":"2018-08-28T17:52:50","guid":{"rendered":"http:\/\/www.secpf.com.br\/site\/?p=2023"},"modified":"2018-08-28T14:52:50","modified_gmt":"2018-08-28T17:52:50","slug":"csp-conlutas-publica-resolucao-sobre-cenario-eleitoral-e-programa-necessario-para-trabalhadores","status":"publish","type":"post","link":"https:\/\/www.secpf.com.br\/site\/csp-conlutas-publica-resolucao-sobre-cenario-eleitoral-e-programa-necessario-para-trabalhadores\/","title":{"rendered":"CSP-Conlutas publica resolu\u00e7\u00e3o sobre cen\u00e1rio eleitoral e programa necess\u00e1rio para trabalhadores"},"content":{"rendered":"<p>A Coordena\u00e7\u00e3o Nacional da CSP-Conlutas, reunida no \u00faltimo final de semana em S\u00e3o Paulo, debateu cen\u00e1rio eleitoral brasileiro e a necessidade de um programa para os trabalhadores.\u00a0Tr\u00eas posi\u00e7\u00f5es pol\u00edticas foram defendidas na mesa: as candidaturas e programa do PSTU, as candidatura e programa do PSOL e o chamado a n\u00e3o participa\u00e7\u00e3o dos trabalhadores nas elei\u00e7\u00f5es.<\/p>\n<p>Ao final da reuni\u00e3o, foi aprovada uma resolu\u00e7\u00e3o oficial da Central sobre as elei\u00e7\u00f5es:<\/p>\n<p><strong>Sobre as elei\u00e7\u00f5es 2018, a CSP-Conlutas resolve:<\/strong><\/p>\n<p>Frente ao processo eleitoral desse ano, respeitando a autonomia das organiza\u00e7\u00f5es e movimentos filiados, a Central deve intervir junto aos trabalhadores de suas bases na defesa de suas resolu\u00e7\u00f5es e plataforma de reivindica\u00e7\u00f5es. Assim essa Coordena\u00e7\u00e3o Nacional indica aos trabalhadores e aos movimentos sociais a rejei\u00e7\u00e3o veemente dos candidatos do campo burgu\u00eas tradicional (como Alckmin, Meireles, Marina, \u00c1lvaro Dias, Ciro Gomes, Amoedo, entre outros) e seus aliados.<\/p>\n<p>Repudiamos, com todas as nossas for\u00e7as, as candidaturas de tipo ultradireita, como a de Bolsonaro que, al\u00e9m de ser uma candidatura burguesa \u00e9, assumidamente, um machista, racista, homof\u00f3bico e defensor da Ditadura Militar. Tamb\u00e9m n\u00e3o apoiamos candidaturas fundamentalistas como a do Cabo Daciolo, por exemplo.<\/p>\n<p>Al\u00e9m disso, rejeitamos as candidaturas de Lula\/Haddad\/Manuela por expressarem um projeto de concilia\u00e7\u00e3o de classes que j\u00e1 governou nosso pa\u00eds, por mais de uma d\u00e9cada, praticando prote\u00e7\u00e3o ao lucro de bancos e grandes empresas, atacando e retirando direitos de nossa classe, al\u00e9m de seus partidos acabarem mergulhados no mar na lama da corrup\u00e7\u00e3o.<\/p>\n<p>Nossa Central reafirma a compreens\u00e3o de que a sa\u00edda para que nossa classe seja livre e vitoriosa n\u00e3o passa por dentro desse sistema e desse regime e sim pela constru\u00e7\u00e3o e conquista de uma sociedade justa e igualit\u00e1ria, governada pelos trabalhadores, uma sociedade socialista.<\/p>\n<p>A CSP-Conlutas, identificando o aprofundamento da crise capitalista e o volume de ataques desferidos aos nossos direitos trabalhistas, pol\u00edticos e sociais, seguir\u00e1 defendendo a necessidade de efetiva\u00e7\u00e3o de um programa classista em nosso pa\u00eds, que seja capaz de enfrentar a crise e os ataques dos governos e dos patr\u00f5es.<\/p>\n<p>Nossa tarefa, portanto, consiste em construirmos uma frente de a\u00e7\u00e3o permanente na busca do poder para os trabalhadores e o povo pobre, oprimido e explorado, tendo em vista que a principal contradi\u00e7\u00e3o da realidade brasileira op\u00f5e os interesses da ampla maioria do povo \u00e0queles que representam o capital internacional, os grandes monop\u00f3lios e o latif\u00fandio.<\/p>\n<p>Sustentamos que a necess\u00e1ria revolu\u00e7\u00e3o brasileira ser\u00e1 obra da classe oper\u00e1ria, juntamente com milh\u00f5es de sujeitos de nossa classe como negros e negras e o povo pobre da periferia, os camponeses, o povo ind\u00edgena e quilombola, jovens, aposentados ou mesmo pequenos propriet\u00e1rios que, individualmente, possuem as mais variadas condi\u00e7\u00f5es de sofrimento e at\u00e9 pensamentos e cren\u00e7as, mas que em a\u00e7\u00e3o se juntar\u00e3o para p\u00f4r fim ao capitalismo.<\/p>\n<p>A tarefa central colocada na ordem do dia, ent\u00e3o, diferente de apostar nesse processo eleitoral viciado, passa pela constru\u00e7\u00e3o de uma alian\u00e7a da classe trabalhadora com todos os explorados e que unifique politicamente toda a base social que se choca de forma antag\u00f4nica com o dom\u00ednio do grande capital e suas express\u00f5es pol\u00edticas.<\/p>\n<p>A constru\u00e7\u00e3o dessa a\u00e7\u00e3o coletiva ter\u00e1 que se desenvolver com o objetivo de conquistar o poder pol\u00edtico para nossa classe e coloc\u00e1-lo a servi\u00e7o desta ampla maioria da qual ela ser\u00e1 a express\u00e3o. Por isso \u00e9 preciso, colocando nossa Central na cabe\u00e7a desse processo, insistir no debate sobre esta necessidade inadi\u00e1vel de nos unificarmos com os setores do movimento sindical, das organiza\u00e7\u00f5es da juventude, dos movimentos de luta pela terra, dos que lutam por territ\u00f3rio e moradia, movimentos de combate \u00e0s opress\u00f5es at\u00e9 os pequenos propriet\u00e1rios em processo de empobrecimento. Assim poderemos alcan\u00e7ar a vit\u00f3ria decisiva.<\/p>\n<p>Essas nossas posi\u00e7\u00f5es e programa, de ruptura frontal e imediata com o capitalismo, devemos apresentar aos candidatos que se reivindicam a esquerda do PT (como Vera e Boulos), bem como \u00e0s organiza\u00e7\u00f5es de nossa classe, chamando-os a assumi-las.<\/p>\n<p><strong>Nosso programa:<\/strong><\/p>\n<p>\u2013 Defesa do socialismo contra a explora\u00e7\u00e3o e a degrada\u00e7\u00e3o da sociedade capitalista;<\/p>\n<p>\u2013 Suspens\u00e3o imediata do pagamento da d\u00edvida p\u00fablica (externa e interna);<\/p>\n<p>\u2013 Redu\u00e7\u00e3o e congelamento dos pre\u00e7os dos alimentos, combust\u00edveis, g\u00e1s de cozinha, alugueis e tarifas p\u00fablicas;<\/p>\n<p>\u2013 Contra toda forma de privatiza\u00e7\u00e3o e terceiriza\u00e7\u00e3o com reestatiza\u00e7\u00e3o de todas estatais vendidas ao capital internacional ou nacional;<\/p>\n<p>\u2013 Estatiza\u00e7\u00e3o do Sistema financeiro e do latif\u00fandio sem indeniza\u00e7\u00e3o ao capital;<\/p>\n<p>\u2013 Estabilidade no emprego para todos hoje empregados, extens\u00e3o do seguro desemprego e redu\u00e7\u00e3o da jornada de trabalho para 36h semanais sem redu\u00e7\u00e3o de sal\u00e1rio e plano de obras p\u00fablicas voltado as necessidades sociais de constru\u00e7\u00e3o de moradia, hospitais e escolas;<\/p>\n<p>\u2013 Aumento geral dos sal\u00e1rios e igualdade de remunera\u00e7\u00e3o e condi\u00e7\u00f5es de trabalho entre homens e mulheres;<\/p>\n<p>\u2013 Efetiva\u00e7\u00e3o imediata de um plano geral de obras p\u00fablicas, com contrata\u00e7\u00e3o direta pelas estatais, para constru\u00e7\u00e3o de obras de infraestrutura, saneamento, habita\u00e7\u00e3o, escolas, creches e hospitais;<\/p>\n<p>\u2013 Imediata legaliza\u00e7\u00e3o e descriminaliza\u00e7\u00e3o do aborto e criminaliza\u00e7\u00e3o de toda forma de discrimina\u00e7\u00e3o machista, lgbtf\u00f3bico, racista, xenof\u00f3bico, \u00e9tnico ou religioso;<\/p>\n<p>\u2013 Demarca\u00e7\u00e3o das terras ind\u00edgenas e quilombolas e imediata repara\u00e7\u00e3o aos povos negros e origin\u00e1rios;<\/p>\n<p>\u2013 Reforma agr\u00e1ria, demarca\u00e7\u00e3o e titula\u00e7\u00e3o, sem indeniza\u00e7\u00e3o ao latif\u00fandio ou agroneg\u00f3cio. Revoga\u00e7\u00e3o imediata da Lei da grilagem (Lei n\u00ba 13.465\/2017);<\/p>\n<p>\u2013 Fim dos despejos! Desapropria\u00e7\u00e3o das terras urbanas ociosas para constru\u00e7\u00e3o de moradia popular e regulariza\u00e7\u00e3o de todas as ocupa\u00e7\u00f5es irregulares onde vive o povo pobre e trabalhador, com obras para constru\u00e7\u00e3o de melhorias de infraestrutura, saneamento, energia, etc.<\/p>\n<p>\u2013 Revoga\u00e7\u00e3o imediata da Reforma Trabalhista, da lei das terceiriza\u00e7\u00f5es, das reformas previdenci\u00e1rias j\u00e1 ocorridas, da PEC (Projeto de Emenda Constitucional) do teto dos gastos, bem como garantia de que n\u00e3o se realizar\u00e1 nenhuma reforma que se tire direito dos trabalhadores;<\/p>\n<p>\u2013 Efetiva valoriza\u00e7\u00e3o dos servi\u00e7os e servidores p\u00fablicos, em todas as esferas de poder e governo; Realiza\u00e7\u00e3o imediata de concursos p\u00fablicos e efetiva\u00e7\u00e3o de todos os terceirizados, tamb\u00e9m em todas as esferas de poder e governo;<\/p>\n<p>\u2013 Fim da criminaliza\u00e7\u00e3o das lutas e ativistas, puni\u00e7\u00e3o aos assassinos e mandantes das mortes dos lutadores do campo e da cidade. Revoga\u00e7\u00e3o imediata da \u201cLei Anti-terrorismo\u201d; Fim da PM;<\/p>\n<p>\u2013 Pris\u00e3o e confisco dos bens de todos os corruptos e corruptores.<\/p>\n<p>Abaixo, mat\u00e9ria com cobertura da mesa que debateu o tema:<\/p>\n<p><a href=\"http:\/\/cspconlutas.org.br\/2018\/08\/coordenacao-nacional-debate-cenario-eleitoral-e-programa-necessario-os-trabalhadores\/\">Coordena\u00e7\u00e3o Nacional debate cen\u00e1rio eleitoral e programa necess\u00e1rio para os trabalhadores<\/a><\/p>\n<p>&nbsp;<\/p>\n<p><span style=\"font-size: 10pt;\"><em>Fonte: <a href=\"http:\/\/cspconlutas.org.br\/2018\/08\/csp-conlutas-publica-resolucao-sobre-cenario-eleitoral-e-programa-necessario-para-trabalhadores\/\" target=\"_blank\">CSP Conlutas<\/a><\/em><\/span><\/p>\n","protected":false},"excerpt":{"rendered":"<p>A Coordena\u00e7\u00e3o Nacional da CSP-Conlutas, reunida no \u00faltimo final de semana em S\u00e3o Paulo, debateu cen\u00e1rio eleitoral brasileiro e a<\/p>\n","protected":false},"author":1,"featured_media":2024,"comment_status":"closed","ping_status":"open","sticky":false,"template":"","format":"standard","meta":{"colormag_page_container_layout":"default_layout","colormag_page_sidebar_layout":"default_layout","footnotes":""},"categories":[5],"tags":[],"class_list":["post-2023","post","type-post","status-publish","format-standard","has-post-thumbnail","hentry","category-noticias"],"_links":{"self":[{"href":"https:\/\/www.secpf.com.br\/site\/wp-json\/wp\/v2\/posts\/2023","targetHints":{"allow":["GET"]}}],"collection":[{"href":"https:\/\/www.secpf.com.br\/site\/wp-json\/wp\/v2\/posts"}],"about":[{"href":"https:\/\/www.secpf.com.br\/site\/wp-json\/wp\/v2\/types\/post"}],"author":[{"embeddable":true,"href":"https:\/\/www.secpf.com.br\/site\/wp-json\/wp\/v2\/users\/1"}],"replies":[{"embeddable":true,"href":"https:\/\/www.secpf.com.br\/site\/wp-json\/wp\/v2\/comments?post=2023"}],"version-history":[{"count":1,"href":"https:\/\/www.secpf.com.br\/site\/wp-json\/wp\/v2\/posts\/2023\/revisions"}],"predecessor-version":[{"id":2025,"href":"https:\/\/www.secpf.com.br\/site\/wp-json\/wp\/v2\/posts\/2023\/revisions\/2025"}],"wp:featuredmedia":[{"embeddable":true,"href":"https:\/\/www.secpf.com.br\/site\/wp-json\/wp\/v2\/media\/2024"}],"wp:attachment":[{"href":"https:\/\/www.secpf.com.br\/site\/wp-json\/wp\/v2\/media?parent=2023"}],"wp:term":[{"taxonomy":"category","embeddable":true,"href":"https:\/\/www.secpf.com.br\/site\/wp-json\/wp\/v2\/categories?post=2023"},{"taxonomy":"post_tag","embeddable":true,"href":"https:\/\/www.secpf.com.br\/site\/wp-json\/wp\/v2\/tags?post=2023"}],"curies":[{"name":"wp","href":"https:\/\/api.w.org\/{rel}","templated":true}]}}