{"id":2044,"date":"2018-10-11T21:08:39","date_gmt":"2018-10-12T00:08:39","guid":{"rendered":"http:\/\/www.secpf.com.br\/site\/?p=2044"},"modified":"2018-10-11T21:08:39","modified_gmt":"2018-10-12T00:08:39","slug":"mpt-entra-com-acao-contra-dono-da-havan-apos-denuncias-de-coacao-eleitoral","status":"publish","type":"post","link":"https:\/\/www.secpf.com.br\/site\/mpt-entra-com-acao-contra-dono-da-havan-apos-denuncias-de-coacao-eleitoral\/","title":{"rendered":"MPT entra com a\u00e7\u00e3o contra dono da Havan ap\u00f3s den\u00fancias de coa\u00e7\u00e3o eleitoral"},"content":{"rendered":"<p>No domingo (30), come\u00e7ou a circular nas redes sociais um v\u00eddeo mostrando Luciano Hang, dono da rede de lojas Havan, dizendo que ir\u00e1 \u201cjogar a toalha\u201d caso um candidato de esquerda seja eleito presidente.\u00a0\u201cVoc\u00ea que sonha em ser l\u00edder, gerente e crescer na Havan j\u00e1 imaginou que tudo isso pode acabar no dia 7 de outubro?\u201d, diz Hang. O v\u00eddeo aparece emoldurado com a marca de Jair Bolsonaro (PSL) e a frase: \u201cO Brasil que queremos s\u00f3 depende de n\u00f3s\u201d.<\/p>\n<p>Na ter\u00e7a-feira (2), o Minist\u00e9rio P\u00fablico do Trabalho (MPT) de Santa Catarina entrou com<a href=\"https:\/\/www.documentcloud.org\/documents\/4953240.html#document\/p1\">\u00a0uma a\u00e7\u00e3o<\/a>\u00a0contra o empres\u00e1rio. No despacho,\u00a0o MPT pede pagamento de multa de R$ 1 milh\u00e3o caso persista a conduta irregular. O caso ser\u00e1 analisado pela 7\u00aa Vara do Trabalho de Florian\u00f3polis.<\/p>\n<p>A a\u00e7\u00e3o foi encaminhada\u00a0em car\u00e1ter de urg\u00eancia, levando em considera\u00e7\u00e3o a proximidade das elei\u00e7\u00f5es, que t\u00eam o primeiro turno no domingo (7).\u00a0Na segunda-feira (1\u00ba), o Minist\u00e9rio j\u00e1 havia se posicionado, por meio de uma\u00a0<a href=\"https:\/\/www.sul21.com.br\/ultimas-noticias\/politica\/eleicoes-2018\/2018\/10\/mpt-alerta-coacao-da-empresa-no-voto-do-trabalhador-e-violacao-trabalhista\/\">nota p\u00fablica<\/a>, que \u00e9 proibida a imposi\u00e7\u00e3o, coa\u00e7\u00e3o ou direcionamento nas escolhas pol\u00edticas dos empregados.<\/p>\n<p><strong>\u2018Voc\u00ea \u00e9 respons\u00e1vel por isso\u2019<\/strong><\/p>\n<p>Segundo o empres\u00e1rio, a rede de lojas realizou pesquisas entre seus colaboradores para saber como eles votar\u00e3o nas elei\u00e7\u00f5es de 2018. \u201cTemos 30% de colaboradores que votar\u00e3o branco e nulo. [\u2026] Olha a responsabilidade que n\u00f3s temos com esse pa\u00eds. Olha o esfor\u00e7o que eu estou fazendo por este pa\u00eds, gerando cada vez mais empresas e mais empregos\u2026\u201d, afirma. Hang tamb\u00e9m aponta que n\u00e3o se pode \u201cdeixar a oportunidade passar\u201d e que \u201cdepois, n\u00e3o adiantar\u00e1 reclamar\u201d.<\/p>\n<p>Em tr\u00eas momentos do v\u00eddeo de quase quatro minutos, o empres\u00e1rio se dedica a refor\u00e7ar a ideia de que o Brasil \u201cn\u00e3o pode virar uma Venezuela\u201d. Para ele, PT, PSOL, PCdoB e PDT representam o \u201cmal\u201d e, se uma das legendas ganhar as elei\u00e7\u00f5es, ir\u00e1 repensar sua organiza\u00e7\u00e3o empresarial.\u00a0\u201cVoc\u00ea j\u00e1 pensou que a Havan pode fechar e demitir os 15 mil colaboradores?\u201d, questiona. \u201cVoc\u00ea \u00e9 respons\u00e1vel por isso\u201d, completa.<\/p>\n<p>Em suas redes sociais, Hang compartilha diversas mensagens e v\u00eddeos apoiando Bolsonaro. Al\u00e9m disso, ele tem se dedicado \u00e0 publicidade em canais de televis\u00e3o de Santa Catarina. As inser\u00e7\u00f5es comerciais mostram o empres\u00e1rio falando sobre os riscos do comunismo e contam com a figura\u00e7\u00e3o de funcion\u00e1rios. Em setembro, ele chegou a ser\u00a0<a href=\"http:\/\/www.juscatarina.com.br\/2018\/09\/13\/tse-multa-dono-da-havan-por-impulsionar-propaganda-pro-bolsonaro\/\">multado<\/a>\u00a0pelo\u00a0Tribunal Superior Eleitoral (TSE)\u00a0por contrata\u00e7\u00e3o irregular de impulsionamento de propaganda eleitoral na internet favor\u00e1vel a Bolsonaro.<\/p>\n<h3>Confira o v\u00eddeo na \u00edntegra:<\/h3>\n<h3><iframe src=\"https:\/\/streamable.com\/s\/8q36u\/cbfzpo\" width=\"100%\" height=\"100%\" frameborder=\"0\" allowfullscreen=\"allowfullscreen\"><\/iframe><\/h3>\n<div class=\"box\"><\/div>\n<div class=\"box\"><\/div>\n<div class=\"box\"><em>Fonte: <a href=\"https:\/\/www.sul21.com.br\/ultimas-noticias\/politica\/eleicoes-2018\/2018\/10\/mpt-entra-com-acao-contra-dono-da-havan-apos-denuncias-de-coacao-eleitoral\/\" target=\"_blank\">Sul21.com.br<\/a><\/em><\/div>\n","protected":false},"excerpt":{"rendered":"<p>No domingo (30), come\u00e7ou a circular nas redes sociais um v\u00eddeo mostrando Luciano Hang, dono da rede de lojas Havan,<\/p>\n","protected":false},"author":1,"featured_media":2045,"comment_status":"closed","ping_status":"open","sticky":false,"template":"","format":"standard","meta":{"colormag_page_container_layout":"default_layout","colormag_page_sidebar_layout":"default_layout","footnotes":""},"categories":[5],"tags":[],"class_list":["post-2044","post","type-post","status-publish","format-standard","has-post-thumbnail","hentry","category-noticias"],"_links":{"self":[{"href":"https:\/\/www.secpf.com.br\/site\/wp-json\/wp\/v2\/posts\/2044","targetHints":{"allow":["GET"]}}],"collection":[{"href":"https:\/\/www.secpf.com.br\/site\/wp-json\/wp\/v2\/posts"}],"about":[{"href":"https:\/\/www.secpf.com.br\/site\/wp-json\/wp\/v2\/types\/post"}],"author":[{"embeddable":true,"href":"https:\/\/www.secpf.com.br\/site\/wp-json\/wp\/v2\/users\/1"}],"replies":[{"embeddable":true,"href":"https:\/\/www.secpf.com.br\/site\/wp-json\/wp\/v2\/comments?post=2044"}],"version-history":[{"count":1,"href":"https:\/\/www.secpf.com.br\/site\/wp-json\/wp\/v2\/posts\/2044\/revisions"}],"predecessor-version":[{"id":2046,"href":"https:\/\/www.secpf.com.br\/site\/wp-json\/wp\/v2\/posts\/2044\/revisions\/2046"}],"wp:featuredmedia":[{"embeddable":true,"href":"https:\/\/www.secpf.com.br\/site\/wp-json\/wp\/v2\/media\/2045"}],"wp:attachment":[{"href":"https:\/\/www.secpf.com.br\/site\/wp-json\/wp\/v2\/media?parent=2044"}],"wp:term":[{"taxonomy":"category","embeddable":true,"href":"https:\/\/www.secpf.com.br\/site\/wp-json\/wp\/v2\/categories?post=2044"},{"taxonomy":"post_tag","embeddable":true,"href":"https:\/\/www.secpf.com.br\/site\/wp-json\/wp\/v2\/tags?post=2044"}],"curies":[{"name":"wp","href":"https:\/\/api.w.org\/{rel}","templated":true}]}}