{"id":2047,"date":"2018-10-11T21:19:53","date_gmt":"2018-10-12T00:19:53","guid":{"rendered":"http:\/\/www.secpf.com.br\/site\/?p=2047"},"modified":"2018-11-02T18:13:45","modified_gmt":"2018-11-02T21:13:45","slug":"em-audiencia-no-stf-fattorelli-fala-sobre-o-sistema-da-divida-e-as-privatizacoes","status":"publish","type":"post","link":"https:\/\/www.secpf.com.br\/site\/em-audiencia-no-stf-fattorelli-fala-sobre-o-sistema-da-divida-e-as-privatizacoes\/","title":{"rendered":"Em audi\u00eancia no STF, Fattorelli fala sobre o sistema da d\u00edvida e as privatiza\u00e7\u00f5es"},"content":{"rendered":"<p><iframe src=\"https:\/\/www.youtube.com\/embed\/m7LdZPyOOXQ?rel=0\" width=\"560\" height=\"315\" frameborder=\"0\" allowfullscreen=\"allowfullscreen\"><\/iframe><\/p>\n<p>&nbsp;<\/p>\n<p>Durante audi\u00eancia P\u00fablica no Supremo Tribunal Federal, sobre privatiza\u00e7\u00f5es de empresas p\u00fablicas, a coordenadora nacional da Auditoria Cidad\u00e3 da D\u00edvida, Maria Lucia Fattorelli, relacionou os programas de privatiza\u00e7\u00f5es ao sistema da d\u00edvida. Confira.<\/p>\n<p>&nbsp;<\/p>\n<p><span style=\"font-size: 10pt;\"><em>Fonte: <a href=\"https:\/\/auditoriacidada.org.br\/video\/em-audiencia-no-stf-fattorelli-fala-sobre-o-sistema-da-divida-e-as-privatizacoes\/\" target=\"_blank\">Auditoria Cidad\u00e3 da D\u00edvida<\/a><\/em><\/span><\/p>\n","protected":false},"excerpt":{"rendered":"<p>&nbsp; Durante audi\u00eancia P\u00fablica no Supremo Tribunal Federal, sobre privatiza\u00e7\u00f5es de empresas p\u00fablicas, a coordenadora nacional da Auditoria Cidad\u00e3 da<\/p>\n","protected":false},"author":1,"featured_media":2049,"comment_status":"closed","ping_status":"open","sticky":false,"template":"","format":"video","meta":{"colormag_page_container_layout":"default_layout","colormag_page_sidebar_layout":"default_layout","footnotes":""},"categories":[26],"tags":[18],"class_list":["post-2047","post","type-post","status-publish","format-video","has-post-thumbnail","hentry","category-videos","tag-destaque","post_format-post-format-video"],"_links":{"self":[{"href":"https:\/\/www.secpf.com.br\/site\/wp-json\/wp\/v2\/posts\/2047","targetHints":{"allow":["GET"]}}],"collection":[{"href":"https:\/\/www.secpf.com.br\/site\/wp-json\/wp\/v2\/posts"}],"about":[{"href":"https:\/\/www.secpf.com.br\/site\/wp-json\/wp\/v2\/types\/post"}],"author":[{"embeddable":true,"href":"https:\/\/www.secpf.com.br\/site\/wp-json\/wp\/v2\/users\/1"}],"replies":[{"embeddable":true,"href":"https:\/\/www.secpf.com.br\/site\/wp-json\/wp\/v2\/comments?post=2047"}],"version-history":[{"count":1,"href":"https:\/\/www.secpf.com.br\/site\/wp-json\/wp\/v2\/posts\/2047\/revisions"}],"predecessor-version":[{"id":2050,"href":"https:\/\/www.secpf.com.br\/site\/wp-json\/wp\/v2\/posts\/2047\/revisions\/2050"}],"wp:featuredmedia":[{"embeddable":true,"href":"https:\/\/www.secpf.com.br\/site\/wp-json\/wp\/v2\/media\/2049"}],"wp:attachment":[{"href":"https:\/\/www.secpf.com.br\/site\/wp-json\/wp\/v2\/media?parent=2047"}],"wp:term":[{"taxonomy":"category","embeddable":true,"href":"https:\/\/www.secpf.com.br\/site\/wp-json\/wp\/v2\/categories?post=2047"},{"taxonomy":"post_tag","embeddable":true,"href":"https:\/\/www.secpf.com.br\/site\/wp-json\/wp\/v2\/tags?post=2047"}],"curies":[{"name":"wp","href":"https:\/\/api.w.org\/{rel}","templated":true}]}}