{"id":2071,"date":"2018-10-15T00:07:54","date_gmt":"2018-10-15T03:07:54","guid":{"rendered":"http:\/\/www.secpf.com.br\/site\/?p=2071"},"modified":"2018-11-02T18:13:15","modified_gmt":"2018-11-02T21:13:15","slug":"2-turno-declaracoes-em-portugues-espanhol-e-ingles-da-csp-conlutas-sobre-segundo-turno-da-eleicao-presidencial","status":"publish","type":"post","link":"https:\/\/www.secpf.com.br\/site\/2-turno-declaracoes-em-portugues-espanhol-e-ingles-da-csp-conlutas-sobre-segundo-turno-da-eleicao-presidencial\/","title":{"rendered":"2\u00b0 Turno: Declara\u00e7\u00f5es em portugu\u00eas, espanhol e ingl\u00eas da CSP-Conlutas sobre segundo turno da elei\u00e7\u00e3o presidencial"},"content":{"rendered":"<p>A Secretaria Executiva Nacional da CSP-Conlutas se reuniu nesta quinta-feira (11) e aprovou resolu\u00e7\u00e3o sobre o segundo turno da elei\u00e7\u00e3o para Presidente da Rep\u00fablica. Confira:<\/p>\n<p><a href=\"http:\/\/cspconlutas.org.br\/wp-content\/uploads\/2018\/10\/elen%C3%A3o-2%C2%BA-1.jpeg\"><img fetchpriority=\"high\" decoding=\"async\" class=\"size-medium wp-image-150552 aligncenter\" src=\"http:\/\/cspconlutas.org.br\/wp-content\/uploads\/2018\/10\/elen%C3%A3o-2%C2%BA-1-300x300.jpeg\" sizes=\"(max-width: 300px) 100vw, 300px\" srcset=\"http:\/\/cspconlutas.org.br\/wp-content\/uploads\/2018\/10\/elen\u00e3o-2\u00ba-1-300x300.jpeg 300w, http:\/\/cspconlutas.org.br\/wp-content\/uploads\/2018\/10\/elen\u00e3o-2\u00ba-1-150x150.jpeg 150w, http:\/\/cspconlutas.org.br\/wp-content\/uploads\/2018\/10\/elen\u00e3o-2\u00ba-1-768x768.jpeg 768w, http:\/\/cspconlutas.org.br\/wp-content\/uploads\/2018\/10\/elen\u00e3o-2\u00ba-1-1024x1024.jpeg 1024w, http:\/\/cspconlutas.org.br\/wp-content\/uploads\/2018\/10\/elen\u00e3o-2\u00ba-1-65x65.jpeg 65w, http:\/\/cspconlutas.org.br\/wp-content\/uploads\/2018\/10\/elen\u00e3o-2\u00ba-1.jpeg 1280w\" alt=\"\" width=\"300\" height=\"300\" \/><\/a><\/p>\n<p><strong>2\u00b0 Turno: \u00c9 preciso derrotar Bolsonaro, nas urnas e nas ruas,\u00a0e intensificar nossa luta\u00a0contra qualquer um que ataque nossos direitos!<\/strong><\/p>\n<p>A disputa no segundo turno para as elei\u00e7\u00f5es presidenciais ocorrer\u00e1 entre Jair Bolsonaro e Fernando Haddad. Depois de 13 anos de governos do PT e do Governo Temer, esse processo se d\u00e1 num momento em que nossa classe, com raz\u00e3o, est\u00e1 indignada com a falta de emprego, o aumento da viol\u00eancia e com a roubalheira geral que tomou conta de nosso pa\u00eds. Uma situa\u00e7\u00e3o que, como se fala por toda parte, ningu\u00e9m aguenta mais.<\/p>\n<p>O sentimento de indigna\u00e7\u00e3o contra tudo isso tem colocado os trabalhadores e o povo pobre de nosso pa\u00eds em \u201cp\u00e9 de guerra\u201d e mobiliza\u00e7\u00e3o. Estamos diante de uma enorme polariza\u00e7\u00e3o pol\u00edtica e social contra essa que \u00e9 uma verdadeira guerra social contra os pobres.<\/p>\n<p>Frente ao aprofundamento dos ataques aos direitos, temos assistido a uma enorme disposi\u00e7\u00e3o de luta e resist\u00eancia da classe trabalhadora que n\u00e3o para de fazer greves, lutas, mobiliza\u00e7\u00f5es, retomada de territ\u00f3rios, ocupa\u00e7\u00f5es urbanas e rurais, manifesta\u00e7\u00f5es por in\u00fameros temas democr\u00e1ticos e uma infinidade de outras a\u00e7\u00f5es exercidas pelos diversos setores oprimidos e explorados.\u00a0Destacamos o protagonismo das lutas e mobiliza\u00e7\u00f5es promovidas pelas mulheres em todo esse per\u00edodo, inclusive agora quando, em meio a esse processo eleitoral, ocorreu um novo ponto alto, no \u00faltimo dia 29 de setembro, com poderosos atos e manifesta\u00e7\u00f5es conduzidos sob a bandeira \u201c#Elen\u00e3o\u201d contra Bolasonaro! Tamb\u00e9m ressaltamos o fato de,\u00a0recentemente, termos realizado a maior greve geral das \u00faltimas d\u00e9cadas em nosso pa\u00eds. Portanto, nossa classe n\u00e3o est\u00e1 derrotada. Mesmo assim, nossas condi\u00e7\u00f5es de vida s\u00f3 est\u00e3o piorando.<\/p>\n<p>No processo eleitoral, Bolsonaro, o defensor da ditadura e da tortura, esbanja provoca\u00e7\u00f5es com suas propostas em defesa dos ricos, da retirada de nossos direitos, com seu racismo, machismo e preconceito, explicitamente assumido, contra os mais pobres e nordestinos. Ele chega ao segundo turno e traz no seu programa de governo um elemento que n\u00e3o podemos aceitar que se repita jamais em nossa hist\u00f3ria: defende abertamente a Ditadura Militar, os torturadores e amea\u00e7a atacar as liberdades democr\u00e1ticas e as organiza\u00e7\u00f5es dos trabalhadores como, por exemplo, os sindicatos.<\/p>\n<p>O chamado \u201cfim do ativismo\u201d, defendido por Bolsonaro, significa uma tentativa de p\u00f4r fim ao direito de lutarmos e fazermos greves e manifesta\u00e7\u00f5es pelo direito \u00e0 terra, \u00e0 moradia ou em defesa dos nossos direitos trabalhistas e sociais. Ele pretende ainda, na base repress\u00e3o, acabar com o direito das mulheres, negros e negras, camponeses, \u00edndios, quilombolas e LGBTs de se mobilizarem por suas pautas. Fruto desse discurso, estamos assistindo a brutais epis\u00f3dios de car\u00e1ter protofascistas, com agress\u00f5es, espancamentos e at\u00e9 assassinato de pessoas pelo fato de expressarem sua oposi\u00e7\u00e3o a esse projeto excludente, opressor e defensor do fim das liberdades.<\/p>\n<p>Est\u00e1 evidente que, nesse segundo turno, nossa tarefa \u00e9 derrotar essa candidatura nas urnas e nas ruas, pois, se eleito, Bolsonaro vai governar e atacar as mobiliza\u00e7\u00f5es, as lideran\u00e7as e as liberdades democr\u00e1ticas. Ele o far\u00e1 com o apoio ativo do aparelho repressor das For\u00e7as Armadas, como ele mesmo anuncia. \u00c9, especialmente, por esse motivo que temos de derrot\u00e1-lo.<\/p>\n<p>Considerando que, no caso de ser eleito, Bolsonaro lan\u00e7ar\u00e1 m\u00e3o de mais repress\u00e3o contra as nossas lutas e atacar\u00e1 duramente as\u00a0liberdades democr\u00e1ticas, como ele mesmo assume, n\u00e3o podemos dar-lhe um mil\u00edmetro de espa\u00e7o sequer para que essa nefasta possibilidade ocorra. Por isso,\u00a0no marco da defesa da autonomia e pr\u00e1tica da democracia oper\u00e1ria de cada uma de nossas entidades,\u00a0chamamos nossa classe a votar contra Bolsonaro.<\/p>\n<p>Destacamos, no entanto que, para n\u00f3s da CSP-Conlutas,\u00a0indicar aos trabalhadores que votem 13 neste segundo turno para derrotar Bosonoro\u00a0tem o \u00fanico objetivo de impedir que o mesmo e seus aliados cheguem eleitoralmente \u00e0 Presid\u00eancia da Rep\u00fablica. Dessa forma, reiteramos a compreens\u00e3o de que nossa principal arena para derrotar projetos ditatoriais ou mesmo de colabora\u00e7\u00e3o de classes ser\u00e1 sempre a luta direta,\u00a0a efetiva\u00e7\u00e3o pr\u00e1tica de mecanismos de autodefesa\u00a0e o enfrentamento direto contra esses projetos e seus representantes. Cabe-nos ainda afirmar que esse posicionamento n\u00e3o significa alimentar nenhuma ilus\u00e3o ou apoio pol\u00edtico ao PT, seus aliados e seu projeto de colabora\u00e7\u00e3o de classes, contra o qual, ali\u00e1s, sempre lutamos e tivemos de enfrentar durante mais de uma d\u00e9cada.<\/p>\n<p>Por esse motivo, continuaremos defendendo a independ\u00eancia de classe e seremos oposi\u00e7\u00e3o a um eventual governo do PT desde o seu primeiro dia.<\/p>\n<p>Somado a essa orienta\u00e7\u00e3o\u00a0referente ao segundo turno dessas elei\u00e7\u00f5es, nossa Central, mais uma vez, faz um chamado imediato \u00e0s Centrais Sindicais e \u00e0s organiza\u00e7\u00f5es do movimento de massas para iniciarmos desde j\u00e1 a prepara\u00e7\u00e3o de uma nova Greve Geral. Isso \u00e9 necess\u00e1rio porque, al\u00e9m do fato de Temer estar anunciando votar a Reforma da Previd\u00eancia ainda esse ano, sabemos que, para atender os interesses do \u201cmercado\u201d, ganhe quem ganhe essas elei\u00e7\u00f5es, vir\u00e3o fortes ataques aos nossos diretos trabalhistas, previdenci\u00e1rios e sociais.\u00a0Visando aumentar nossa capacidade de luta, unidade e enfrentamento a esses ataques devemos nos apoiar em iniciativas e chamados comuns dos movimentos como, por exemplo, o j\u00e1 constru\u00eddo e publicado entre as centrais sindicais que diz: \u201cReforma da Previd\u00eancia: Se botar pra votar, o Brasil vai parar, de novo\u201d!<\/p>\n<p>Orientamos nossas entidades a discutirem essa resolu\u00e7\u00e3o em suas inst\u00e2ncias deliberativas, junto \u00e0s bases e com o conjunto dos movimentos sociais a fim de que, no marco da interven\u00e7\u00e3o no processo das elei\u00e7\u00f5es, tamb\u00e9m possamos construir, desde j\u00e1, a mais ampla unidade de a\u00e7\u00e3o, mobiliza\u00e7\u00e3o e resist\u00eancia contra os ataques aos nossos direitos e em defesa das liberdades democr\u00e1ticas.<\/p>\n<p><strong>\u2013\u00a0Ditadura nunca mais!<\/strong><\/p>\n<p><strong>\u2013 Pra derrotar Bolsonaro no segundo turno, Vote 13!<\/strong><\/p>\n<p><strong>\u2013 Oposi\u00e7\u00e3o ao poss\u00edvel governo do PT desde seu primeiro dia!<\/strong><\/p>\n<p><strong>\u2013 Em defesa de uma nova Greve Geral contra qualquer um venha atacar nossos diretos!<\/strong><\/p>\n<p><strong>\u2013 Pela revoga\u00e7\u00e3o imediata de todas as medidas e reformas de Temer!<\/strong><\/p>\n<p><strong>\u2013 Suspens\u00e3o imediata do pagamento da D\u00edvida P\u00fablica!<\/strong><\/p>\n<p><strong>\u2013 Por emprego, sal\u00e1rio, terra e moradia!<\/strong><\/p>\n<p><strong>\u2013 Aumento geral dos sal\u00e1rios e congelamento dos pre\u00e7os dos alimentos e tarifas p\u00fablicas!<\/strong><\/p>\n<p><strong>\u2013 Defesa dos servi\u00e7os e servidores p\u00fablicos!<\/strong><\/p>\n<p><strong>\u2013 Pris\u00e3o e confisco dos bens para TODOS os corruptos e corruptores!<\/strong><\/p>\n<p>&nbsp;<\/p>\n<p>S\u00e3o Paulo, 11 de outubro de 2018.<\/p>\n<p><strong>Secretaria Executiva Nacional da CSP-Conlutas<\/strong><\/p>\n<p>&nbsp;<\/p>\n<p><strong>Confira a\u00a0<a href=\"http:\/\/cspconlutas.org.br\/2018\/10\/2o-ronda-es-necesario-derrotar-a-bolsonaro-en-las-urnas-y-las-calles-y-para-intensificar-nuestra-lucha-contra-cualquiera-que-ataque-nuestros-derechos\/\">resolu\u00e7\u00e3o em espanhol<\/a>.<\/strong><\/p>\n<p><strong>Confira a\u00a0<a href=\"http:\/\/cspconlutas.org.br\/2018\/10\/runoff-it-is-necessary-both-to-defeat-bolsonaro-in-the-elections-and-on-the-streets-and-to-intensify-the-struggle-against-any-administration-which-attacks-our-rights\/\">resolu\u00e7\u00e3o em ingl\u00eas<\/a>.<\/strong><\/p>\n","protected":false},"excerpt":{"rendered":"<p>A Secretaria Executiva Nacional da CSP-Conlutas se reuniu nesta quinta-feira (11) e aprovou resolu\u00e7\u00e3o sobre o segundo turno da elei\u00e7\u00e3o<\/p>\n","protected":false},"author":1,"featured_media":2073,"comment_status":"open","ping_status":"open","sticky":false,"template":"","format":"standard","meta":{"colormag_page_container_layout":"default_layout","colormag_page_sidebar_layout":"default_layout","footnotes":""},"categories":[5],"tags":[380,348,352],"class_list":["post-2071","post","type-post","status-publish","format-standard","has-post-thumbnail","hentry","category-noticias","tag-elenao","tag-democracia","tag-eleicoes"],"_links":{"self":[{"href":"https:\/\/www.secpf.com.br\/site\/wp-json\/wp\/v2\/posts\/2071","targetHints":{"allow":["GET"]}}],"collection":[{"href":"https:\/\/www.secpf.com.br\/site\/wp-json\/wp\/v2\/posts"}],"about":[{"href":"https:\/\/www.secpf.com.br\/site\/wp-json\/wp\/v2\/types\/post"}],"author":[{"embeddable":true,"href":"https:\/\/www.secpf.com.br\/site\/wp-json\/wp\/v2\/users\/1"}],"replies":[{"embeddable":true,"href":"https:\/\/www.secpf.com.br\/site\/wp-json\/wp\/v2\/comments?post=2071"}],"version-history":[{"count":1,"href":"https:\/\/www.secpf.com.br\/site\/wp-json\/wp\/v2\/posts\/2071\/revisions"}],"predecessor-version":[{"id":2074,"href":"https:\/\/www.secpf.com.br\/site\/wp-json\/wp\/v2\/posts\/2071\/revisions\/2074"}],"wp:featuredmedia":[{"embeddable":true,"href":"https:\/\/www.secpf.com.br\/site\/wp-json\/wp\/v2\/media\/2073"}],"wp:attachment":[{"href":"https:\/\/www.secpf.com.br\/site\/wp-json\/wp\/v2\/media?parent=2071"}],"wp:term":[{"taxonomy":"category","embeddable":true,"href":"https:\/\/www.secpf.com.br\/site\/wp-json\/wp\/v2\/categories?post=2071"},{"taxonomy":"post_tag","embeddable":true,"href":"https:\/\/www.secpf.com.br\/site\/wp-json\/wp\/v2\/tags?post=2071"}],"curies":[{"name":"wp","href":"https:\/\/api.w.org\/{rel}","templated":true}]}}