{"id":2075,"date":"2018-10-17T16:04:39","date_gmt":"2018-10-17T19:04:39","guid":{"rendered":"http:\/\/www.secpf.com.br\/site\/?p=2075"},"modified":"2018-10-18T00:07:37","modified_gmt":"2018-10-18T03:07:37","slug":"em-defesa-do-direito-de-lutar-e-preciso-derrotar-bolsonaro","status":"publish","type":"post","link":"https:\/\/www.secpf.com.br\/site\/em-defesa-do-direito-de-lutar-e-preciso-derrotar-bolsonaro\/","title":{"rendered":"Em defesa do direito de lutar, \u00e9 preciso derrotar Bolsonaro"},"content":{"rendered":"<h3 class=\"midlet\">N\u00e3o podemos eleger um presidente defensor da persegui\u00e7\u00e3o aos trabalhadores<\/h3>\n<p>No dia 28, os brasileiros ir\u00e3o novamente \u00e0s urnas para escolher quem vai governar o Brasil pelos pr\u00f3ximos quatro anos. No primeiro turno, a vota\u00e7\u00e3o em Jair Bolsonaro (PSL) representou a insatisfa\u00e7\u00e3o da popula\u00e7\u00e3o com governos que deixaram uma heran\u00e7a de desemprego, corrup\u00e7\u00e3o e ataques aos direitos trabalhistas. Entretanto, eleger Bolsonaro \u00e9 tamb\u00e9m escolher um perigoso caminho que pode levar \u00e0 volta de um regime de persegui\u00e7\u00e3o e tortura que por 20 anos tomou conta do pa\u00eds.<\/p>\n<p>Seja quem for eleito, o futuro governo ser\u00e1 de continuidade aos ataques contra a classe trabalhadora. Tanto Bolsonaro quanto Fernando Haddad (PT) ir\u00e3o governar em benef\u00edcio de banqueiros e empres\u00e1rios. Mas h\u00e1 uma importante diferen\u00e7a que n\u00e3o pode ser deixada de lado.<\/p>\n<p><a href=\"http:\/\/www.secpf.com.br\/site\/wp-content\/uploads\/2018\/10\/171018-bolsonaro.jpg\"><img fetchpriority=\"high\" decoding=\"async\" class=\"alignleft wp-image-2077 size-medium\" src=\"http:\/\/www.secpf.com.br\/site\/wp-content\/uploads\/2018\/10\/171018-bolsonaro-300x234.jpg\" alt=\"171018-bolsonaro\" width=\"300\" height=\"234\" srcset=\"https:\/\/www.secpf.com.br\/site\/wp-content\/uploads\/2018\/10\/171018-bolsonaro-300x234.jpg 300w, https:\/\/www.secpf.com.br\/site\/wp-content\/uploads\/2018\/10\/171018-bolsonaro.jpg 564w\" sizes=\"(max-width: 300px) 100vw, 300px\" \/><\/a>Jair Bolsonaro j\u00e1 disse abertamente que \u00e9 favor\u00e1vel \u00e0 ditadura, um regime que, entre 1964 e 1985, prendeu, assassinou e mandou demitir trabalhadores, acabou com o direito \u00e0 greve, \u00e0 liberdade de imprensa, \u00e0 elei\u00e7\u00e3o presidencial e, principalmente, com o direito do povo criticar o governo.<\/p>\n<p>Em sua primeira declara\u00e7\u00e3o p\u00fablica ap\u00f3s a divulga\u00e7\u00e3o do resultado do primeiro turno, Bolsonaro afirmou, com todas as letras, que vai acabar com qualquer ativismo no Brasil. Na pr\u00e1tica, isto significa tornar ilegais movimentos oper\u00e1rios, populares e sociais. Esque\u00e7a ir para a porta da f\u00e1brica reivindicar seus direitos. Tudo passa a ser proibido.<\/p>\n<p>Diante deste cen\u00e1rio, o Sindicato defende que a classe trabalhadora deve votar em favor do direito de continuar lutando. Deve votar 13, contra Bolsonaro, mas fazendo oposi\u00e7\u00e3o a qualquer um dos dois governos a partir de 1\u00ba de janeiro. Contra os ataques aos direitos, os metal\u00fargicos ter\u00e3o de se organizar para derrotar o governo nas lutas.<\/p>\n<p>\u201cTemos consci\u00eancia de que nenhum dos dois governar\u00e1 para os trabalhadores, mas chegamos num ponto em que temos de escolher em qual terreno iremos lutar: se queremos um governo em que poderemos seguir com nossas lutas e mobiliza\u00e7\u00f5es ou um regime em que n\u00e3o poderemos mais lutar&#8221;, afirma o presidente do Sindicato, Weller Gon\u00e7alves.<\/p>\n<p><b>Povo foi tra\u00eddo<\/b><br \/>\nN\u00e3o \u00e9 por acaso que Jair Bolsonaro foi o mais votado nestas elei\u00e7\u00f5es. A classe trabalhadora se sentiu tra\u00edda pelos governos de Lula e Dilma, que privilegiaram os banqueiros e empres\u00e1rios durante 13 anos. Votar em Bolsonaro foi como um voto de rep\u00fadio ao PT.<\/p>\n<p>Mas o candidato do PSL e seu vice general Hamilton Mour\u00e3o tamb\u00e9m j\u00e1 mostraram que consideram que \u201ctrabalhadores t\u00eam direitos demais\u201d e \u00e9 preciso tirar esse peso das costas dos patr\u00f5es. Se eles j\u00e1 disseram isso durante a campanha eleitoral, imagine o que vir\u00e1 depois da posse!<\/p>\n<p>Por tudo isso, o Sindicato decidiu chamar o voto ao 13, mesmo sem acreditar que Fernando Haddad ir\u00e1 governar para a classe trabalhadora. Neste momento, precisamos defender a liberdade democr\u00e1tica dos trabalhadores. Nos pr\u00f3ximos anos, precisaremos desta liberdade para derrotar os ataques que certamente vir\u00e3o.<\/p>\n<p>&nbsp;<\/p>\n<p><span style=\"font-size: 10pt;\"><em>Fonte:\u00a0<a href=\"http:\/\/www.sindmetalsjc.org.br\/imprensa\/ultimas-noticias\/4207\/em+defesa+do+direito+de+lutar+e+preciso+derrotar+bolsonaro.htm\" target=\"_blank\">sindmetalsjc.org.br<\/a><\/em><\/span><\/p>\n","protected":false},"excerpt":{"rendered":"<p>N\u00e3o podemos eleger um presidente defensor da persegui\u00e7\u00e3o aos trabalhadores No dia 28, os brasileiros ir\u00e3o novamente \u00e0s urnas para<\/p>\n","protected":false},"author":1,"featured_media":2077,"comment_status":"closed","ping_status":"open","sticky":false,"template":"","format":"standard","meta":{"colormag_page_container_layout":"default_layout","colormag_page_sidebar_layout":"default_layout","footnotes":""},"categories":[5],"tags":[],"class_list":["post-2075","post","type-post","status-publish","format-standard","has-post-thumbnail","hentry","category-noticias"],"_links":{"self":[{"href":"https:\/\/www.secpf.com.br\/site\/wp-json\/wp\/v2\/posts\/2075","targetHints":{"allow":["GET"]}}],"collection":[{"href":"https:\/\/www.secpf.com.br\/site\/wp-json\/wp\/v2\/posts"}],"about":[{"href":"https:\/\/www.secpf.com.br\/site\/wp-json\/wp\/v2\/types\/post"}],"author":[{"embeddable":true,"href":"https:\/\/www.secpf.com.br\/site\/wp-json\/wp\/v2\/users\/1"}],"replies":[{"embeddable":true,"href":"https:\/\/www.secpf.com.br\/site\/wp-json\/wp\/v2\/comments?post=2075"}],"version-history":[{"count":1,"href":"https:\/\/www.secpf.com.br\/site\/wp-json\/wp\/v2\/posts\/2075\/revisions"}],"predecessor-version":[{"id":2078,"href":"https:\/\/www.secpf.com.br\/site\/wp-json\/wp\/v2\/posts\/2075\/revisions\/2078"}],"wp:featuredmedia":[{"embeddable":true,"href":"https:\/\/www.secpf.com.br\/site\/wp-json\/wp\/v2\/media\/2077"}],"wp:attachment":[{"href":"https:\/\/www.secpf.com.br\/site\/wp-json\/wp\/v2\/media?parent=2075"}],"wp:term":[{"taxonomy":"category","embeddable":true,"href":"https:\/\/www.secpf.com.br\/site\/wp-json\/wp\/v2\/categories?post=2075"},{"taxonomy":"post_tag","embeddable":true,"href":"https:\/\/www.secpf.com.br\/site\/wp-json\/wp\/v2\/tags?post=2075"}],"curies":[{"name":"wp","href":"https:\/\/api.w.org\/{rel}","templated":true}]}}