{"id":2080,"date":"2018-10-21T03:08:42","date_gmt":"2018-10-21T06:08:42","guid":{"rendered":"http:\/\/www.secpf.com.br\/site\/?p=2080"},"modified":"2018-11-02T18:13:02","modified_gmt":"2018-11-02T21:13:02","slug":"presidente-da-federasul-defende-bolsonaro-por-estabilidade-e-quer-extincao-do-salario-minimo-regional","status":"publish","type":"post","link":"https:\/\/www.secpf.com.br\/site\/presidente-da-federasul-defende-bolsonaro-por-estabilidade-e-quer-extincao-do-salario-minimo-regional\/","title":{"rendered":"Presidente da Federasul defende Bolsonaro por \u2018estabilidade\u2019 e quer extin\u00e7\u00e3o do sal\u00e1rio m\u00ednimo regional"},"content":{"rendered":"<p>O empresariado ga\u00facho tem o seu candidato \u00e0 presid\u00eancia. Jair Bolsonaro (PSL) \u00e9 o nome que representa a \u201cclasse produtiva\u201d, termo empregado pela presidente da Federa\u00e7\u00e3o das Entidades Empresariais do Rio Grande do Sul (Federasul), Simone Leite, para definir seus pares. Ela \u00e9 clara ao definir a candidatura do capit\u00e3o da reserva como aquela que mais se alinha ao perfil que os empres\u00e1rios acreditam ser o adequado para trazer estabilidade para o Pa\u00eds, o que n\u00e3o v\u00ea acontecendo em caso de vit\u00f3ria do seu advers\u00e1rio, Fernando Haddad (PT), o qual classifica como tendo um \u201cvi\u00e9s socialista\u201d.<\/p>\n<p>Na \u00faltima quarta-feira (19), o\u00a0<strong>Sul21\u00a0<\/strong>conversou brevemente com Simone ap\u00f3s o encerramento do\u00a0debate\u00a0promovido pela Federasul entre os candidatos a governador do Estado, Jos\u00e9 Ivo Sartori (MDB) e Eduardo Leite (PSDB). O objetivo do papo era saber como ela e o conjunto do empresariado que compuserem a audi\u00eancia do evento estavam observando o ciclo eleitoral atual.<\/p>\n<p>No in\u00edcio do debate, Simone comemorou o fato de esta, na opini\u00e3o dela, ser a primeira campanha eleitoral em que o empresariado poderia escolher entre duas propostas, e n\u00e3o entre lados. O que h\u00e1 de diferente neste ciclo eleitoral? \u00c9 a primeira vez desde 1994 que o PT n\u00e3o participa do segundo turno da disputa pelo Pal\u00e1cio Piratini.\u00a0J\u00e1 na hora das perguntas, ela sinalizou qual \u00e9 uma das medidas mais esperadas a ser tomada pelo futuro governador: o fim do sal\u00e1rio m\u00ednimo regional. Criado em 2000, o piso regional \u00e9 de R$ 1.196,47 no RS, dividido em cinco faixas por categorias profissionais, sendo a mais alta de R$ 1.516,26. O sal\u00e1rio m\u00ednimo nacional est\u00e1 atualmente em R$ 954.<\/p>\n<p>Confira os principais momentos da entrevista.<\/p>\n<p><strong>Bolsonaro x Haddad\u00a0<\/strong><\/p>\n<p>S\u00e3o estilos completamente diferentes. O que a gente percebe? Existe por tr\u00e1s desse projeto do Haddad uma grande lideran\u00e7a, que \u00e9 o ex-presidente Lula, que hoje est\u00e1 preso em Curitiba. Ent\u00e3o, a gente traz com esse projeto toda uma inseguran\u00e7a, uma instabilidade a partir de um processo de corrup\u00e7\u00e3o que ficou arraigado no nosso Pa\u00eds.<\/p>\n<p>O que se apresenta a partir desse projeto do Jair Bolsonaro \u00e9 justamente uma sustentabilidade, basta ver as quest\u00f5es econ\u00f4micas. A partir da consolida\u00e7\u00e3o dele nas pesquisas, o d\u00f3lar baixa, a bolsa sobe, os investimentos acontecem. Isso que n\u00f3s buscamos, estabilidade a partir da figura de grande l\u00edder que \u00e9 o Bolsonaro. E tamb\u00e9m a gente v\u00ea a quest\u00e3o socialista que tem o vi\u00e9s da candidatura do Haddad, diferente daquilo que a gente entende como sendo algo mais propositivo, mais liberal no \u00e2mbito da economia e da gera\u00e7\u00e3o de riqueza para n\u00f3s, que somos da classe produtiva. Acredito que s\u00e3o esses dois pontos, a quest\u00e3o liberal e a quest\u00e3o mais socialista, se assim pode-se dizer.<\/p>\n<figure id=\"attachment_429068\" class=\"wp-caption alignright\"><img fetchpriority=\"high\" decoding=\"async\" class=\"size-full wp-image-429068 jetpack-lazy-image jetpack-lazy-image--handled\" src=\"https:\/\/www.sul21.com.br\/wp-content\/uploads\/2018\/10\/20181019-simone-leite-federasul-21.jpg\" sizes=\"(max-width: 361px) 100vw, 361px\" srcset=\"https:\/\/www.sul21.com.br\/wp-content\/uploads\/2018\/10\/20181019-simone-leite-federasul-21.jpg 361w, https:\/\/www.sul21.com.br\/wp-content\/uploads\/2018\/10\/20181019-simone-leite-federasul-21-102x150.jpg 102w\" alt=\"\" width=\"361\" height=\"530\" data-lazy-loaded=\"1\" \/><figcaption class=\"wp-caption-text\">Simone Leite | Foto: Divulga\u00e7\u00e3o<\/figcaption><\/figure>\n<p><strong>Fim do 13\u00ba?<\/strong><\/p>\n<p>Eu avalio que \u00e9 uma conquista o 13\u00ba sal\u00e1rio, o que n\u00f3s temos que criar \u00e9 justamente um ambiente empreendedor para que o empres\u00e1rio possa pagar o 13\u00ba sal\u00e1rio para o trabalhador. Isso n\u00e3o est\u00e1 nem em discuss\u00e3o na classe produtiva. O que houve na fala do Mour\u00e3o era justamente ele dizendo que era uma jabuticaba porque s\u00f3 existe no Brasil, mas em nenhum momento n\u00f3s ouvimos nas falas, e at\u00e9 houve o contraponto do pr\u00f3prio candidato \u00e0 presid\u00eancia, Jair Bolsonaro, de que n\u00e3o h\u00e1 nenhuma inten\u00e7\u00e3o em extinguir o 13\u00ba sal\u00e1rio. Isso n\u00e3o est\u00e1 em discuss\u00e3o na sociedade, \u00e9 um direito, uma conquista do trabalhador, e entendemos que \u00e9 um benef\u00edcio inclusive para a economia. O que precisamos \u00e9 gerar um ambiente prop\u00edcio para que tenhamos condi\u00e7\u00f5es de pagar esse 13\u00ba.<\/p>\n<p><strong>Expectativa para o pr\u00f3ximo governador<\/strong><\/p>\n<p>Tanto \u00e0 n\u00edvel nacional, quando \u00e0 n\u00edvel estadual, o que a classe produtiva, os trabalhadores, empreendedores, essa classe que gera riqueza espera \u00e9 que haja um ambiente menos hostil para quem empreende. A gente vive hoje no Brasil uma grande dificuldade, uma inseguran\u00e7a, uma instabilidade. E \u00e9 esse clima que a gente pretende que fique amenizado a partir da elei\u00e7\u00e3o. A n\u00edvel estadual, a gente tem a possibilidade real de fazer uma escolha, os dois candidatos n\u00e3o s\u00e3o opostos, mas t\u00eam projetos definidos para o futuro do Rio Grande do Sul. Para n\u00f3s, da classe produtiva, \u00e9 importante desburocratizar, \u00e9 importante reduzirmos a carga tribut\u00e1ria, \u00e9 importante que n\u00f3s tenhamos seguran\u00e7a jur\u00eddica para empreender, um ambiente que seja mais acolhedor para quem coloca toda o seu patrim\u00f4nio em risco na condi\u00e7\u00e3o de empreendedor.<\/p>\n<p><strong>Piso Regional\u00a0<\/strong><\/p>\n<p>Para n\u00f3s, um ponto importante \u00e9 o piso regional. A gente tem uma grande expectativa de retomada da economia, mas, no ambiente em que n\u00f3s estamos, n\u00e3o podemos onerar mais o empreendedor. O piso regional foi importante no momento em que tinha uma grande disparidade com rela\u00e7\u00e3o ao sal\u00e1rio m\u00ednimo nacional. Hoje, n\u00f3s entendemos que o sal\u00e1rio m\u00ednimo pode sim balizar os trabalhadores do Rio de Janeiro, de Santa Catarina, do Rio Grande do Sul, sem que haja uma perda de competitividade para quem paga o sal\u00e1rio e que se reponha tamb\u00e9m a condi\u00e7\u00e3o de consumo para quem recebe o sal\u00e1rio. Ent\u00e3o, \u00e9 um trabalho conjunto.<\/p>\n<p><strong>Sem divis\u00f5es\u00a0<\/strong><\/p>\n<p>Uma das coisas que a gente busca a n\u00edvel nacional \u00e9 que n\u00e3o haja essa divis\u00e3o entre empres\u00e1rio e trabalhador, entre brancos e negros, ricos e pobres, que esse o momento possa trazer serenidade para que o Brasil volte a crescer, desenvolver, e que a gente tenha mais qualidade de vida. Para n\u00f3s, o principal programa social, de fato, \u00e9 o emprego. Tem que dar dignidade para o trabalhador poder ter mais qualidade de vida.<\/p>\n<p>&nbsp;<\/p>\n<p><span style=\"font-size: 10pt;\"><em>Fonte: <a href=\"https:\/\/www.sul21.com.br\/ultimas-noticias\/politica\/2018\/10\/presidente-da-federasul-defende-bolsonaro-por-estabilidade-e-quer-extincao-do-salario-minimo-regional\/\" target=\"_blank\">Sul21.com.br<\/a><\/em><\/span><\/p>\n","protected":false},"excerpt":{"rendered":"<p>O empresariado ga\u00facho tem o seu candidato \u00e0 presid\u00eancia. Jair Bolsonaro (PSL) \u00e9 o nome que representa a \u201cclasse produtiva\u201d,<\/p>\n","protected":false},"author":1,"featured_media":2082,"comment_status":"closed","ping_status":"open","sticky":false,"template":"","format":"standard","meta":{"colormag_page_container_layout":"default_layout","colormag_page_sidebar_layout":"default_layout","footnotes":""},"categories":[5],"tags":[18],"class_list":["post-2080","post","type-post","status-publish","format-standard","has-post-thumbnail","hentry","category-noticias","tag-destaque"],"_links":{"self":[{"href":"https:\/\/www.secpf.com.br\/site\/wp-json\/wp\/v2\/posts\/2080","targetHints":{"allow":["GET"]}}],"collection":[{"href":"https:\/\/www.secpf.com.br\/site\/wp-json\/wp\/v2\/posts"}],"about":[{"href":"https:\/\/www.secpf.com.br\/site\/wp-json\/wp\/v2\/types\/post"}],"author":[{"embeddable":true,"href":"https:\/\/www.secpf.com.br\/site\/wp-json\/wp\/v2\/users\/1"}],"replies":[{"embeddable":true,"href":"https:\/\/www.secpf.com.br\/site\/wp-json\/wp\/v2\/comments?post=2080"}],"version-history":[{"count":1,"href":"https:\/\/www.secpf.com.br\/site\/wp-json\/wp\/v2\/posts\/2080\/revisions"}],"predecessor-version":[{"id":2083,"href":"https:\/\/www.secpf.com.br\/site\/wp-json\/wp\/v2\/posts\/2080\/revisions\/2083"}],"wp:featuredmedia":[{"embeddable":true,"href":"https:\/\/www.secpf.com.br\/site\/wp-json\/wp\/v2\/media\/2082"}],"wp:attachment":[{"href":"https:\/\/www.secpf.com.br\/site\/wp-json\/wp\/v2\/media?parent=2080"}],"wp:term":[{"taxonomy":"category","embeddable":true,"href":"https:\/\/www.secpf.com.br\/site\/wp-json\/wp\/v2\/categories?post=2080"},{"taxonomy":"post_tag","embeddable":true,"href":"https:\/\/www.secpf.com.br\/site\/wp-json\/wp\/v2\/tags?post=2080"}],"curies":[{"name":"wp","href":"https:\/\/api.w.org\/{rel}","templated":true}]}}